{"id":243232,"date":"2026-05-09T17:15:10","date_gmt":"2026-05-09T17:15:10","guid":{"rendered":"https:\/\/www.europesays.com\/fi\/243232\/"},"modified":"2026-05-09T17:15:10","modified_gmt":"2026-05-09T17:15:10","slug":"suuressa-autokauppapaivassa-jyvaskylassa-nahtiin-harkittuja-hankintoja-mutta-myos-rakkautta-ensisilmayksella-keski-suomi","status":"publish","type":"post","link":"https:\/\/www.europesays.com\/fi\/243232\/","title":{"rendered":"Suuressa autokauppap\u00e4iv\u00e4ss\u00e4 Jyv\u00e4skyl\u00e4ss\u00e4 n\u00e4htiin harkittuja hankintoja, mutta my\u00f6s rakkautta ensisilm\u00e4yksell\u00e4 | Keski-Suomi"},"content":{"rendered":"<p>S\u00e4hk\u00f6autot kiinnostivat monia Suuressa autokauppap\u00e4iv\u00e4ss\u00e4 Jyv\u00e4skyl\u00e4ss\u00e4 lauantaina. <strong>Teemu Elomaalle <\/strong>tosin kelpaisi my\u00f6s uudenaikainen hybridi.<\/p>\n<p>\u2013\u2009S\u00e4hk\u00f6auto kiinnostaa eniten, mutta t\u00e4llainen moderni hybridiauto on my\u00f6s hyv\u00e4 vaihtoehto, Elomaa sanoo.<\/p>\n<p>Uuden auton hankinnassa ei ole h\u00e4tik\u00f6ity. Perheen pitk\u00e4aikaisesta kulkupelist\u00e4 hajosi vuosi sitten vaihdelaatikko, joten k\u00e4yt\u00f6ss\u00e4 on ollut jo pitk\u00e4\u00e4n sijaisauto.<\/p>\n<p>Kuusivuotias <strong>Anton <\/strong>p\u00e4\u00e4si mukaan koeajamaan Dacian Bigster -hybridi\u00e4, jonka takapenkille sopisi my\u00f6s pikkusiskon turvaistuin ja tarvittaessa viel\u00e4 yksi aikuinen keskelle istumaan.<\/p>\n","protected":false},"excerpt":{"rendered":"S\u00e4hk\u00f6autot kiinnostivat monia Suuressa autokauppap\u00e4iv\u00e4ss\u00e4 Jyv\u00e4skyl\u00e4ss\u00e4 lauantaina. Teemu Elomaalle tosin kelpaisi my\u00f6s uudenaikainen hybridi. \u2013\u2009S\u00e4hk\u00f6auto kiinnostaa eniten, mutta&hellip;\n","protected":false},"author":2,"featured_media":243233,"comment_status":"","ping_status":"","sticky":false,"template":"","format":"standard","meta":{"footnotes":"","_share_on_mastodon":"0"},"categories":[76],"tags":[648,79,77,33,31,30,2986,425,121,82,5061,32,78,128],"class_list":["post-243232","post","type-post","status-publish","format-standard","has-post-thumbnail","category-talous","tag-autot","tag-business","tag-economy","tag-fi","tag-finland","tag-finnish","tag-hybridi-ja-sahkoajoneuvo","tag-jyvaskyla","tag-liikenne-ja-kuljetus","tag-moottoriajoneuvot","tag-sahkoauto","tag-suomi","tag-talous","tag-tieliikenne"],"share_on_mastodon":{"url":"https:\/\/pubeurope.com\/@fi\/116545750834358725","error":""},"_links":{"self":[{"href":"https:\/\/www.europesays.com\/fi\/wp-json\/wp\/v2\/posts\/243232","targetHints":{"allow":["GET"]}}],"collection":[{"href":"https:\/\/www.europesays.com\/fi\/wp-json\/wp\/v2\/posts"}],"about":[{"href":"https:\/\/www.europesays.com\/fi\/wp-json\/wp\/v2\/types\/post"}],"author":[{"embeddable":true,"href":"https:\/\/www.europesays.com\/fi\/wp-json\/wp\/v2\/users\/2"}],"replies":[{"embeddable":true,"href":"https:\/\/www.europesays.com\/fi\/wp-json\/wp\/v2\/comments?post=243232"}],"version-history":[{"count":0,"href":"https:\/\/www.europesays.com\/fi\/wp-json\/wp\/v2\/posts\/243232\/revisions"}],"wp:featuredmedia":[{"embeddable":true,"href":"https:\/\/www.europesays.com\/fi\/wp-json\/wp\/v2\/media\/243233"}],"wp:attachment":[{"href":"https:\/\/www.europesays.com\/fi\/wp-json\/wp\/v2\/media?parent=243232"}],"wp:term":[{"taxonomy":"category","embeddable":true,"href":"https:\/\/www.europesays.com\/fi\/wp-json\/wp\/v2\/categories?post=243232"},{"taxonomy":"post_tag","embeddable":true,"href":"https:\/\/www.europesays.com\/fi\/wp-json\/wp\/v2\/tags?post=243232"}],"curies":[{"name":"wp","href":"https:\/\/api.w.org\/{rel}","templated":true}]}}