{"id":24346,"date":"2025-09-03T10:38:08","date_gmt":"2025-09-03T10:38:08","guid":{"rendered":"https:\/\/www.europesays.com\/fi\/24346\/"},"modified":"2025-09-03T10:38:08","modified_gmt":"2025-09-03T10:38:08","slug":"patrik-laineen-ex-tyttoystavalta-uutispommi-olen-shokissa","status":"publish","type":"post","link":"https:\/\/www.europesays.com\/fi\/24346\/","title":{"rendered":"Patrik Laineen ex-tytt\u00f6yst\u00e4v\u00e4lt\u00e4 uutispommi: &#8221;Olen shokissa&#8221;"},"content":{"rendered":"<p>            Matti Matikainen\n        <\/p>\n<p class=\"subtitle \">Sanna-Marin tuore paljastus puhuttaa.<\/p>\n<p class=\"article-content article-content-width !bg-background\">NHL-t\u00e4hti   ex-tytt\u00f6yst\u00e4v\u00e4  on mennyt naimisiin.<\/p>\n<p class=\"font-weight-bold m-font-weight-bold article-content article-content-width !bg-background\">Arkistovideo: Patrik Laine osti miljoonan euron \u00f6kym\u00f6kin<\/p>\n<p class=\"article-content article-content-width !bg-background\">Sanna-Mari paljasti asian julkisella Instagram-tilill\u00e4\u00e4n. Somekuvassa Sanna-Mari n\u00e4hd\u00e4\u00e4n valkoisessa h\u00e4\u00e4puvussa, jossa on kankaiset kukkakoristeet. H\u00e4n pitelee k\u00e4siss\u00e4\u00e4n vaaleaa kukkakimppua.\u00a0<\/p>\n<p class=\"article-content article-content-width !bg-background\">H\u00e4\u00e4kampauksessa hiukset on j\u00e4tetty auki ja muotoiltu pehmeille, suurille laineille, jotka kehyst\u00e4v\u00e4t Sanna-Marin kasvoja kauniisti.\u00a0<\/p>\n<p class=\"article-content article-content-width !bg-background\">Morsiamella on perinteinen, kevyesti laskeutuva huntu.<\/p>\n<p>        <a itemprop=\"url\" href=\"https:\/\/www.seiska.fi\/urheilu\/patrik-laine-poseeraa-mallina-taustalla-uskomaton-tarina\/1872073\" rel=\"nofollow noopener\" target=\"_blank\"><\/p>\n<p>\nUskomaton tarina!\n<\/p>\n<p class=\"section-date\">\n        <strong class=\"article-section\" data-section=\"urheilu\"><br \/>\n            urheilu<br \/>\n        <\/strong><br \/>\n        17.7. 19:30\n    <\/p>\n<p>    Patrik Laine poseeraa mallina &#8211; taustalla uskomaton tarina<\/p>\n<p itemprop=\"description\" class=\"subtitle \">\n    NHL-t\u00e4hti poseerasi mannekiinina hyv\u00e4ss\u00e4 tarkoituksessa.\n<\/p>\n<p>        <\/a><\/p>\n<p class=\"article-content article-content-width !bg-background\">Sanna-Marin h\u00e4\u00e4tyyliss\u00e4 on klassinen ja romanttinen tunnelma. Glamour-tyylinen meikki kruunaa upean h\u00e4\u00e4lookin. Kuva on julkaistu Sanna-Marin Instagram-videotarinoissa.<\/p>\n<p class=\"article-content article-content-width !bg-background\">H\u00e4n ei p\u00e4ivityksess\u00e4\u00e4n paljasta, milloin h\u00e4\u00e4t on pidetty. Lis\u00e4tietoa on kuitenkin saatavilla Sanna-Marin yst\u00e4vien ja h\u00e4nen kampaaja-meikkitaitelijansa Instagram-tileilt\u00e4.<\/p>\n<p class=\"article-content article-content-width !bg-background\">Sanna-Mari on merkitty julkaisuihin joissa kerrotaan, ett\u00e4 h\u00e4it\u00e4 on juhlittu viikonlopun aikana Yhdysvalloissa Frankliniss\u00e4, Tennesseen osavaltiossa.<\/p>\n<p>Upea morsian<\/p>\n<p class=\"article-content article-content-width !bg-background\">Sanna-Marin kampaaja-meikkitaitelijan julkaisemien somekuvien kommenteissa satelee kehuja morsiamelle. Kommentit on kirjoitettu englanniksi.<\/p>\n<p class=\"article-content article-content-width !bg-background\">\u2013 Olen shokissa!<\/p>\n<p class=\"article-content article-content-width !bg-background\">\u2013 Niin upea!<\/p>\n<p class=\"article-content article-content-width !bg-background\">\u2013 En ikin\u00e4 p\u00e4\u00e4se t\u00e4st\u00e4 yli! er\u00e4s somettaja kehuu vapaasti suomennettuna.<\/p>\n<p>        <a itemprop=\"url\" href=\"https:\/\/www.seiska.fi\/urheilu\/patrik-laineen-okyhaista-leviaa-video\/1857608\" rel=\"nofollow noopener\" target=\"_blank\"><\/p>\n<p>\nPatrik Laine\n<\/p>\n<p class=\"section-date\">\n        <strong class=\"article-section\" data-section=\"urheilu\"><br \/>\n            urheilu<br \/>\n        <\/strong><br \/>\n        3.7. 14:57\n    <\/p>\n<p>    Patrik Laineen \u00f6kyh\u00e4ist\u00e4 levi\u00e4\u00e4 video<\/p>\n<p itemprop=\"description\" class=\"subtitle \">\n    Patrik Laineen \u00f6kyh\u00e4ist\u00e4 l\u00f6ytyy nyt kaunis kulissivideo.\n<\/p>\n<p>        <\/a><\/p>\n<p>H\u00e4\u00e4huhut velloivat jo aiemmin<\/p>\n<p class=\"article-content article-content-width !bg-background\">Seiska uutisoi Sanna-Marin uudesta rakkaasta viime vuonna.<\/p>\n<p class=\"article-content article-content-width !bg-background\">H\u00e4n julkaisi maaliskuussa Instagram-tilill\u00e4\u00e4n romantiikkaa tihkuvan yhteiskuvan, jossa h\u00e4n poseeraa rannalla mysteerikomistuksen kanssa.<\/p>\n<p class=\"article-content article-content-width !bg-background\">Yhteiskuva muistutti kovasti h\u00e4\u00e4kuvaa, sill\u00e4 Sanna-Marilla oli\u00a0p\u00e4\u00e4ll\u00e4\u00e4n\u00a0valkoinen pitsimekko, ja h\u00e4nen hiuksensa sek\u00e4 meikkins\u00e4 oli laitettu viimeisen p\u00e4\u00e4lle.<\/p>\n<p class=\"article-content article-content-width !bg-background\">My\u00f6s mysteerimies oli sonnustautunut vaaleaan asuun, beesseihin shortseihin sek\u00e4 valkoiseen t-paitaan.<\/p>\n<p>        <a itemprop=\"url\" href=\"https:\/\/www.seiska.fi\/kotimaa\/meniko-patrik-laineen-ex-tyttoystava-naimisiin\/1292389\" rel=\"nofollow noopener\" target=\"_blank\"><\/p>\n<p class=\"section-date\">\n        <strong class=\"article-section\" data-section=\"kotimaa\"><br \/>\n            kotimaa<br \/>\n        <\/strong><br \/>\n        11.3.2024 15:28\n    <\/p>\n<p>    Menik\u00f6 Patrik Laineen ex-tytt\u00f6yst\u00e4v\u00e4 naimisiin?<\/p>\n<p itemprop=\"description\" class=\"subtitle \">\n    Sanna-Mari poseeraa uuden kumppaninsa rinnalla superromanttisessa kuvassa. Naisella on p\u00e4\u00e4ll\u00e4\u00e4n valkoinen pitsimekko, ja otos muistuttaa kovasti h\u00e4\u00e4kuvaa.\n<\/p>\n<p>        <\/a><\/p>\n<p class=\"article-content article-content-width !bg-background\">Julkaisun tekstiin Sanna-Mari lis\u00e4si ainoastaan \u00e4\u00e4rett\u00f6m\u00e4n symbolin.\u00a0 Ilmeisesti Sanna-Mari halusi alleviivata, ett\u00e4 heid\u00e4n v\u00e4linen rakkautensa on \u00e4\u00e4ret\u00f6n.<\/p>\n<p class=\"article-content article-content-width !bg-background\">Monet naisen yst\u00e4vist\u00e4 onnittelivat pariskuntaa julkaisun kommenteissa. My\u00f6hemmin ilmeni, ett\u00e4 kyse oli mit\u00e4 ilmeisimmin kihlauksesta, sill\u00e4 seuraavissa somekuvissa Sanna-Marin vasenta nimet\u00f6nt\u00e4 koristi n\u00e4ytt\u00e4v\u00e4 kihlasormus.<\/p>\n<p>                <img decoding=\"async\" src=\"https:\/\/www.europesays.com\/fi\/wp-content\/uploads\/2025\/09\/1918993.webp\" width=\"576\" height=\"720\" alt=\"Patrik Laine ja Sanna-Mari Kiukas kuvattuina vuonna 2019.\" loading=\"lazy\" \/>            <\/p>\n<p>\n            Patrik Laine ja Sanna-Mari Kiukas kuvattuina vuonna 2019.<br \/>\n            Matti Matikainen\n        <\/p>\n<p>Shokkiero puhutti<\/p>\n<p class=\"article-content article-content-width !bg-background\">Sanna-Mari on aiemmin seurustellut Patrik Laineen kanssa.<\/p>\n<p class=\"article-content article-content-width !bg-background\">Pariskunta pitiv\u00e4t yht\u00e4 vuodesta 2016 asti. Kun rakkaus roihahti, he olivat vain 18-vuotiaita.<\/p>\n<p class=\"article-content article-content-width !bg-background\">Seiska uutisoi Sanna-Marin ja Patrikin\u00a0ymp\u00e4rill\u00e4 velloneista erohuhuista vuonna 2023.<\/p>\n<p class=\"article-content article-content-width !bg-background\">Patrik teki silloin sosiaalisessa mediassa merkitt\u00e4v\u00e4n muutoksen poistamalla Sanna-Marin nimen Instagram-tilins\u00e4 profiilista.<\/p>\n<p>        <a itemprop=\"url\" href=\"https:\/\/www.seiska.fi\/kotimaa\/shokkiero-mita-tapahtui-patrik-laineen-teini-iassa-alkaneelle-rakkaustarinalle\/107336\" rel=\"nofollow noopener\" target=\"_blank\"><\/p>\n<p class=\"section-date\">\n        <strong class=\"article-section\" data-section=\"kotimaa\"><br \/>\n            kotimaa<br \/>\n        <\/strong><br \/>\n        30.4.2023 13:12\n    <\/p>\n<p>    Shokkiero?! Mit\u00e4 tapahtui Patrik Laineen teini-i\u00e4ss\u00e4 alkaneelle rakkaustarinalle?<\/p>\n<p>        <\/a><\/p>\n<p class=\"article-content article-content-width !bg-background\">Samalla poistuivat my\u00f6s kaikki pariskunnan yhteiskuvat. My\u00f6s Sanna-Mari poisti yhteiskuvat omalta somekanavaltaan.<\/p>\n<p class=\"article-content article-content-width !bg-background\">Patrik ja Sanna-Mari eiv\u00e4t ole koskaan virallisesti vahvistaneet eroaan.<\/p>\n<p class=\"article-content article-content-width !bg-background\">Patrik meni kes\u00e4kuussa naimisiin\u00a0  kanssa. He julkaisivat ensimm\u00e4iset yhteiskuvat somessa vuonna 2023.\u00a0<\/p>\n<p>        <a itemprop=\"url\" href=\"https:\/\/www.seiska.fi\/urheilu\/patrik-laineen-haat-saivat-kansainvalista-huomiota-yksityiskohtia-paljastui\/1855725\" rel=\"nofollow noopener\" target=\"_blank\"><\/p>\n<p>\n\u00d6kyh\u00e4\u00e4t!\n<\/p>\n<p class=\"section-date\">\n        <strong class=\"article-section\" data-section=\"urheilu\"><br \/>\n            urheilu<br \/>\n        <\/strong><br \/>\n        2.7. 12:32\n    <\/p>\n<p>    Patrik Laineen h\u00e4\u00e4t saivat kansainv\u00e4list\u00e4 huomiota \u2013 yksityiskohtia paljastui<\/p>\n<p itemprop=\"description\" class=\"subtitle \">\n    Patrik Laineen ja Jordan Leigh-Laineen h\u00e4ist\u00e4 yksityiskohtaisia tietoja julkkismediassa.\n<\/p>\n<p>        <\/a><\/p>\n<p class=\"article-content article-content-width !bg-background\">Jordan ty\u00f6skentelee mallina, ja h\u00e4n tekee my\u00f6s ty\u00f6t\u00e4 hyvinvointivalmentajana.<\/p>\n","protected":false},"excerpt":{"rendered":"Matti Matikainen Sanna-Marin tuore paljastus puhuttaa. NHL-t\u00e4hti ex-tytt\u00f6yst\u00e4v\u00e4 on mennyt naimisiin. Arkistovideo: Patrik Laine osti miljoonan euron \u00f6kym\u00f6kin&hellip;\n","protected":false},"author":2,"featured_media":24347,"comment_status":"","ping_status":"","sticky":false,"template":"","format":"standard","meta":{"footnotes":""},"categories":[136],"tags":[407,137,7909,7913,33,31,30,1208,408,7912,7910,7914,651,32,109,619,7911],"class_list":{"0":"post-24346","1":"post","2":"type-post","3":"status-publish","4":"format-standard","5":"has-post-thumbnail","7":"category-julkkikset","8":"tag-celebrities","9":"tag-entertainment","10":"tag-ex-rakas","11":"tag-ex-tyttoystava","12":"tag-fi","13":"tag-finland","14":"tag-finnish","15":"tag-haat","16":"tag-julkkikset","17":"tag-naimisiin","18":"tag-patrik-laine","19":"tag-sanna-mari-kiukas","20":"tag-suhteet","21":"tag-suomi","22":"tag-viihde","23":"tag-yhdysvallat","24":"tag-yllatyshaat"},"share_on_mastodon":{"url":"","error":""},"_links":{"self":[{"href":"https:\/\/www.europesays.com\/fi\/wp-json\/wp\/v2\/posts\/24346","targetHints":{"allow":["GET"]}}],"collection":[{"href":"https:\/\/www.europesays.com\/fi\/wp-json\/wp\/v2\/posts"}],"about":[{"href":"https:\/\/www.europesays.com\/fi\/wp-json\/wp\/v2\/types\/post"}],"author":[{"embeddable":true,"href":"https:\/\/www.europesays.com\/fi\/wp-json\/wp\/v2\/users\/2"}],"replies":[{"embeddable":true,"href":"https:\/\/www.europesays.com\/fi\/wp-json\/wp\/v2\/comments?post=24346"}],"version-history":[{"count":0,"href":"https:\/\/www.europesays.com\/fi\/wp-json\/wp\/v2\/posts\/24346\/revisions"}],"wp:featuredmedia":[{"embeddable":true,"href":"https:\/\/www.europesays.com\/fi\/wp-json\/wp\/v2\/media\/24347"}],"wp:attachment":[{"href":"https:\/\/www.europesays.com\/fi\/wp-json\/wp\/v2\/media?parent=24346"}],"wp:term":[{"taxonomy":"category","embeddable":true,"href":"https:\/\/www.europesays.com\/fi\/wp-json\/wp\/v2\/categories?post=24346"},{"taxonomy":"post_tag","embeddable":true,"href":"https:\/\/www.europesays.com\/fi\/wp-json\/wp\/v2\/tags?post=24346"}],"curies":[{"name":"wp","href":"https:\/\/api.w.org\/{rel}","templated":true}]}}