{"id":24354,"date":"2025-09-03T10:46:07","date_gmt":"2025-09-03T10:46:07","guid":{"rendered":"https:\/\/www.europesays.com\/fi\/24354\/"},"modified":"2025-09-03T10:46:07","modified_gmt":"2025-09-03T10:46:07","slug":"tassa-on-hanna-pakarisen-puoliso-katso-harvinainen-video","status":"publish","type":"post","link":"https:\/\/www.europesays.com\/fi\/24354\/","title":{"rendered":"T\u00e4ss\u00e4 on Hanna Pakarisen puoliso \u2013 katso harvinainen video"},"content":{"rendered":"<p>Idols-voittaja ja laulaja <strong>Hanna Pakarinen<\/strong> on naimisissa, mutta h\u00e4nen puolisonsa ei ole julkisuuden henkil\u00f6. Pakarinen ei my\u00f6sk\u00e4\u00e4n ole esitellyt miest\u00e4\u00e4n juuri miss\u00e4\u00e4n. Nyt siihen on tullut poikkeus, koska mies n\u00e4kyy Pakarisen tuoreessa videossa ja on siin\u00e4 viel\u00e4 kaiken p\u00e4\u00e4lle p\u00e4\u00e4osassa. Pari on p\u00e4\u00e4ssyt k\u00e4ym\u00e4\u00e4n yhteisell\u00e4 matkalla, jonka aikana video on kuvattu.<\/p>\n<p>\u2013 8. H\u00e4\u00e4p\u00e4iv\u00e4n kunniaksi pitk\u00e4 viikonloppu Sveitsiss\u00e4. Ollaan jo @risto_n kanssa totuttu siihen, ett\u00e4 n\u00e4it\u00e4 p\u00e4ivi\u00e4 harvoin p\u00e4\u00e4st\u00e4\u00e4n kahdestaan viett\u00e4m\u00e4\u00e4n, kirjoittaa Pakarinen matkasta ja sen syyst\u00e4.<\/p>\n<p>Pari kiersi matkan aikana keikoilla ja automatkat he tekiv\u00e4t avoautolla.<\/p>\n<p>Lue my\u00f6s: <a href=\"https:\/\/www.como.fi\/uutiset\/muistatko-viela-hanna-pakarisen-nyt-han-tekee-yllatyspaluun-hyvalla-asialla\/\" title=\"Muistatko viel\u00e4 Hanna Pakarisen? Nyt h\u00e4n tekee yll\u00e4tyspaluun hyv\u00e4ll\u00e4 asialla\" class=\"underline-custom !font-montserrat !font-bold !underline-offset-4 !decoration-4 !decoration-red-600 !text-md\" rel=\"nofollow noopener\" target=\"_blank\">Muistatko viel\u00e4 Hanna Pakarisen? Nyt h\u00e4n tekee yll\u00e4tyspaluun hyv\u00e4ll\u00e4 asialla<\/a><\/p>\n<p>\u2013 Kiitos\u00a0@hapahaber\u00a0ja koko siun upea crew, ett\u00e4 p\u00e4\u00e4sin vihdoin kokemaan paikanp\u00e4\u00e4ll\u00e4 millaista teid\u00e4n kes\u00e4 on ollu. Hattu nousee p\u00e4\u00e4st\u00e4 miten superammattilaisia ootte kaikki omalla tontillanne. Viel\u00e4 pari keikkaa ja sit kotiin, lukee Pakarisen julkaisun lopussa.<\/p>\n<p>Pari on saanut paljon onnitteluita h\u00e4\u00e4p\u00e4iv\u00e4ns\u00e4 johdosta.<\/p>\n<p>Jos upotus ei n\u00e4y, avaa se auki <a href=\"https:\/\/www.instagram.com\/reel\/DOIUhdGCHvf\/?utm_source=ig_web_copy_link&amp;igsh=MzRlODBiNWFlZA==\" target=\"_blank\" rel=\"noreferrer noopener nofollow\">t\u00e4st\u00e4<\/a>.<\/p>\n<p>T\u00e4m\u00e4 Pakarisen perhe-el\u00e4m\u00e4st\u00e4 tiedet\u00e4\u00e4n<\/p>\n<p>Pakarinen meni naimisiin muusikko <strong>Risto Niinikosken<\/strong> kanssa syyskuussa vuonna 2017. He ehtiv\u00e4t seurustella sit\u00e4 ennen yli 10 vuoden ajan. Heille syntyi poika toukokuussa 2018.<\/p>\n<p>Lue my\u00f6s: <a href=\"https:\/\/www.como.fi\/uutiset\/hanna-pakarinen-tilittaa-valistavetajista-itselle-jaa-luu-kateen\/\" title=\"Hanna Pakarinen tilitt\u00e4\u00e4 v\u00e4list\u00e4vet\u00e4jist\u00e4: \u201dItselle j\u00e4\u00e4 luu k\u00e4teen\u201d\" class=\"underline-custom !font-montserrat !font-bold !underline-offset-4 !decoration-4 !decoration-red-600 !text-md\" rel=\"nofollow noopener\" target=\"_blank\">Hanna Pakarinen tilitt\u00e4\u00e4 v\u00e4list\u00e4vet\u00e4jist\u00e4: \u201dItselle j\u00e4\u00e4 luu k\u00e4teen\u201d<\/a><\/p>\n<p>Perhe asuu Helsingiss\u00e4. Perheeseen kuuluu my\u00f6s mopsi nimelt\u00e4\u00e4n <strong>Siiri<\/strong>. Pakarinen julkaisi elokuun alussa videon, jossa h\u00e4n esittelee kulunutta kes\u00e4\u00e4ns\u00e4. H\u00e4nen poikansa vilahtaa monessa kohtaa videota.<\/p>\n<p>Jos upotus ei n\u00e4y, avaa se auki <a href=\"https:\/\/www.instagram.com\/reel\/DNBLZv1MA3X\/?utm_source=ig_web_copy_link&amp;igsh=MzRlODBiNWFlZA==\" target=\"_blank\" rel=\"noreferrer noopener nofollow\">t\u00e4st\u00e4<\/a>.<\/p>\n<p>Lue my\u00f6s: <a href=\"https:\/\/www.como.fi\/tilaa-comon-uutiskirje\/\" title=\"Tilaa Comon uutiskirje ja tied\u00e4t mist\u00e4 kahvitauolla puhutaan! Nappaa kotimaan tv-vinkit ja puheenaiheet suoraan s\u00e4hk\u00f6postiin t\u00e4st\u00e4.\" class=\"underline-custom !font-montserrat !font-bold !underline-offset-4 !decoration-4 !decoration-red-600 !text-md\" rel=\"nofollow noopener\" target=\"_blank\">Tilaa Comon uutiskirje ja tied\u00e4t mist\u00e4 kahvitauolla puhutaan! Nappaa kotimaan tv-vinkit ja puheenaiheet suoraan s\u00e4hk\u00f6postiin t\u00e4st\u00e4.<\/a><\/p>\n<p>\t\t\t\t<script async src=\"\/\/www.instagram.com\/embed.js\"><\/script><\/p>\n","protected":false},"excerpt":{"rendered":"Idols-voittaja ja laulaja Hanna Pakarinen on naimisissa, mutta h\u00e4nen puolisonsa ei ole julkisuuden henkil\u00f6. Pakarinen ei my\u00f6sk\u00e4\u00e4n ole&hellip;\n","protected":false},"author":2,"featured_media":24355,"comment_status":"","ping_status":"","sticky":false,"template":"","format":"standard","meta":{"footnotes":""},"categories":[130],"tags":[137,33,31,30,7903,32,109],"class_list":{"0":"post-24354","1":"post","2":"type-post","3":"status-publish","4":"format-standard","5":"has-post-thumbnail","7":"category-viihde","8":"tag-entertainment","9":"tag-fi","10":"tag-finland","11":"tag-finnish","12":"tag-hanna-pakarinen","13":"tag-suomi","14":"tag-viihde"},"share_on_mastodon":{"url":"","error":""},"_links":{"self":[{"href":"https:\/\/www.europesays.com\/fi\/wp-json\/wp\/v2\/posts\/24354","targetHints":{"allow":["GET"]}}],"collection":[{"href":"https:\/\/www.europesays.com\/fi\/wp-json\/wp\/v2\/posts"}],"about":[{"href":"https:\/\/www.europesays.com\/fi\/wp-json\/wp\/v2\/types\/post"}],"author":[{"embeddable":true,"href":"https:\/\/www.europesays.com\/fi\/wp-json\/wp\/v2\/users\/2"}],"replies":[{"embeddable":true,"href":"https:\/\/www.europesays.com\/fi\/wp-json\/wp\/v2\/comments?post=24354"}],"version-history":[{"count":0,"href":"https:\/\/www.europesays.com\/fi\/wp-json\/wp\/v2\/posts\/24354\/revisions"}],"wp:featuredmedia":[{"embeddable":true,"href":"https:\/\/www.europesays.com\/fi\/wp-json\/wp\/v2\/media\/24355"}],"wp:attachment":[{"href":"https:\/\/www.europesays.com\/fi\/wp-json\/wp\/v2\/media?parent=24354"}],"wp:term":[{"taxonomy":"category","embeddable":true,"href":"https:\/\/www.europesays.com\/fi\/wp-json\/wp\/v2\/categories?post=24354"},{"taxonomy":"post_tag","embeddable":true,"href":"https:\/\/www.europesays.com\/fi\/wp-json\/wp\/v2\/tags?post=24354"}],"curies":[{"name":"wp","href":"https:\/\/api.w.org\/{rel}","templated":true}]}}