{"id":243707,"date":"2026-05-10T07:04:09","date_gmt":"2026-05-10T07:04:09","guid":{"rendered":"https:\/\/www.europesays.com\/fi\/243707\/"},"modified":"2026-05-10T07:04:09","modified_gmt":"2026-05-10T07:04:09","slug":"uskomaton-nyrkkeilyilta-dubois-nousi-kahdesti-kanveesista-ja-voitti-wbo-tittelin-urheilua-lyhyesti","status":"publish","type":"post","link":"https:\/\/www.europesays.com\/fi\/243707\/","title":{"rendered":"Uskomaton nyrkkeilyilta \u2013 Dubois nousi kahdesti kanveesista ja voitti WBO-tittelin | Urheilua lyhyesti"},"content":{"rendered":"<p class=\"aw-1gybjub aw-5vja16 kEtdKx kmuxyA yle__article__paragraph\">Daniel Dubois&#8217;n dramaattinen nyrkkeilyvoitto on vahva ehdokas vuoden parhaalle comeback-tarinalle.<\/p>\n<p><img decoding=\"async\" alt=\"Daniel Dubois (vas.) ja Fabio Wardley iskiv\u00e4t yhteen Manchesterissa 9.5.2026.  \" src=\"https:\/\/www.europesays.com\/fi\/wp-content\/uploads\/2026\/05\/1778392355.jpeg\" class=\"aw-1l9m598 hKVVvP\"\/><\/p>\n<p>Avaa kuvien katselu<\/p>\n<p>Daniel Dubois (vas.) ja Fabio Wardley iskiv\u00e4t yhteen Manchesterissa 9.5.2026. Dubois on voittanut 22 ottelua 23:sta tyrm\u00e4yksell\u00e4. Kuva: Alamy\/All Over Press<\/p>\n<p class=\"aw-1gybjub aw-1p7kakr kEtdKx cEmitX yle__article__paragraph\"><strong class=\"aw-ak79eh KyCXm yle__article__strong\">Daniel Dubois<\/strong> k\u00e4vi kahdesti kanveesissa mutta pys\u00e4ytti <strong class=\"aw-ak79eh KyCXm yle__article__strong\">Fabio Wardleyn<\/strong> 11. er\u00e4ss\u00e4. H\u00e4n voitti toistamiseen WBO:n raskaan sarjan maailmanmestaruuden.<\/p>\n<p class=\"aw-1gybjub aw-1p7kakr kEtdKx cEmitX yle__article__paragraph\">Kun Dubois putosi kanveesiin alle 10 sekunnissa ensimm\u00e4isess\u00e4 er\u00e4ss\u00e4 ja uudelleen kolmannessa, Manchesterin yleis\u00f6 pid\u00e4tti hengityst\u00e4\u00e4n.<\/p>\n<p class=\"aw-1gybjub aw-1p7kakr kEtdKx cEmitX yle__article__paragraph\">Dubois&#8217;la on ollut maine taistelijana, joka luovuttaa vaikeissa tilanteissa. Sek\u00e4 vastustajat ett\u00e4 fanit ovat ep\u00e4illeet h\u00e4nen sisua, henkist\u00e4 kest\u00e4vyytt\u00e4\u00e4n ja taisteluhenke\u00e4\u00e4n.<\/p>\n<p class=\"aw-1gybjub aw-1p7kakr kEtdKx cEmitX yle__article__paragraph\">Otteluviikolla Wardley pilkkasi Dubois\u2019ta sanomalla, ett\u00e4 jos Dubois ei olisi nyrkkeilij\u00e4, h\u00e4n olisi \u201droskamies\u201d.<\/p>\n<p class=\"aw-1gybjub aw-1p7kakr kEtdKx cEmitX yle__article__paragraph\">Dubois vastasi pilkkaan voittamalla uransa kovimmassa ottelussa. H\u00e4n nousi taistelemaan ja pys\u00e4ytti Wardleyn 11. er\u00e4ss\u00e4 brittien raskaan sarjan klassikko-ottelussa.<\/p>\n<p class=\"aw-1gybjub aw-1p7kakr kEtdKx cEmitX yle__article__paragraph\">Dubois hallitsi ottelun loppueri\u00e4, kunnes erotuomari keskeytti ottelun teknisell\u00e4 tyrm\u00e4yksell\u00e4 ja Wardley koki uransa ensimm\u00e4isen tappion ammattilaisena. Suurin osa 18 000 katsojasta oli tullut seuraamaan Wardleyn voittoputkea.<\/p>\n<p class=\"aw-1gybjub aw-1p7kakr kEtdKx cEmitX yle__article__paragraph\">H\u00e4nest\u00e4 tuli 28-vuotiaana kaksinkertainen mestari nuorempana kuin <strong class=\"aw-ak79eh KyCXm yle__article__strong\">Anthony Joshua<\/strong> tai <strong class=\"aw-ak79eh KyCXm yle__article__strong\">Tyson Fury<\/strong>.<\/p>\n","protected":false},"excerpt":{"rendered":"Daniel Dubois&#8217;n dramaattinen nyrkkeilyvoitto on vahva ehdokas vuoden parhaalle comeback-tarinalle. Avaa kuvien katselu Daniel Dubois (vas.) ja Fabio&hellip;\n","protected":false},"author":2,"featured_media":243708,"comment_status":"","ping_status":"","sticky":false,"template":"","format":"standard","meta":{"footnotes":"","_share_on_mastodon":"0"},"categories":[158],"tags":[34391,33,31,30,4775,3270,18384,159,32,160],"class_list":["post-243707","post","type-post","status-publish","format-standard","has-post-thumbnail","category-urheilu","tag-daniel-dubois","tag-fi","tag-finland","tag-finnish","tag-nyrkkeilijat","tag-nyrkkeily","tag-raskaansarjan-nyrkkeilijat","tag-sports","tag-suomi","tag-urheilu"],"share_on_mastodon":{"url":"https:\/\/pubeurope.com\/@fi\/116549010960820412","error":""},"_links":{"self":[{"href":"https:\/\/www.europesays.com\/fi\/wp-json\/wp\/v2\/posts\/243707","targetHints":{"allow":["GET"]}}],"collection":[{"href":"https:\/\/www.europesays.com\/fi\/wp-json\/wp\/v2\/posts"}],"about":[{"href":"https:\/\/www.europesays.com\/fi\/wp-json\/wp\/v2\/types\/post"}],"author":[{"embeddable":true,"href":"https:\/\/www.europesays.com\/fi\/wp-json\/wp\/v2\/users\/2"}],"replies":[{"embeddable":true,"href":"https:\/\/www.europesays.com\/fi\/wp-json\/wp\/v2\/comments?post=243707"}],"version-history":[{"count":0,"href":"https:\/\/www.europesays.com\/fi\/wp-json\/wp\/v2\/posts\/243707\/revisions"}],"wp:featuredmedia":[{"embeddable":true,"href":"https:\/\/www.europesays.com\/fi\/wp-json\/wp\/v2\/media\/243708"}],"wp:attachment":[{"href":"https:\/\/www.europesays.com\/fi\/wp-json\/wp\/v2\/media?parent=243707"}],"wp:term":[{"taxonomy":"category","embeddable":true,"href":"https:\/\/www.europesays.com\/fi\/wp-json\/wp\/v2\/categories?post=243707"},{"taxonomy":"post_tag","embeddable":true,"href":"https:\/\/www.europesays.com\/fi\/wp-json\/wp\/v2\/tags?post=243707"}],"curies":[{"name":"wp","href":"https:\/\/api.w.org\/{rel}","templated":true}]}}