{"id":24383,"date":"2025-09-03T11:34:11","date_gmt":"2025-09-03T11:34:11","guid":{"rendered":"https:\/\/www.europesays.com\/fi\/24383\/"},"modified":"2025-09-03T11:34:11","modified_gmt":"2025-09-03T11:34:11","slug":"mirella-pohti-ottavansa-yhteytta-presidenttiin","status":"publish","type":"post","link":"https:\/\/www.europesays.com\/fi\/24383\/","title":{"rendered":"Mirella pohti ottavansa yhteytt\u00e4 presidenttiin"},"content":{"rendered":"<p>Mirella kertoo l\u00e4p\u00e4isseens\u00e4 kev\u00e4\u00e4n ylioppilaskirjoitukset.<\/p>\n<p>Laulaja <a class=\"underline\" data-testid=\"internal-link\" role=\"link\" data-sentry-element=\"Link\" data-sentry-component=\"InternalLink\" data-sentry-source-file=\"InternalLink.tsx\" href=\"https:\/\/www.mtvuutiset.fi\/aihe\/mirella\/8898664\" rel=\"nofollow noopener\" target=\"_blank\"><strong class=\"typography-bold\">Mirella<\/strong><\/a> p\u00e4ivitt\u00e4\u00e4 Instagramissa opiskelukuulumisiaan. H\u00e4n kertoo, ett\u00e4 k\u00e4ynniss\u00e4 ovat h\u00e4nen lukiotaipaleensa viimeiset kurssit ja koulup\u00e4iv\u00e4t ennen kuin h\u00e4n saa painaa valkolakin p\u00e4\u00e4h\u00e4ns\u00e4.<\/p>\n<p>\u2013 Kirjoitukset meni siis kev\u00e4\u00e4ll\u00e4 l\u00e4pi, mutta poissaolojen takia j\u00e4i muutama kurssi kesken, enk\u00e4 valmistunut! h\u00e4n kertoo maanantaina julkaisemassaan <a class=\"underline\" data-testid=\"external-link\" href=\"https:\/\/www.instagram.com\/stories\/mirellavirallinen\/3712082702720202626\/\" rel=\"noopener noreferrer nofollow\" target=\"_blank\" data-sentry-component=\"ExternalLink\" data-sentry-source-file=\"ExternalLink.tsx\">Instagram-tarinapostauksessa<\/a>.<\/p>\n<p>Laulaja paljastaa, ett\u00e4 py\u00f6ritteli mieless\u00e4\u00e4n my\u00f6s toisenlaista vaihtoehtoa lukio-opintojen suhteen.<\/p>\n<p>\u2013\u00a0Ensin ajattelin anoa Herra Tasavallan Presidentilt\u00e4 vapautusta lukiosta, mutta ehk\u00e4 m\u00e4 nyt kuitenkin suoriudun t\u00e4st\u00e4 itse&#8230; yrit\u00e4n ainakin, laulaja kertoo julkaisussaan.<\/p>\n<p>Instagram-tarinat ovat katsottavissa 24 tunnin ajan niiden julkaisusta.<\/p>\n<p><img alt=\"1.05174335\" data-testid=\"crops-image\" class=\"h-full w-full object-cover transition duration-700 ease-in-out hover:scale-[1.05]\" fetchpriority=\"low\" loading=\"lazy\" width=\"1024\" height=\"576\" decoding=\"async\" style=\"color:transparent;background-size:cover;background-position:50% 50%;background-repeat:no-repeat;background-image:url(&quot;data:image\/svg+xml;base64,Cjxzdmcgd2lkdGg9IjEwMjQiIGhlaWdodD0iNTc2IiB2ZXJzaW9uPSIxLjEiIHhtbG5zPSJodHRwOi8vd3d3LnczLm9yZy8yMDAwL3N2ZyIgeG1sbnM6eGxpbms9Imh0dHA6Ly93d3cudzMub3JnLzE5OTkveGxpbmsiPgogIDxkZWZzPgogICAgPGxpbmVhckdyYWRpZW50IGlkPSJnIj4KICAgICAgPHN0b3Agc3RvcC1jb2xvcj0iIzBCMTgyMyIgb2Zmc2V0PSIyMCUiIC8+CiAgICAgIDxzdG9wIHN0b3AtY29sb3I9IiMxQTI3MzIiIG9mZnNldD0iNTAlIiAvPgogICAgICA8c3RvcCBzdG9wLWNvbG9yPSIjMEIxODIzIiBvZmZzZXQ9IjcwJSIgLz4KICAgIDwvbGluZWFyR3JhZGllbnQ+CiAgPC9kZWZzPgogIDxyZWN0IHdpZHRoPSIxMDI0IiBoZWlnaHQ9IjU3NiIgZmlsbD0iIzBCMTgyMyIgLz4KICA8cmVjdCBpZD0iciIgd2lkdGg9IjEwMjQiIGhlaWdodD0iNTc2IiBmaWxsPSJ1cmwoI2cpIiAvPgogIDxhbmltYXRlIHhsaW5rOmhyZWY9IiNyIiBhdHRyaWJ1dGVOYW1lPSJ4IiBmcm9tPSItMTAyNCIgdG89IjEwMjQiIGR1cj0iMXMiIHJlcGVhdENvdW50PSJpbmRlZmluaXRlIiAgLz4KPC9zdmc+&quot;)\" src=\"https:\/\/www.europesays.com\/fi\/wp-content\/uploads\/2025\/09\/1756899251_932_image\"\/>Mirella kuvattuna Emma-gaalassa maaliskuussa 2025.All Over Press<\/p>\n<p>Lue my\u00f6s: <a class=\"underline\" data-testid=\"external-link\" href=\"https:\/\/www.mtvuutiset.fi\/artikkeli\/emma-palkittu-mirella-rehellisena-kipuilustaan-julkisuuden-kanssa-ajattelen-etta-miksi-teen-taman-itselleni\/9115862\" rel=\"noopener noreferrer nofollow\" target=\"_blank\" data-sentry-component=\"ExternalLink\" data-sentry-source-file=\"ExternalLink.tsx\">Emma-palkittu Mirella rehellisen\u00e4 kipuilustaan julkisuuden kanssa: &#8221;Ajattelen, ett\u00e4 miksi teen t\u00e4m\u00e4n itselleni?&#8221;<\/a><\/p>\n<p>Mirella julkaisi ensimm\u00e4isen kappaleensa Sua sattuu lokakuussa 2023. Toinen kappale Timanttei ilmestyi tammikuussa 2024, ja sen my\u00f6t\u00e4 laulaja singahti rytin\u00e4ll\u00e4 valtavaan suosioon, joka on vain kasvanut ajan saatossa.\u00a0<\/p>\n<p>Mirella kertoi viime vuoden maaliskuussa <a class=\"underline\" data-testid=\"external-link\" href=\"https:\/\/www.mtvuutiset.fi\/artikkeli\/soittolistat-sensaatiomaisesti-valloittanut-mirella-18-ei-kayta-romanipukua-kertoi-syyn-huomenta-suomessa\/8899486\" rel=\"noopener noreferrer nofollow\" target=\"_blank\" data-sentry-component=\"ExternalLink\" data-sentry-source-file=\"ExternalLink.tsx\">Huomenta Suomen haastattelussa<\/a>, ett\u00e4 yritti artistiel\u00e4m\u00e4n mukanaan tuomien kiireiden keskell\u00e4 pit\u00e4\u00e4 lukio-opintonsa reilassa.<\/p>\n<p>\u2013 Se koulu on v\u00e4h\u00e4n j\u00e4\u00e4nyt kakkoseksi, kolmoseksi tai neloseksi. Harjoittelen viel\u00e4 priorisoimista. Ajattelen, ett\u00e4 nyt kun m\u00e4 p\u00e4\u00e4sen toteuttamaan unelmaani ja mulla ei ole koulusta kiirett\u00e4 pois, niin pyrin keskustelemaan koulussa opettajieni kanssa asioista. Kyll\u00e4 ne ymm\u00e4rt\u00e4\u00e4 ja ovat tosi tsemppaavia, Mirella kertoi tuolloin.<\/p>\n<p>Valtavan m\u00e4\u00e4r\u00e4n vuodessa keikkaileva laulaja on puhunut avoimesti siit\u00e4, ett\u00e4 h\u00e4nen jaksamisensa on ollut toisinaan kiireiden keskell\u00e4 kortilla.<\/p>\n<p>Lue my\u00f6s: <a class=\"underline\" data-testid=\"external-link\" href=\"https:\/\/www.mtvuutiset.fi\/artikkeli\/mirella-keskeytti-festivaalikeikkansa-ja-purskahti-itkuun\/9185222\" rel=\"noopener noreferrer nofollow\" target=\"_blank\" data-sentry-component=\"ExternalLink\" data-sentry-source-file=\"ExternalLink.tsx\">Mirella keskeytti festivaalikeikkansa ja purskahti itkuun<\/a><script async src=\"\/\/www.instagram.com\/embed.js\"><\/script><\/p>\n","protected":false},"excerpt":{"rendered":"Mirella kertoo l\u00e4p\u00e4isseens\u00e4 kev\u00e4\u00e4n ylioppilaskirjoitukset. Laulaja Mirella p\u00e4ivitt\u00e4\u00e4 Instagramissa opiskelukuulumisiaan. H\u00e4n kertoo, ett\u00e4 k\u00e4ynniss\u00e4 ovat h\u00e4nen lukiotaipaleensa viimeiset&hellip;\n","protected":false},"author":2,"featured_media":24384,"comment_status":"","ping_status":"","sticky":false,"template":"","format":"standard","meta":{"footnotes":""},"categories":[132],"tags":[137,33,31,30,195,47,32,109],"class_list":{"0":"post-24383","1":"post","2":"type-post","3":"status-publish","4":"format-standard","5":"has-post-thumbnail","7":"category-musiikki","8":"tag-entertainment","9":"tag-fi","10":"tag-finland","11":"tag-finnish","12":"tag-music","13":"tag-musiikki","14":"tag-suomi","15":"tag-viihde"},"share_on_mastodon":{"url":"","error":""},"_links":{"self":[{"href":"https:\/\/www.europesays.com\/fi\/wp-json\/wp\/v2\/posts\/24383","targetHints":{"allow":["GET"]}}],"collection":[{"href":"https:\/\/www.europesays.com\/fi\/wp-json\/wp\/v2\/posts"}],"about":[{"href":"https:\/\/www.europesays.com\/fi\/wp-json\/wp\/v2\/types\/post"}],"author":[{"embeddable":true,"href":"https:\/\/www.europesays.com\/fi\/wp-json\/wp\/v2\/users\/2"}],"replies":[{"embeddable":true,"href":"https:\/\/www.europesays.com\/fi\/wp-json\/wp\/v2\/comments?post=24383"}],"version-history":[{"count":0,"href":"https:\/\/www.europesays.com\/fi\/wp-json\/wp\/v2\/posts\/24383\/revisions"}],"wp:featuredmedia":[{"embeddable":true,"href":"https:\/\/www.europesays.com\/fi\/wp-json\/wp\/v2\/media\/24384"}],"wp:attachment":[{"href":"https:\/\/www.europesays.com\/fi\/wp-json\/wp\/v2\/media?parent=24383"}],"wp:term":[{"taxonomy":"category","embeddable":true,"href":"https:\/\/www.europesays.com\/fi\/wp-json\/wp\/v2\/categories?post=24383"},{"taxonomy":"post_tag","embeddable":true,"href":"https:\/\/www.europesays.com\/fi\/wp-json\/wp\/v2\/tags?post=24383"}],"curies":[{"name":"wp","href":"https:\/\/api.w.org\/{rel}","templated":true}]}}