{"id":24395,"date":"2025-09-03T11:43:12","date_gmt":"2025-09-03T11:43:12","guid":{"rendered":"https:\/\/www.europesays.com\/fi\/24395\/"},"modified":"2025-09-03T11:43:12","modified_gmt":"2025-09-03T11:43:12","slug":"40-vuotias-nainen-katosi-pieni-koira-repussaan-poliisi-pyytaa-havaintoja-uutissuomalainen","status":"publish","type":"post","link":"https:\/\/www.europesays.com\/fi\/24395\/","title":{"rendered":"40-vuotias nainen katosi pieni koira repussaan \u2013 poliisi pyyt\u00e4\u00e4 havaintoja | Uutissuomalainen"},"content":{"rendered":"<p>Pohjanmaan poliisilaitos pyyt\u00e4\u00e4 havaintoja Kruunupyyss\u00e4 kadonneesta 40-vuotiaasta naisesta, joka on liikkeell\u00e4 Trek-merkkisell\u00e4 punamustalla maastopy\u00f6r\u00e4ll\u00e4.<\/p>\n<p>\t\t<a class=\"diks-gallery__link\" href=\"https:\/\/www.uutissuomalainen.fi\/incoming\/xlpzoo\/74a2b090-35a2-9c8c-01db-638c20c6a627.jpg\/alternates\/FREE_1440\/74a2b090-35a2-9c8c-01db-638c20c6a627.jpg\" data-thumbnail=\"\" data-sub-html=\"Pohjanmaan poliisilaitos\" aria-label=\"Katso isompi kuva\" rel=\"nofollow noopener\" target=\"_blank\"><br \/>\n\t\t\t\t<img class=\"diks-figure__image\" src=\"https:\/\/www.europesays.com\/fi\/wp-content\/uploads\/2025\/09\/74a2b090-35a2-9c8c-01db-638c20c6a627.jpg\" loading=\"lazy\" decoding=\"sync\" alt=\"\"\/><br \/>\n\t\t\t<\/a><br \/>\n\t\t\t\t\tPohjanmaan poliisilaitos<\/p>\n<p>Poliisin tiedotteen mukaan naisella on mukanaan pieni koira, joka luultavasti matkustaa repussa mukana. H\u00e4net on viimeksi n\u00e4hty tiistaina 2. syyskuuta noin kello 16 Boholmintiell\u00e4 Kruunupyyss\u00e4.<\/p>\n<p>\u2013\u2009H\u00e4nell\u00e4 oli yll\u00e4\u00e4n keltainen ty\u00f6takki ja keltaiset ty\u00f6housut sek\u00e4 reppu sel\u00e4ss\u00e4. Kadonnut on noin 157 cm pitk\u00e4, hoikka ja h\u00e4nell\u00e4 on tummat hiukset, poliisin tiedotteessa kerrotaan.<\/p>\n<p>Poliisin tiedotteessa arvioidaan, ett\u00e4 nainen voi liikkua mahdollisesti my\u00f6s Pietarsaaren tai Kokkolan alueella.<\/p>\n<p>Poliisi pyyt\u00e4\u00e4 ilmoittamaan havainnoista s\u00e4hk\u00f6postitse osoitteeseen: vihjeet.pohjanmaa@poliisi.fi.<\/p>\n","protected":false},"excerpt":{"rendered":"Pohjanmaan poliisilaitos pyyt\u00e4\u00e4 havaintoja Kruunupyyss\u00e4 kadonneesta 40-vuotiaasta naisesta, joka on liikkeell\u00e4 Trek-merkkisell\u00e4 punamustalla maastopy\u00f6r\u00e4ll\u00e4. Pohjanmaan poliisilaitos Poliisin tiedotteen&hellip;\n","protected":false},"author":2,"featured_media":24396,"comment_status":"","ping_status":"","sticky":false,"template":"","format":"standard","meta":{"footnotes":""},"categories":[12],"tags":[22,23,2110,26,27,33,31,30,17,6422,991,55,24,25,28,29,15,18,21,122,7918,52,32,19,20,16],"class_list":{"0":"post-24395","1":"post","2":"type-post","3":"status-publish","4":"format-standard","5":"has-post-thumbnail","7":"category-suomi","8":"tag-breaking-news","9":"tag-breakingnews","10":"tag-elamantapa-ja-vapaa-aika","11":"tag-featured-news","12":"tag-featurednews","13":"tag-fi","14":"tag-finland","15":"tag-finnish","16":"tag-headlines","17":"tag-hiukset","18":"tag-kokkola","19":"tag-lainvalvonta","20":"tag-latest-news","21":"tag-latestnews","22":"tag-main-news","23":"tag-mainnews","24":"tag-news","25":"tag-otsikot","26":"tag-paauutiset","27":"tag-pelastaminen","28":"tag-pietarsaaren-seutukunta","29":"tag-poliisi","30":"tag-suomi","31":"tag-top-stories","32":"tag-topstories","33":"tag-uutiset"},"share_on_mastodon":{"url":"","error":""},"_links":{"self":[{"href":"https:\/\/www.europesays.com\/fi\/wp-json\/wp\/v2\/posts\/24395","targetHints":{"allow":["GET"]}}],"collection":[{"href":"https:\/\/www.europesays.com\/fi\/wp-json\/wp\/v2\/posts"}],"about":[{"href":"https:\/\/www.europesays.com\/fi\/wp-json\/wp\/v2\/types\/post"}],"author":[{"embeddable":true,"href":"https:\/\/www.europesays.com\/fi\/wp-json\/wp\/v2\/users\/2"}],"replies":[{"embeddable":true,"href":"https:\/\/www.europesays.com\/fi\/wp-json\/wp\/v2\/comments?post=24395"}],"version-history":[{"count":0,"href":"https:\/\/www.europesays.com\/fi\/wp-json\/wp\/v2\/posts\/24395\/revisions"}],"wp:featuredmedia":[{"embeddable":true,"href":"https:\/\/www.europesays.com\/fi\/wp-json\/wp\/v2\/media\/24396"}],"wp:attachment":[{"href":"https:\/\/www.europesays.com\/fi\/wp-json\/wp\/v2\/media?parent=24395"}],"wp:term":[{"taxonomy":"category","embeddable":true,"href":"https:\/\/www.europesays.com\/fi\/wp-json\/wp\/v2\/categories?post=24395"},{"taxonomy":"post_tag","embeddable":true,"href":"https:\/\/www.europesays.com\/fi\/wp-json\/wp\/v2\/tags?post=24395"}],"curies":[{"name":"wp","href":"https:\/\/api.w.org\/{rel}","templated":true}]}}