{"id":24411,"date":"2025-09-03T12:09:09","date_gmt":"2025-09-03T12:09:09","guid":{"rendered":"https:\/\/www.europesays.com\/fi\/24411\/"},"modified":"2025-09-03T12:09:09","modified_gmt":"2025-09-03T12:09:09","slug":"a23a-oli-lahes-40-vuotta-maailman-suurin-jaavuori-nyt-se-sulaa-ja-katoaa-parissa-viikossa-ulkomaat","status":"publish","type":"post","link":"https:\/\/www.europesays.com\/fi\/24411\/","title":{"rendered":"A23a oli l\u00e4hes 40 vuotta maailman suurin j\u00e4\u00e4vuori \u2013 nyt se sulaa ja katoaa parissa viikossa | Ulkomaat"},"content":{"rendered":"<p class=\"sc-jYczwO sc-dNFkOE frIBdZ edVjwg yle__article__paragraph\">A23a-niminen j\u00e4\u00e4vuori on viime kuukaudet liikkunut nopeasti Etel\u00e4mantereelta kohti l\u00e4mpim\u00e4mpi\u00e4 vesi\u00e4.<\/p>\n<p><img decoding=\"async\" alt=\"Pitk\u00e4 j\u00e4\u00e4lautta merell\u00e4. Vene kelluu j\u00e4\u00e4lautan vierell\u00e4.\" src=\"https:\/\/www.europesays.com\/fi\/wp-content\/uploads\/2025\/09\/39-141060867920368aacc8.jpeg\" class=\"sc-dntSTA iywpZY\"\/><\/p>\n<p>Avaa kuvien katselu<\/p>\n<p>Kuvassa on maailman suurin j\u00e4\u00e4vuori A23a vuonna 2024, kun se oli jo l\u00e4htenyt ajelehtimaan. Kuva: Jean-Felix Fayolle \/ AOP<\/p>\n<p class=\"sc-jYczwO sc-ciCoXh frIBdZ cPdSqu yle__article__paragraph\">Maailman suurin j\u00e4\u00e4vuori saattaa nyt kadota viikoissa.<\/p>\n<p class=\"sc-jYczwO sc-ciCoXh frIBdZ cPdSqu yle__article__paragraph\">A23a-niminen j\u00e4\u00e4vuori on nyt en\u00e4\u00e4 alle puolet alkuper\u00e4isest\u00e4 koostaan, mutta se peitt\u00e4isi silti Helsingist\u00e4 Riihim\u00e4elle ulottuvan alueen.<\/p>\n<p><img decoding=\"async\" alt=\"Kartta, jossa on keltaisella merkitty alue, jonka j\u00e4\u00e4vuori A23A peitt\u00e4isi Uudenmaan alueella.\" src=\"https:\/\/www.europesays.com\/fi\/wp-content\/uploads\/2025\/09\/39-151666868b81605215ef.jpeg\" loading=\"lazy\" class=\"sc-dntSTA iywpZY\"\/><\/p>\n<p>Avaa kuvien katselu<\/p>\n<p>Vaikka j\u00e4\u00e4vuori on viime kuukausina pienentynyt, se on edelleen vaikuttavan kokoinen. Kuva: Pekka Sipil\u00e4 \/ Yle, Mapcreator, OpenStreetMap<\/p>\n<p class=\"sc-jYczwO sc-ciCoXh frIBdZ cPdSqu yle__article__paragraph\">A23a on viime kuukaudet liikkunut nopeasti kohti pohjoista eli l\u00e4mpim\u00e4mpi\u00e4 vesi\u00e4. T\u00e4m\u00e4 ilmenee EU:n Copernicus-ilmastopalvelun satelliittikuvista, joita uutistoimisto AFP analysoi.<\/p>\n<p class=\"sc-jYczwO sc-ciCoXh frIBdZ cPdSqu yle__article__paragraph\">J\u00e4\u00e4vuoresta on lohjennut valtavia lohkareita, jotka voivat olla vaaraksi laivaliikenteelle.<\/p>\n<p class=\"sc-jYczwO sc-ciCoXh frIBdZ cPdSqu yle__article__paragraph\">Alunperin maailman suurimman j\u00e4\u00e4vuoren pinta-ala on ollut jopa 3\u00a0900 neli\u00f6kilometri\u00e4.<\/p>\n<p class=\"sc-jYczwO sc-ciCoXh frIBdZ cPdSqu yle__article__paragraph\">A23a lohkesi l\u00e4hes 40 vuotta sitten Antarktiksesta. Se j\u00e4i pian sen j\u00e4lkeen kiinni pohjastaan, mutta vuonna 2020 se irtosi ja l\u00e4hti hitaasti ajelehtimaan.<\/p>\n<p class=\"sc-jYczwO sc-ciCoXh frIBdZ cPdSqu yle__article__paragraph\">Satelliittikuvien mukaan j\u00e4\u00e4vuori on viime viikkoina kiihdytt\u00e4nyt vauhtiaan. Se on liikkunut jopa 20 kilometri\u00e4 p\u00e4iv\u00e4ss\u00e4.<\/p>\n<p class=\"sc-jYczwO sc-ciCoXh frIBdZ cPdSqu yle__article__paragraph\">Viime viikkoina se on murentunut nopeasti purjehtiessaan kohti pohjoista, British Antarctic Surveyn merentutkija <strong class=\"sc-eEHciv kkmMDs yle__article__strong\">Andrew Meijers<\/strong> kertoo AFP:lle.<\/p>\n<p class=\"sc-jYczwO sc-ciCoXh frIBdZ cPdSqu yle__article__paragraph\">\u2013 Se on katoamassa. Vesi on aivan liian l\u00e4mmint\u00e4, ett\u00e4 se voisi s\u00e4ily\u00e4, Meijers sanoo.<\/p>\n<p class=\"sc-jYczwO sc-ciCoXh frIBdZ cPdSqu yle__article__paragraph\">Merentutkijan mukaan useimmat j\u00e4\u00e4vuoret eiv\u00e4t selvi\u00e4 n\u00e4in pitk\u00e4lle, mutta nyt onkin kyse maailman suurimmasta j\u00e4\u00e4vuoresta. Muutaman viikon kuluttua se saattaa kuitenkin olla jo kadonnut, tutkija arvioi.<\/p>\n<p class=\"sc-jYczwO sc-ciCoXh frIBdZ cPdSqu yle__article__paragraph\">J\u00e4\u00e4vuorten irtoaminen on luonnollinen prosessi. Tutkijoiden mukaan niiden h\u00e4vi\u00e4misnopeus kuitenkin kasvaa, luultavasti ihmisen aiheuttaman ilmastonmuutoksen vuoksi.<\/p>\n<p class=\"sc-jYczwO sc-ciCoXh frIBdZ cPdSqu yle__article__paragraph\">L\u00e4hde: AFP<\/p>\n","protected":false},"excerpt":{"rendered":"A23a-niminen j\u00e4\u00e4vuori on viime kuukaudet liikkunut nopeasti Etel\u00e4mantereelta kohti l\u00e4mpim\u00e4mpi\u00e4 vesi\u00e4. Avaa kuvien katselu Kuvassa on maailman suurin&hellip;\n","protected":false},"author":2,"featured_media":24412,"comment_status":"","ping_status":"","sticky":false,"template":"","format":"standard","meta":{"footnotes":""},"categories":[12],"tags":[7919,22,23,7922,26,27,33,31,30,17,1776,7921,24,25,72,28,29,7920,15,18,21,32,19,20,56,16],"class_list":{"0":"post-24411","1":"post","2":"type-post","3":"status-publish","4":"format-standard","5":"has-post-thumbnail","7":"category-suomi","8":"tag-antarktis","9":"tag-breaking-news","10":"tag-breakingnews","11":"tag-etelamanner","12":"tag-featured-news","13":"tag-featurednews","14":"tag-fi","15":"tag-finland","16":"tag-finnish","17":"tag-headlines","18":"tag-ilmastonmuutos","19":"tag-jaavuori","20":"tag-latest-news","21":"tag-latestnews","22":"tag-luonto","23":"tag-main-news","24":"tag-mainnews","25":"tag-napa-alueet","26":"tag-news","27":"tag-otsikot","28":"tag-paauutiset","29":"tag-suomi","30":"tag-top-stories","31":"tag-topstories","32":"tag-ulkomaat","33":"tag-uutiset"},"share_on_mastodon":{"url":"","error":""},"_links":{"self":[{"href":"https:\/\/www.europesays.com\/fi\/wp-json\/wp\/v2\/posts\/24411","targetHints":{"allow":["GET"]}}],"collection":[{"href":"https:\/\/www.europesays.com\/fi\/wp-json\/wp\/v2\/posts"}],"about":[{"href":"https:\/\/www.europesays.com\/fi\/wp-json\/wp\/v2\/types\/post"}],"author":[{"embeddable":true,"href":"https:\/\/www.europesays.com\/fi\/wp-json\/wp\/v2\/users\/2"}],"replies":[{"embeddable":true,"href":"https:\/\/www.europesays.com\/fi\/wp-json\/wp\/v2\/comments?post=24411"}],"version-history":[{"count":0,"href":"https:\/\/www.europesays.com\/fi\/wp-json\/wp\/v2\/posts\/24411\/revisions"}],"wp:featuredmedia":[{"embeddable":true,"href":"https:\/\/www.europesays.com\/fi\/wp-json\/wp\/v2\/media\/24412"}],"wp:attachment":[{"href":"https:\/\/www.europesays.com\/fi\/wp-json\/wp\/v2\/media?parent=24411"}],"wp:term":[{"taxonomy":"category","embeddable":true,"href":"https:\/\/www.europesays.com\/fi\/wp-json\/wp\/v2\/categories?post=24411"},{"taxonomy":"post_tag","embeddable":true,"href":"https:\/\/www.europesays.com\/fi\/wp-json\/wp\/v2\/tags?post=24411"}],"curies":[{"name":"wp","href":"https:\/\/api.w.org\/{rel}","templated":true}]}}