{"id":24413,"date":"2025-09-03T12:10:07","date_gmt":"2025-09-03T12:10:07","guid":{"rendered":"https:\/\/www.europesays.com\/fi\/24413\/"},"modified":"2025-09-03T12:10:07","modified_gmt":"2025-09-03T12:10:07","slug":"nenasuihke-voi-estaa-flunssan-ja-koronavirustaudin-uutissuomalainen","status":"publish","type":"post","link":"https:\/\/www.europesays.com\/fi\/24413\/","title":{"rendered":"Nen\u00e4suihke voi est\u00e4\u00e4 flunssan ja koronavirustaudin | Uutissuomalainen"},"content":{"rendered":"<p>Tietyn nen\u00e4suihkeen k\u00e4ytt\u00f6 voi merkitt\u00e4v\u00e4sti pienent\u00e4\u00e4 riski\u00e4 sairastua koronaviruksen aiheuttamaan tautiin sek\u00e4 flunssaan, kertoo tuore <a href=\"https:\/\/jamanetwork.com\/journals\/jamainternalmedicine\/fullarticle\/2838335\" rel=\"nofollow noopener\" target=\"_blank\">saksalaistutkimus<\/a>.<\/p>\n<p>Tutkimuksessa huomattiin, ett\u00e4 atselastiinia sis\u00e4lt\u00e4v\u00e4 nen\u00e4suihke v\u00e4hensi sairastumista sek\u00e4 koronaviruksen aiheuttamaan tautiin ett\u00e4 rinoviruksen aiheuttamiin flunssiin. Rinovirukset ovat yleisimpi\u00e4 lievien hengitystieinfektioiden aiheuttajia.<\/p>\n<p>Tutkimuksessa oli mukana 450 henkil\u00f6\u00e4, joista puolet k\u00e4ytti atselastiininen\u00e4suihketta ja puolet lumel\u00e4\u00e4kett\u00e4. Osallistujat eiv\u00e4t tienneet seurannan aikana, kumpaa he saivat ja heid\u00e4n virusinfektioitaan seurattiin PCR-testein.<\/p>\n<p>Atselastiinisuihketta k\u00e4ytt\u00e4neist\u00e4 2,2 prosenttia sairastui koronaviruksen aiheuttamaan tautiin, kun lumel\u00e4\u00e4kett\u00e4 saaneiden osuus oli yli kolminkertainen: 6,7 prosenttia. Rinoviruksen kohdalla tulos oli samankaltainen, mutta ero ei ollut yht\u00e4 suuri: atselastiinia k\u00e4ytt\u00e4neist\u00e4 sairastui 1,8 prosenttia, lumeryhm\u00e4st\u00e4 6,3.<\/p>\n<p>Tulokset vahvistavat aiemmissa tutkimuksissa saatuja viitteit\u00e4 atselastiinin k\u00e4yt\u00f6n hy\u00f6dyist\u00e4, mutta aihe vaatii viel\u00e4 jatkotutkimusta, koska otos oli pieni.<\/p>\n<p>Astelastiini kuuluu antihistamiineihin ja sit\u00e4 k\u00e4ytet\u00e4\u00e4n hillitsem\u00e4\u00e4n allergisia oireita. <a href=\"https:\/\/fimea.fi\/laakehaut_ja_luettelot\/laakehaku?p_p_id=fi_yja_fimea_med_web_MedSearchPortlet_INSTANCE_fuSYT6VC2ced&amp;p_p_lifecycle=1&amp;p_p_state=normal&amp;p_p_mode=view&amp;_fi_yja_fimea_med_web_MedSearchPortlet_INSTANCE_fuSYT6VC2ced_javax.portlet.action=%2Flaakehaku%2Fsearch&amp;p_auth=R6LIABn1\" rel=\"nofollow noopener\" target=\"_blank\">Fimean l\u00e4\u00e4kehaun<\/a> mukaan Suomessa on myynniss\u00e4 yksi atselastiinia sis\u00e4lt\u00e4v\u00e4 nen\u00e4suihke, jossa on koko kes\u00e4n jatkunut saatavuush\u00e4iri\u00f6. Sen sijaan atselastiinihydrokloridia sis\u00e4lt\u00e4vi\u00e4 nen\u00e4suihkeita on verkkoapteekkien valikoimien mukaan saatavilla.<\/p>\n<p>Tutkimuksesta ja saatavuush\u00e4iri\u00f6st\u00e4 kertoi Suomessa ensimm\u00e4isen\u00e4 <a href=\"https:\/\/www.iltalehti.fi\/flunssa\/a\/72c0bb35-af45-4474-a757-49c7175f5d43?_gl=1%2A14izy2w%2A_ga%2AMTI5MDMwMDE4Ni4xNzMwODIxNTMx%2A_ga_3L539PMN3X%2AczE3NTY4ODk4MTgkbzE2MCRnMSR0MTc1Njg5MTY4MiRqNTkkbDAkaDA.\" rel=\"nofollow noopener\" target=\"_blank\">Iltalehti<\/a>.<\/p>\n","protected":false},"excerpt":{"rendered":"Tietyn nen\u00e4suihkeen k\u00e4ytt\u00f6 voi merkitt\u00e4v\u00e4sti pienent\u00e4\u00e4 riski\u00e4 sairastua koronaviruksen aiheuttamaan tautiin sek\u00e4 flunssaan, kertoo tuore saksalaistutkimus. Tutkimuksessa huomattiin,&hellip;\n","protected":false},"author":2,"featured_media":24414,"comment_status":"","ping_status":"","sticky":false,"template":"","format":"standard","meta":{"footnotes":""},"categories":[5],"tags":[7923,22,23,26,27,33,31,30,6732,17,954,766,24,25,28,29,15,18,21,764,32,767,765,19,20,16,769],"class_list":{"0":"post-24413","1":"post","2":"type-post","3":"status-publish","4":"format-standard","5":"has-post-thumbnail","7":"category-otsikot","8":"tag-antihistamiini","9":"tag-breaking-news","10":"tag-breakingnews","11":"tag-featured-news","12":"tag-featurednews","13":"tag-fi","14":"tag-finland","15":"tag-finnish","16":"tag-flunssa","17":"tag-headlines","18":"tag-hengitystieinfektiot","19":"tag-koronavirus","20":"tag-latest-news","21":"tag-latestnews","22":"tag-main-news","23":"tag-mainnews","24":"tag-news","25":"tag-otsikot","26":"tag-paauutiset","27":"tag-sairaudet","28":"tag-suomi","29":"tag-tartuntataudit","30":"tag-taudit-ja-hairiot","31":"tag-top-stories","32":"tag-topstories","33":"tag-uutiset","34":"tag-virussairaudet"},"share_on_mastodon":{"url":"","error":""},"_links":{"self":[{"href":"https:\/\/www.europesays.com\/fi\/wp-json\/wp\/v2\/posts\/24413","targetHints":{"allow":["GET"]}}],"collection":[{"href":"https:\/\/www.europesays.com\/fi\/wp-json\/wp\/v2\/posts"}],"about":[{"href":"https:\/\/www.europesays.com\/fi\/wp-json\/wp\/v2\/types\/post"}],"author":[{"embeddable":true,"href":"https:\/\/www.europesays.com\/fi\/wp-json\/wp\/v2\/users\/2"}],"replies":[{"embeddable":true,"href":"https:\/\/www.europesays.com\/fi\/wp-json\/wp\/v2\/comments?post=24413"}],"version-history":[{"count":0,"href":"https:\/\/www.europesays.com\/fi\/wp-json\/wp\/v2\/posts\/24413\/revisions"}],"wp:featuredmedia":[{"embeddable":true,"href":"https:\/\/www.europesays.com\/fi\/wp-json\/wp\/v2\/media\/24414"}],"wp:attachment":[{"href":"https:\/\/www.europesays.com\/fi\/wp-json\/wp\/v2\/media?parent=24413"}],"wp:term":[{"taxonomy":"category","embeddable":true,"href":"https:\/\/www.europesays.com\/fi\/wp-json\/wp\/v2\/categories?post=24413"},{"taxonomy":"post_tag","embeddable":true,"href":"https:\/\/www.europesays.com\/fi\/wp-json\/wp\/v2\/tags?post=24413"}],"curies":[{"name":"wp","href":"https:\/\/api.w.org\/{rel}","templated":true}]}}