{"id":24421,"date":"2025-09-03T12:29:08","date_gmt":"2025-09-03T12:29:08","guid":{"rendered":"https:\/\/www.europesays.com\/fi\/24421\/"},"modified":"2025-09-03T12:29:08","modified_gmt":"2025-09-03T12:29:08","slug":"ugandan-tahtijuoksijat-kiplimo-ja-cheptegei-jattavat-mm-kisat-valiin-yleisurheilun-mm-2025","status":"publish","type":"post","link":"https:\/\/www.europesays.com\/fi\/24421\/","title":{"rendered":"Ugandan t\u00e4htijuoksijat Kiplimo ja Cheptegei j\u00e4tt\u00e4v\u00e4t MM-kisat v\u00e4liin | Yleisurheilun MM 2025"},"content":{"rendered":"<p class=\"sc-jYczwO sc-dNFkOE frIBdZ edVjwg yle__article__paragraph\">Jacob Kiplimoa ja Joshua Cheptegeit\u00e4 ei n\u00e4hd\u00e4 ensi viikolla alkavissa yleisurheilun MM-kilpailuissa.<\/p>\n<p><img decoding=\"async\" alt=\"Joshua Cheptegei juoksi MM-kultaan Oregonissa. \" src=\"https:\/\/www.europesays.com\/fi\/wp-content\/uploads\/2025\/09\/39-98316762d4784d09c87.jpeg\" class=\"sc-dntSTA iywpZY\"\/><\/p>\n<p>Avaa kuvien katselu<\/p>\n<p>Joshua Cheptegei juhli MM-kultaa Oregonin 10 000 metrill\u00e4. Kuva: Getty Images<\/p>\n<p class=\"sc-jYczwO sc-ciCoXh frIBdZ cPdSqu yle__article__paragraph\">Yleisurheilun MM-kilpailut n\u00e4hd\u00e4\u00e4n ja kuullaan Ylen kanavilla 13.\u201321. syyskuuta 2025.<\/p>\n<p class=\"sc-jYczwO sc-ciCoXh frIBdZ cPdSqu yle__article__paragraph\">Ugandan yleisurheilujoukkue koki kaksi kovaa takaiskua, sill\u00e4 sek\u00e4 <strong class=\"sc-eEHciv kkmMDs yle__article__strong\">Jacob Kiplimo<\/strong> ett\u00e4 <strong class=\"sc-eEHciv kkmMDs yle__article__strong\">Joshua Cheptegei<\/strong> ilmoittivat j\u00e4tt\u00e4v\u00e4ns\u00e4 Tokion MM-kilpailut v\u00e4liin henkil\u00f6kohtaisista syist\u00e4.<\/p>\n<p class=\"sc-jYczwO sc-ciCoXh frIBdZ cPdSqu yle__article__paragraph\">Kiplimo, 24, on ensimm\u00e4inen henkil\u00f6, joka on pystynyt juoksemaan puolimaratonin alle 57 minuuttiin. H\u00e4n juoksi maailmanenn\u00e4tysaikansa 56 minuuttia 42 sekuntia Barcelonassa t\u00e4n\u00e4 vuonna. Lis\u00e4ksi h\u00e4n on saavuttanut 10 000 metrill\u00e4 kaksi arvokisamitalia: pronssia Tokion olympialaisista ja pronssia Oregonin MM-kisoissa.<\/p>\n<p class=\"sc-jYczwO sc-ciCoXh frIBdZ cPdSqu yle__article__paragraph\">Cheptegei, 28, voitti Tokion olympialaisissa 5 000 metrin ja Pariisin olympialaisissa 10 000 metrin kullan. T\u00e4m\u00e4n lis\u00e4ksi h\u00e4n on voittanut 10 000 metrin maailmanmestaruuden kolme kertaa, viimeksi Budapestissa 2023. Maaliskuun Tokion maratonilla h\u00e4n kuitenkin sijoittui vasta yhdeks\u00e4nneksi.<\/p>\n<p class=\"sc-jYczwO sc-ciCoXh frIBdZ cPdSqu yle__article__paragraph\">Ugandan olympiakomitean puheenjohtaja <strong class=\"sc-eEHciv kkmMDs yle__article__strong\">Don Rukare<\/strong> piti poisj\u00e4\u00e4ntej\u00e4 \u201dvalitettavana\u201d.<\/p>\n<p class=\"sc-jYczwO sc-ciCoXh frIBdZ cPdSqu yle__article__paragraph\">\u2013 Kunnioitamme heid\u00e4n aiemmin esitt\u00e4mi\u00e4\u00e4n henkil\u00f6kohtaisia syit\u00e4. Keskustelemme parhaillaan jatkosta, mutta ugandalaisilla ja urheilun yst\u00e4vill\u00e4 ei ole mit\u00e4\u00e4n syyt\u00e4 huolestua, Rukare kertoi AFP:lle.<\/p>\n<p class=\"sc-jYczwO sc-ciCoXh frIBdZ cPdSqu yle__article__paragraph\">Uganda ei ole viel\u00e4 julkaissut luetteloa urheilijoista, jotka osallistuvat MM-kisoihin.<\/p>\n<p class=\"sc-jYczwO sc-ciCoXh frIBdZ cPdSqu yle__article__paragraph\">L\u00e4hde: AFP<\/p>\n","protected":false},"excerpt":{"rendered":"Jacob Kiplimoa ja Joshua Cheptegeit\u00e4 ei n\u00e4hd\u00e4 ensi viikolla alkavissa yleisurheilun MM-kilpailuissa. Avaa kuvien katselu Joshua Cheptegei juhli&hellip;\n","protected":false},"author":2,"featured_media":24422,"comment_status":"","ping_status":"","sticky":false,"template":"","format":"standard","meta":{"footnotes":""},"categories":[158],"tags":[33,31,30,7924,3913,159,32,160,162,2611,2610],"class_list":{"0":"post-24421","1":"post","2":"type-post","3":"status-publish","4":"format-standard","5":"has-post-thumbnail","7":"category-urheilu","8":"tag-fi","9":"tag-finland","10":"tag-finnish","11":"tag-maailmanennatys","12":"tag-puolimaraton","13":"tag-sports","14":"tag-suomi","15":"tag-urheilu","16":"tag-yleisurheilu","17":"tag-yleisurheilun-mm-2025","18":"tag-yleisurheilun-mm-kilpailut"},"share_on_mastodon":{"url":"","error":""},"_links":{"self":[{"href":"https:\/\/www.europesays.com\/fi\/wp-json\/wp\/v2\/posts\/24421","targetHints":{"allow":["GET"]}}],"collection":[{"href":"https:\/\/www.europesays.com\/fi\/wp-json\/wp\/v2\/posts"}],"about":[{"href":"https:\/\/www.europesays.com\/fi\/wp-json\/wp\/v2\/types\/post"}],"author":[{"embeddable":true,"href":"https:\/\/www.europesays.com\/fi\/wp-json\/wp\/v2\/users\/2"}],"replies":[{"embeddable":true,"href":"https:\/\/www.europesays.com\/fi\/wp-json\/wp\/v2\/comments?post=24421"}],"version-history":[{"count":0,"href":"https:\/\/www.europesays.com\/fi\/wp-json\/wp\/v2\/posts\/24421\/revisions"}],"wp:featuredmedia":[{"embeddable":true,"href":"https:\/\/www.europesays.com\/fi\/wp-json\/wp\/v2\/media\/24422"}],"wp:attachment":[{"href":"https:\/\/www.europesays.com\/fi\/wp-json\/wp\/v2\/media?parent=24421"}],"wp:term":[{"taxonomy":"category","embeddable":true,"href":"https:\/\/www.europesays.com\/fi\/wp-json\/wp\/v2\/categories?post=24421"},{"taxonomy":"post_tag","embeddable":true,"href":"https:\/\/www.europesays.com\/fi\/wp-json\/wp\/v2\/tags?post=24421"}],"curies":[{"name":"wp","href":"https:\/\/api.w.org\/{rel}","templated":true}]}}