{"id":244416,"date":"2026-05-11T02:43:09","date_gmt":"2026-05-11T02:43:09","guid":{"rendered":"https:\/\/www.europesays.com\/fi\/244416\/"},"modified":"2026-05-11T02:43:09","modified_gmt":"2026-05-11T02:43:09","slug":"netanjahu-haluan-nollata-yhdysvaltain-taloudellisen-sotilaallisen-tuen-israelille-seuraavien-10-vuoden-aikana-uutisia-lyhyesti","status":"publish","type":"post","link":"https:\/\/www.europesays.com\/fi\/244416\/","title":{"rendered":"Netanjahu: Haluan nollata Yhdysvaltain taloudellisen sotilaallisen tuen Israelille seuraavien 10 vuoden aikana | Uutisia lyhyesti"},"content":{"rendered":"<p class=\"aw-1gybjub aw-5vja16 kEtdKx kmuxyA yle__article__paragraph\">P\u00e4\u00e4ministeri Netanjahun mukaan Israel saa vuosittain Yhdysvalloilta noin 3,8 miljardin dollarin edest\u00e4 sotilaallista apua.<\/p>\n<p class=\"aw-1gybjub aw-1p7kakr kEtdKx cEmitX yle__article__paragraph\">Israelin p\u00e4\u00e4ministeri <strong class=\"aw-ak79eh KyCXm yle__article__strong\">Benjamin Netanjahu<\/strong> toivoo saavansa Israelin pois Yhdysvaltain sotilaallisen tuen piirist\u00e4 seuraavien kymmenen vuoden aikana samalla, kun Israel pyrkii vahvistamaan suhteitaan Persianlahden maihin. Netanjahu kertoi n\u00e4kemyksi\u00e4\u00e4n sunnuntaina Yhdysvalloissa esitetyss\u00e4 CBS Newsin 60 Minutes -ohjelman<a class=\"aw-iao6s4 iHOxEa yle__article__link\" href=\"https:\/\/www.cbsnews.com\/news\/netanyahu-us-israel-iran-60-minutes-transcript\/\" role=\"link\" rel=\"nofollow noopener\" target=\"_blank\"> haastattelussa<\/a>.<\/p>\n<p class=\"aw-1gybjub aw-1p7kakr kEtdKx cEmitX yle__article__paragraph\">\u2013 Haluan nollata Yhdysvaltain taloudellisen tuen, meid\u00e4n sotilaallisen yhteisty\u00f6mme taloudellisen osan, h\u00e4n sanoi.<\/p>\n<p class=\"aw-1gybjub aw-1p7kakr kEtdKx cEmitX yle__article__paragraph\">Netanjahun mukaan Israel saa vuosittain Yhdysvalloilta noin 3,8 miljardin dollarin edest\u00e4 sotilaallista apua. Vuosina 2018\u20132028 Yhdysvallat on luvannut Israelille sotilaallista apua yhteens\u00e4 38 miljardin dollarin arvosta.<\/p>\n<p class=\"aw-1gybjub aw-1p7kakr kEtdKx cEmitX yle__article__paragraph\">P\u00e4\u00e4ministeri Netanjahun mukaan nyt on kuitenkin \u201dehdottomasti\u201d oikea aika nollata maiden v\u00e4linen taloudellinen suhde.<\/p>\n<p class=\"aw-1gybjub aw-1p7kakr kEtdKx cEmitX yle__article__paragraph\">\u2013 En halua odottaa seuraavaa kongressia, h\u00e4n sanoi CBS:n haastattelussa.<\/p>\n<p class=\"aw-1gybjub aw-1p7kakr kEtdKx cEmitX yle__article__paragraph\">\u2013 Haluan aloittaa nyt.<\/p>\n<p class=\"aw-1gybjub aw-1p7kakr kEtdKx cEmitX yle__article__paragraph\">Yhdysvaltain kongressissa on pitk\u00e4\u00e4n vallinnut molempien puolueiden yksimielisyys Israelin sotilaallisesta tukemisesta. Sik\u00e4l\u00e4isten lains\u00e4\u00e4t\u00e4jien ja suuren yleis\u00f6n tuki Israelille on kuitenkin v\u00e4hentynyt Gazan sodan syttymisen j\u00e4lkeen.<\/p>\n<p class=\"aw-1gybjub aw-1p7kakr kEtdKx cEmitX yle__article__paragraph\">L\u00e4hde: Reuters<\/p>\n","protected":false},"excerpt":{"rendered":"P\u00e4\u00e4ministeri Netanjahun mukaan Israel saa vuosittain Yhdysvalloilta noin 3,8 miljardin dollarin edest\u00e4 sotilaallista apua. Israelin p\u00e4\u00e4ministeri Benjamin Netanjahu&hellip;\n","protected":false},"author":2,"featured_media":234547,"comment_status":"","ping_status":"","sticky":false,"template":"","format":"standard","meta":{"footnotes":"","_share_on_mastodon":"0"},"categories":[14],"tags":[3068,22,23,26,27,33,31,30,17,993,70,24,25,28,29,15,18,21,32,19,20,56,16,59,60,61,619],"class_list":["post-244416","post","type-post","status-publish","format-standard","has-post-thumbnail","category-ulkomaat","tag-benjamin-netanjahu","tag-breaking-news","tag-breakingnews","tag-featured-news","tag-featurednews","tag-fi","tag-finland","tag-finnish","tag-headlines","tag-israel","tag-kansainvalinen-politiikka","tag-latest-news","tag-latestnews","tag-main-news","tag-mainnews","tag-news","tag-otsikot","tag-paauutiset","tag-suomi","tag-top-stories","tag-topstories","tag-ulkomaat","tag-uutiset","tag-world","tag-world-news","tag-worldnews","tag-yhdysvallat"],"share_on_mastodon":{"url":"https:\/\/pubeurope.com\/@fi\/116553646516180788","error":""},"_links":{"self":[{"href":"https:\/\/www.europesays.com\/fi\/wp-json\/wp\/v2\/posts\/244416","targetHints":{"allow":["GET"]}}],"collection":[{"href":"https:\/\/www.europesays.com\/fi\/wp-json\/wp\/v2\/posts"}],"about":[{"href":"https:\/\/www.europesays.com\/fi\/wp-json\/wp\/v2\/types\/post"}],"author":[{"embeddable":true,"href":"https:\/\/www.europesays.com\/fi\/wp-json\/wp\/v2\/users\/2"}],"replies":[{"embeddable":true,"href":"https:\/\/www.europesays.com\/fi\/wp-json\/wp\/v2\/comments?post=244416"}],"version-history":[{"count":0,"href":"https:\/\/www.europesays.com\/fi\/wp-json\/wp\/v2\/posts\/244416\/revisions"}],"wp:featuredmedia":[{"embeddable":true,"href":"https:\/\/www.europesays.com\/fi\/wp-json\/wp\/v2\/media\/234547"}],"wp:attachment":[{"href":"https:\/\/www.europesays.com\/fi\/wp-json\/wp\/v2\/media?parent=244416"}],"wp:term":[{"taxonomy":"category","embeddable":true,"href":"https:\/\/www.europesays.com\/fi\/wp-json\/wp\/v2\/categories?post=244416"},{"taxonomy":"post_tag","embeddable":true,"href":"https:\/\/www.europesays.com\/fi\/wp-json\/wp\/v2\/tags?post=244416"}],"curies":[{"name":"wp","href":"https:\/\/api.w.org\/{rel}","templated":true}]}}