{"id":24479,"date":"2025-09-03T13:43:10","date_gmt":"2025-09-03T13:43:10","guid":{"rendered":"https:\/\/www.europesays.com\/fi\/24479\/"},"modified":"2025-09-03T13:43:10","modified_gmt":"2025-09-03T13:43:10","slug":"vappu-pimia-kaantyi-kevaalla-ortodoksiksi-pari-asiaa-heratti-huolta","status":"publish","type":"post","link":"https:\/\/www.europesays.com\/fi\/24479\/","title":{"rendered":"Vappu Pimi\u00e4 k\u00e4\u00e4ntyi kev\u00e4\u00e4ll\u00e4 ortodoksiksi \u2013 Pari asiaa her\u00e4tti huolta"},"content":{"rendered":"<p>Vappu Pimi\u00e4 on juontanut Maajussille morsian -ohjelmaa jo yhdeks\u00e4n kauden ajan.<\/p>\n<p class=\"paragraph\"><a href=\"https:\/\/www.iltalehti.fi\/henkilot\/Vappu Pimi\u00e4\" class=\"article-link-person-page\" rel=\"nofollow noopener\" target=\"_blank\">Vappu Pimi\u00e4<\/a> palasi elokuun alkupuolella t\u00f6ihin l\u00e4hes seitsem\u00e4n viikon loman j\u00e4lkeen. Nyt kalenteri n\u00e4ytt\u00e4\u00e4 joulukuuhun asti ty\u00f6nt\u00e4yteiselt\u00e4.<\/p>\n<p class=\"paragraph\">Pitk\u00e4n siivun m\u00f6kill\u00e4\u00e4n perheens\u00e4 kanssa viett\u00e4nyt Pimi\u00e4 on palannut tyytyv\u00e4isen\u00e4 arkeen. H\u00e4n kiteytt\u00e4\u00e4 arkeen palaamisen loman j\u00e4lkeen yhteen ajatukseen: ihminen tarvitsee arkea, jotta lomasta voi nauttia.<\/p>\n<p class=\"paragraph\">\u2013 Kyll\u00e4h\u00e4n lapsetkin alkaa olla toistensa kurkussa kiinni, kun ollaan koko perhe oltu yhdess\u00e4 koko kes\u00e4. Hekin kaipasivat jo omien kavereidenkin luokse. Perhesovunkin kannalta on hyv\u00e4, ett\u00e4 arki alkoi, Pimi\u00e4 nauraa.<\/p>\n<p class=\"paragraph\">Arkeen palaaminen on sujunut hyvin, vaikka lasten harrastuksiin kuljettamiset vaativatkin \u201dlogistista\u201d j\u00e4rjestely\u00e4.<\/p>\n<p class=\"paragraph\">\u2013 Istumme mieheni kanssa kalenterisulkeisiin. Ne ovat tulleet takaisin, ei niit\u00e4 kes\u00e4ll\u00e4 ollut, Pimi\u00e4 nauraa.<\/p>\n<p>Mentorirooli<\/p>\n<p class=\"paragraph\">Pimi\u00e4n \u00e4\u00e4nest\u00e4 v\u00e4littyy tyytyv\u00e4isyys h\u00e4nen arkeensa ja t\u00f6ihins\u00e4. T\u00e4n\u00e4kin syksyn\u00e4 Pimi\u00e4 juontaa suomalaisten rakastamia Tanssii t\u00e4htien kanssa- ja Maajussille morsian -ohjelmia. Molemmista ohjelmista n\u00e4hd\u00e4\u00e4n t\u00e4n\u00e4 syksyn\u00e4 18. kausi.<\/p>\n<p class=\"paragraph\">Silti Pimi\u00e4 osaa selv\u00e4sti my\u00f6s mietti\u00e4 rajojaan ja lopettaa tarvittaessa ajoissa. Syksyn j\u00e4lkeen kalenterista vapautuu merkitt\u00e4v\u00e4 siivu, kun Pimi\u00e4 j\u00e4tt\u00e4\u00e4 TTK:n  vuosien j\u00e4lkeen taakseen. H\u00e4n on juontanut ohjelmaa vuodesta 2009.<\/p>\n<p class=\"paragraph\">Maajussille morsian -ohjelmaakin Pimi\u00e4 juontaa jo yhdeks\u00e4tt\u00e4 kautta, mutta viel\u00e4 jaksaa. Maajussille morsian -ohjelman lehdist\u00f6tilaisuudessa Pimi\u00e4 kertoo olevansa ohjelman osallistujien matkassa paitsi juontajana my\u00f6s muutenkin tukena.<\/p>\n<p class=\"paragraph\">\u2013 Se on ollut minulla vahvasti alusta saakka. Koen, ett\u00e4 juontajana ty\u00f6t\u00e4 tapahtuu paljon my\u00f6s kameroiden toisella puolella, Pimi\u00e4 kuvaa.<\/p>\n<p class=\"paragraph\">Pimi\u00e4n rooli \u201drakkausmentorina\u201d on moninainen. V\u00e4lill\u00e4 h\u00e4n on toiminut terapeuttina tai olkap\u00e4\u00e4n\u00e4, v\u00e4lill\u00e4 osallistujille on saatettu antaa puhuttelujakin.<\/p>\n<p class=\"paragraph\">Pimi\u00e4 my\u00f6nt\u00e4\u00e4, ett\u00e4 matkan varrelle on mahtunut tilanteita, joissa h\u00e4n ehk\u00e4 itse olisi toiminut toisin kuin osallistuja.<\/p>\n<p class=\"paragraph\">\u2013 On ollut sellaisia kertoja, joissa olen pohtinut, ett\u00e4 \u201dmiten tuo tuon valitsi\u201d. Ja sitten se meneekin ihan maaliin, Pimi\u00e4 sanoo.<\/p>\n<p class=\"paragraph\">Pimi\u00e4 kertoo my\u00f6s, ett\u00e4 joskus osallistujalla on saattanut olla esimerkiksi jonkinlaista ep\u00e4varmuutta. T\u00e4ll\u00f6in kuvaukset on saatettu laittaa hetkeksi poikki ja Pimi\u00e4 on l\u00e4htenyt osallistujan kanssa tunnin k\u00e4velylenkille.<\/p>\n<p class=\"paragraph\">\u2013 Sitten on keskusteltu aika paljon asioista ja saatu selvyytt\u00e4. Sellaisia hetki\u00e4 on ollut jonkin verran matkan varrella, Pimi\u00e4 sanoo.<\/p>\n<p class=\"paragraph\">Mentorin rooliin Pimi\u00e4 on ammentanut my\u00f6s omasta parisuhteestaan.<\/p>\n<p class=\"paragraph\">\u2013 Joskus jotkut sanovat, ett\u00e4 \u201dkun se asuu niin kaukana\u201d. Sanon, ett\u00e4 sill\u00e4 ei ole merkityst\u00e4. Kun tapasin mieheni, h\u00e4n asui kymmenentuhannen kilometrin p\u00e4\u00e4ss\u00e4 Los Angelesissa, min\u00e4 asuin Suomessa. Jos ihan oikeasti haluaa, se v\u00e4limatka on paskapuhetta, Pimi\u00e4 lataa.<\/p>\n<p>Uskonto<\/p>\n<p class=\"paragraph\">Pimi\u00e4ll\u00e4 on monta rautaa tulessa ja yksi h\u00e4nen viimeaikaisista projekteistaan on uskontoa ja henkisyytt\u00e4 k\u00e4sittelev\u00e4 Valo Pimi\u00e4ss\u00e4 -podcast.<\/p>\n<p class=\"paragraph\">Kev\u00e4\u00e4ll\u00e4 Pimi\u00e4 teki ison el\u00e4m\u00e4nmuutoksen, kun h\u00e4n k\u00e4\u00e4ntyi ortodoksiksi. Ortodoksisuus on n\u00e4kynyt Pimi\u00e4n perheess\u00e4 jo aiemmin, koska h\u00e4nen miehens\u00e4 ja lapsensa ovat ortodokseja. Pimi\u00e4 itse kuvailee olleensa aiemmin \u201dtapakristitty\u201d, eik\u00e4 uskonto ole h\u00e4nen kotonaan n\u00e4ytellyt isoa roolia.<\/p>\n<p class=\"paragraph\">\u2013 Olemme menneet naimisiin ortodoksisin menoin ja molemmat lapset on kastettu ortodoksisin menoin, niin olen n\u00e4hnyt ortodoksisuutta paljon viimeisen viidentoista vuoden aikana. Se alkoi resonoimaan ja tuntumaan enemm\u00e4n omalta. Perusajatushan on ihan sama kuin kristinuskossa, ei siell\u00e4 isot teesit muutu, Pimi\u00e4 toteaa.<\/p>\n<p class=\"paragraph\">Ortodoksisuuteen liittyy perinteit\u00e4 ja traditioita, joista Pimi\u00e4 pit\u00e4\u00e4 paljon. Silti ortodoksisuuteen liittyy my\u00f6s asioita, jotka Pimi\u00e4\u00e4 mietityttiv\u00e4t. H\u00e4nt\u00e4 on mietitytt\u00e4nyt se, miten ortodoksisuudessa suhtaudutaan v\u00e4hemmist\u00f6jen oikeuksiin ja naispappeuteen.<\/p>\n<p class=\"paragraph\">\u2013 Ne olivat kompastuskiveni, miksi en ole t\u00e4t\u00e4 aikaisemmin tehnyt. Mutta k\u00e4vin niist\u00e4 keskustelua metropoliitta Ambrosiuksen kanssa ja kerroin huolenaiheeni, Pimi\u00e4 avaa.<\/p>\n<p class=\"paragraph\">Pimi\u00e4n ortodoksikummi on h\u00e4nen yst\u00e4v\u00e4ns\u00e4, n\u00e4yttelij\u00e4 <a href=\"https:\/\/www.iltalehti.fi\/henkilot\/Janne Kataja\" class=\"article-link-person-page\" rel=\"nofollow noopener\" target=\"_blank\">Janne Kataja<\/a>. Kataja oli sanonut Pimi\u00e4lle \u201dkompastuskiviin\u201d liittyv\u00e4n ajatuksen.<\/p>\n<p class=\"paragraph\">\u2013 H\u00e4n sanoi, ett\u00e4 kirkkoon on helpompi vaikuttaa sis\u00e4lt\u00e4p\u00e4in kuin ulkoap\u00e4in, Pimi\u00e4 toteaa.<\/p>\n<p class=\"paragraph\">Podcastiinsa Pimi\u00e4 on halunnut kutsua erilailla uskontoon suhtautuvia ihmisi\u00e4.<\/p>\n<p class=\"paragraph\">\u2013 Tavoitteeni on tehd\u00e4 podcastia niin, ett\u00e4 ymm\u00e4rt\u00e4isimme paremmin toisiamme. Minun on vaikea k\u00e4sitt\u00e4\u00e4 sit\u00e4, ett\u00e4 uskontojen takia tapellaan ja soditaan. Minusta se on surullista. Haluan tuoda keskustelua sen ymp\u00e4rille, ett\u00e4 on erilaisia tapoja ajatella ja olla, Pimi\u00e4 sanoo.<\/p>\n<p class=\"paragraph\">Pimi\u00e4 sanoo itse vierastavansa tuputtamista ja ajatusta siit\u00e4, ett\u00e4 olisi \u201dvain yksi oikea\u201d. H\u00e4nen mielest\u00e4\u00e4n on tyls\u00e4\u00e4, jos kaikki ajattelisivat samalla tavalla.<\/p>\n<p class=\"paragraph\">\u2013 Eih\u00e4n t\u00e4st\u00e4 maailmasta tulisi mit\u00e4\u00e4n.<\/p>\n","protected":false},"excerpt":{"rendered":"Vappu Pimi\u00e4 on juontanut Maajussille morsian -ohjelmaa jo yhdeks\u00e4n kauden ajan. Vappu Pimi\u00e4 palasi elokuun alkupuolella t\u00f6ihin l\u00e4hes&hellip;\n","protected":false},"author":2,"featured_media":22035,"comment_status":"","ping_status":"","sticky":false,"template":"","format":"standard","meta":{"footnotes":""},"categories":[133],"tags":[35,153,137,33,31,30,718,1999,32,206,140,139,156,109],"class_list":{"0":"post-24479","1":"post","2":"type-post","3":"status-publish","4":"format-standard","5":"has-post-thumbnail","7":"category-televisiot","8":"tag-24h","9":"tag-audiovisuaalinen-media","10":"tag-entertainment","11":"tag-fi","12":"tag-finland","13":"tag-finnish","14":"tag-nayttamotaide","15":"tag-suomalaiset-tv-ohjelmat","16":"tag-suomi","17":"tag-televisiot","18":"tag-tv-ja-elokuvat","19":"tag-tv-ohjelmat","20":"tag-tv","21":"tag-viihde"},"share_on_mastodon":{"url":"","error":""},"_links":{"self":[{"href":"https:\/\/www.europesays.com\/fi\/wp-json\/wp\/v2\/posts\/24479","targetHints":{"allow":["GET"]}}],"collection":[{"href":"https:\/\/www.europesays.com\/fi\/wp-json\/wp\/v2\/posts"}],"about":[{"href":"https:\/\/www.europesays.com\/fi\/wp-json\/wp\/v2\/types\/post"}],"author":[{"embeddable":true,"href":"https:\/\/www.europesays.com\/fi\/wp-json\/wp\/v2\/users\/2"}],"replies":[{"embeddable":true,"href":"https:\/\/www.europesays.com\/fi\/wp-json\/wp\/v2\/comments?post=24479"}],"version-history":[{"count":0,"href":"https:\/\/www.europesays.com\/fi\/wp-json\/wp\/v2\/posts\/24479\/revisions"}],"wp:featuredmedia":[{"embeddable":true,"href":"https:\/\/www.europesays.com\/fi\/wp-json\/wp\/v2\/media\/22035"}],"wp:attachment":[{"href":"https:\/\/www.europesays.com\/fi\/wp-json\/wp\/v2\/media?parent=24479"}],"wp:term":[{"taxonomy":"category","embeddable":true,"href":"https:\/\/www.europesays.com\/fi\/wp-json\/wp\/v2\/categories?post=24479"},{"taxonomy":"post_tag","embeddable":true,"href":"https:\/\/www.europesays.com\/fi\/wp-json\/wp\/v2\/tags?post=24479"}],"curies":[{"name":"wp","href":"https:\/\/api.w.org\/{rel}","templated":true}]}}