{"id":24502,"date":"2025-09-03T14:09:07","date_gmt":"2025-09-03T14:09:07","guid":{"rendered":"https:\/\/www.europesays.com\/fi\/24502\/"},"modified":"2025-09-03T14:09:07","modified_gmt":"2025-09-03T14:09:07","slug":"imatralainen-arttu-hynna-nahdaan-ensitreffit-alttarilla-ohjelmassa-edellinen-visiitti-tosi-tv-sarjassa-paattyi-salailuun-paikalliset","status":"publish","type":"post","link":"https:\/\/www.europesays.com\/fi\/24502\/","title":{"rendered":"Imatralainen Arttu Hynn\u00e4 n\u00e4hd\u00e4\u00e4n Ensitreffit alttarilla -ohjelmassa\u2009\u2013\u2009Edellinen visiitti tosi-tv -sarjassa p\u00e4\u00e4ttyi salailuun | Paikalliset"},"content":{"rendered":"<p>Arttu Hynn\u00e4 s\u00e4v\u00e4ytti tosi-tv:n katsojia salaamalla lapsensa Maajussille morsian -ohjelmassa.<\/p>\n<p>35-vuotias imatralainen <strong>Arttu Hynn\u00e4<\/strong> on mukana Ensitreffit alttarilla -televisio-ohjelman uudella kaudella. Osallistujat julkistettiin 1. syyskuuta.<\/p>\n<p>Hynn\u00e4 muistetaan h\u00e4nen osallistumisesta Maajussille morsian -ohjelmaan, joka esitettiin syksyll\u00e4 vuonna 2021. Hynn\u00e4 oli tuolloin salannut maajussittarelta, ett\u00e4 h\u00e4nell\u00e4 oli omia lapsia.<\/p>\n<p><strong>Stiinana<\/strong> tunnettu maajussitar oli tuolloin kertonut esittelyvideossaan, ett\u00e4 h\u00e4n ei halua, ett\u00e4 sulhasehdokkaalla olisi entuudestaan lapsia. Asia paljastui vasta ennen parin yhteist\u00e4 treffip\u00e4iv\u00e4\u00e4.<\/p>\n<blockquote class=\"voice-no-read rs_skip diks-blockquote\">\n<p class=\"diks-blockquote__text\">Esittelytekstiss\u00e4 Hynn\u00e4\u00e4 kuvaillaan yst\u00e4v\u00e4lliseksi sek\u00e4 suuresta syd\u00e4mest\u00e4\u00e4n tunnetuksi.<\/p>\n<\/blockquote>\n","protected":false},"excerpt":{"rendered":"Arttu Hynn\u00e4 s\u00e4v\u00e4ytti tosi-tv:n katsojia salaamalla lapsensa Maajussille morsian -ohjelmassa. 35-vuotias imatralainen Arttu Hynn\u00e4 on mukana Ensitreffit alttarilla&hellip;\n","protected":false},"author":2,"featured_media":24503,"comment_status":"","ping_status":"","sticky":false,"template":"","format":"standard","meta":{"footnotes":""},"categories":[133],"tags":[1657,137,33,31,30,1895,32,2166,7939,747,206,6569,139,156,109],"class_list":{"0":"post-24502","1":"post","2":"type-post","3":"status-publish","4":"format-standard","5":"has-post-thumbnail","7":"category-televisiot","8":"tag-ensitreffit-alttarilla","9":"tag-entertainment","10":"tag-fi","11":"tag-finland","12":"tag-finnish","13":"tag-maajussille-morsian","14":"tag-suomi","15":"tag-televisio-ohjelmat","16":"tag-televisiosarja","17":"tag-televisiosarjat","18":"tag-televisiot","19":"tag-tositelevisio","20":"tag-tv-ohjelmat","21":"tag-tv","22":"tag-viihde"},"share_on_mastodon":{"url":"","error":""},"_links":{"self":[{"href":"https:\/\/www.europesays.com\/fi\/wp-json\/wp\/v2\/posts\/24502","targetHints":{"allow":["GET"]}}],"collection":[{"href":"https:\/\/www.europesays.com\/fi\/wp-json\/wp\/v2\/posts"}],"about":[{"href":"https:\/\/www.europesays.com\/fi\/wp-json\/wp\/v2\/types\/post"}],"author":[{"embeddable":true,"href":"https:\/\/www.europesays.com\/fi\/wp-json\/wp\/v2\/users\/2"}],"replies":[{"embeddable":true,"href":"https:\/\/www.europesays.com\/fi\/wp-json\/wp\/v2\/comments?post=24502"}],"version-history":[{"count":0,"href":"https:\/\/www.europesays.com\/fi\/wp-json\/wp\/v2\/posts\/24502\/revisions"}],"wp:featuredmedia":[{"embeddable":true,"href":"https:\/\/www.europesays.com\/fi\/wp-json\/wp\/v2\/media\/24503"}],"wp:attachment":[{"href":"https:\/\/www.europesays.com\/fi\/wp-json\/wp\/v2\/media?parent=24502"}],"wp:term":[{"taxonomy":"category","embeddable":true,"href":"https:\/\/www.europesays.com\/fi\/wp-json\/wp\/v2\/categories?post=24502"},{"taxonomy":"post_tag","embeddable":true,"href":"https:\/\/www.europesays.com\/fi\/wp-json\/wp\/v2\/tags?post=24502"}],"curies":[{"name":"wp","href":"https:\/\/api.w.org\/{rel}","templated":true}]}}