{"id":245196,"date":"2026-05-11T22:18:13","date_gmt":"2026-05-11T22:18:13","guid":{"rendered":"https:\/\/www.europesays.com\/fi\/245196\/"},"modified":"2026-05-11T22:18:13","modified_gmt":"2026-05-11T22:18:13","slug":"nordean-ennuste-ohjauskorko-3-prosenttiin-nelja-nostoa-edessa-talous","status":"publish","type":"post","link":"https:\/\/www.europesays.com\/fi\/245196\/","title":{"rendered":"Nordean ennuste: Ohjauskorko 3 prosenttiin \u2013 nelj\u00e4 nostoa edess\u00e4 | Talous"},"content":{"rendered":"<p class=\"aw-1gybjub aw-5vja16 kEtdKx kmuxyA yle__article__paragraph\">Nordea povaa nelj\u00e4\u00e4 koronnostoa vuoden loppuun menness\u00e4. Sen seurauksena talletuskorko asettuisi 3 prosenttiin.<\/p>\n<p><img decoding=\"async\" alt=\"Kuvassa vertaillaan Euribor 12 kk -viitekoron ja EKP:n ohjauskoron kehityst\u00e4 vuosina 2022\u20132026.\" src=\"https:\/\/www.europesays.com\/fi\/wp-content\/uploads\/2026\/05\/1778506530.jpeg\" class=\"aw-1l9m598 hKVVvP\"\/><\/p>\n<p>Avaa kuvien katselu<\/p>\n<p>Nordea ennustaa EKP:n talletuskoron nousevan kolmeen prosenttiin viel\u00e4 kuluvan vuoden aikana. Kuva: Eetu-Mikko Pietarinen \/ Yle<\/p>\n<p class=\"aw-1gybjub aw-1p7kakr kEtdKx cEmitX yle__article__paragraph\">Nordea povaa nelj\u00e4\u00e4 0,25 prosenttiyksik\u00f6n koronnostoa kuluvalle vuodelle.<\/p>\n<p class=\"aw-1gybjub aw-1p7kakr kEtdKx cEmitX yle__article__paragraph\">Nordean tuoreen ennusteen mukaan EKP:n ohjauskorot nousisivat prosentilla kuluvan vuoden aikana. T\u00e4ll\u00e4 hetkell\u00e4 talletuskorko on 2 prosenttia, perusrahoitusoperaatioiden korko 2,15 prosenttia ja maksuvalmiusluoton korko 2,4 prosenttia.<\/p>\n<p class=\"aw-1gybjub aw-1p7kakr kEtdKx cEmitX yle__article__paragraph\">Tuoreen skenaarion mukaan talletuskorko asettuisi siis kolmeen prosenttiin.<\/p>\n<p class=\"aw-1gybjub aw-1p7kakr kEtdKx cEmitX yle__article__paragraph\">\u2013 Yksi tai kaksi nostoa on enemm\u00e4n hienos\u00e4\u00e4t\u00f6\u00e4, joka nyt ei viel\u00e4 kovin dramaattisesti vaikuta inflaatiokuvaan. Jos EKP kokee tarpeelliseksi muuttaa rahapolitiikkaa, niin silloin ajatuksena on, ett\u00e4 korkoa muutetaan enemm\u00e4n, Nordean p\u00e4\u00e4analyytikko <strong class=\"aw-ak79eh KyCXm yle__article__strong\">Jan von Gerich<\/strong> kertoo.<\/p>\n<p><img decoding=\"async\" alt=\"Nordean p\u00e4\u00e4analyytikko Jan von Gerich katsoo kameraan. H\u00e4nell\u00e4 on yll\u00e4\u00e4n harmaa puku.\" src=\"https:\/\/www.europesays.com\/fi\/wp-content\/uploads\/2026\/05\/1772628192.jpeg\" loading=\"lazy\" class=\"aw-1l9m598 hKVVvP\"\/><\/p>\n<p>Avaa kuvien katselu<\/p>\n<p>Nordean p\u00e4\u00e4analyytikko Jan von Gerich. Kuva: El Bouari Mohamed Sharif  \/ Yle\u201dSuomen talous kaipaisi matalampia korkoja\u201d<\/p>\n<p class=\"aw-1gybjub aw-1p7kakr kEtdKx cEmitX yle__article__paragraph\"><a class=\"aw-iao6s4 iHOxEa yle__article__link\" href=\"https:\/\/yle.fi\/a\/74-20212869\" role=\"link\" rel=\"nofollow noopener\" target=\"_blank\">L\u00e4hi-id\u00e4n sota <\/a>on lis\u00e4nnyt kuluvan kev\u00e4\u00e4n aikana inflaatioriski\u00e4 ja kasvattanut ep\u00e4varmuutta. Euroalueen inflaatio nousi huhtikuussa kolmeen prosenttiin, mik\u00e4 on lis\u00e4nnyt painetta EKP:n tekemille koronnostoille.<\/p>\n<p class=\"aw-1gybjub aw-1p7kakr kEtdKx cEmitX yle__article__paragraph\">EKP:n neuvoston teht\u00e4v\u00e4n\u00e4 on varmistaa, ett\u00e4 inflaatio vakautuu keskipitk\u00e4ll\u00e4 aikav\u00e4lill\u00e4 kahden prosentin tavoitetasoon.<\/p>\n<p class=\"aw-1gybjub aw-1p7kakr kEtdKx cEmitX yle__article__paragraph\">\u2013 EKP:n huolenaihe on, ett\u00e4 hinnat nousevat energian hintojen nousua laajemmin, von Gerich kertoo.<\/p>\n<p class=\"aw-1gybjub aw-1p7kakr kEtdKx cEmitX yle__article__paragraph\">Suomen orastavalle talouskasvulle mahdolliset koronnostot ovat myrkky\u00e4. Suomen bruttokansantuote (bkt) kasvoi <a class=\"aw-iao6s4 iHOxEa yle__article__link\" href=\"https:\/\/yle.fi\/a\/74-20223525\" role=\"link\" rel=\"nofollow noopener\" target=\"_blank\">Tilastokeskuksen ennakkotietojen<\/a> mukaan tammi\u2013maaliskuussa 0,9 prosenttia edellisest\u00e4 nelj\u00e4nneksest\u00e4.<\/p>\n<p class=\"aw-1gybjub aw-1p7kakr kEtdKx cEmitX yle__article__paragraph\">\u2013 On helppo argumentoida, ett\u00e4 Suomen talous kaipaisi euroaluetta matalampia korkoja.<\/p>\n<p>Kotimainen kulutus vahvaa<\/p>\n<p class=\"aw-1gybjub aw-1p7kakr kEtdKx cEmitX yle__article__paragraph\">Nordea julkaisi t\u00e4n\u00e4\u00e4n tiistaina tuoreen talousennusteen. Sen mukaan Suomen BKT:n odotetaan kasvavan kuluvan vuoden aikana prosentilla. Vuodelle 2027 kasvua ennustetaan 1,5 prosenttia.<\/p>\n<p class=\"aw-1gybjub aw-1p7kakr kEtdKx cEmitX yle__article__paragraph\">Kasvun ajureina ovat muun muassa yksityisen kulutuksen, teollisuuden ja investointien k\u00e4\u00e4ntyminen kasvuun. Investointeihin odotetaan kuluvalle vuodelle 5,6 prosentin kasvua.<\/p>\n<p class=\"aw-1gybjub aw-1p7kakr kEtdKx cEmitX yle__article__paragraph\">My\u00f6s rakentamisen synkimm\u00e4t vuodet ovat ennusteen mukaan j\u00e4\u00e4m\u00e4ss\u00e4 taakse datakeskushankkeiden ja infrarakentamisen vet\u00e4m\u00e4n\u00e4.<\/p>\n<p class=\"aw-1gybjub aw-1p7kakr kEtdKx cEmitX yle__article__paragraph\">Positiivinen k\u00e4\u00e4nne taloudessa tulee Nordean ennusteen mukaan heijastumaan my\u00f6s ty\u00f6markkinoille: Ty\u00f6tt\u00f6myysasteen odotetaan laskevan 8,5 prosenttiin ensi vuoden loppuun menness\u00e4. <a class=\"aw-iao6s4 iHOxEa yle__article__link\" href=\"https:\/\/yle.fi\/a\/74-20223567\" role=\"link\" rel=\"nofollow noopener\" target=\"_blank\">Suomen ty\u00f6tt\u00f6myysaste<\/a> oli maaliskuussa Euroopan surkein \u2013 10,5 prosenttia.<\/p>\n","protected":false},"excerpt":{"rendered":"Nordea povaa nelj\u00e4\u00e4 koronnostoa vuoden loppuun menness\u00e4. Sen seurauksena talletuskorko asettuisi 3 prosenttiin. Avaa kuvien katselu Nordea ennustaa&hellip;\n","protected":false},"author":2,"featured_media":245197,"comment_status":"","ping_status":"","sticky":false,"template":"","format":"standard","meta":{"footnotes":"","_share_on_mastodon":"0"},"categories":[76],"tags":[79,77,29447,7519,33,31,30,2458,2459,32,78],"class_list":["post-245196","post","type-post","status-publish","format-standard","has-post-thumbnail","category-talous","tag-business","tag-economy","tag-euribor","tag-euroopan-keskuspankki","tag-fi","tag-finland","tag-finnish","tag-korko","tag-rahapolitiikka","tag-suomi","tag-talous"],"share_on_mastodon":{"url":"https:\/\/pubeurope.com\/@fi\/116558266882665356","error":""},"_links":{"self":[{"href":"https:\/\/www.europesays.com\/fi\/wp-json\/wp\/v2\/posts\/245196","targetHints":{"allow":["GET"]}}],"collection":[{"href":"https:\/\/www.europesays.com\/fi\/wp-json\/wp\/v2\/posts"}],"about":[{"href":"https:\/\/www.europesays.com\/fi\/wp-json\/wp\/v2\/types\/post"}],"author":[{"embeddable":true,"href":"https:\/\/www.europesays.com\/fi\/wp-json\/wp\/v2\/users\/2"}],"replies":[{"embeddable":true,"href":"https:\/\/www.europesays.com\/fi\/wp-json\/wp\/v2\/comments?post=245196"}],"version-history":[{"count":0,"href":"https:\/\/www.europesays.com\/fi\/wp-json\/wp\/v2\/posts\/245196\/revisions"}],"wp:featuredmedia":[{"embeddable":true,"href":"https:\/\/www.europesays.com\/fi\/wp-json\/wp\/v2\/media\/245197"}],"wp:attachment":[{"href":"https:\/\/www.europesays.com\/fi\/wp-json\/wp\/v2\/media?parent=245196"}],"wp:term":[{"taxonomy":"category","embeddable":true,"href":"https:\/\/www.europesays.com\/fi\/wp-json\/wp\/v2\/categories?post=245196"},{"taxonomy":"post_tag","embeddable":true,"href":"https:\/\/www.europesays.com\/fi\/wp-json\/wp\/v2\/tags?post=245196"}],"curies":[{"name":"wp","href":"https:\/\/api.w.org\/{rel}","templated":true}]}}