{"id":245549,"date":"2026-05-12T07:29:16","date_gmt":"2026-05-12T07:29:16","guid":{"rendered":"https:\/\/www.europesays.com\/fi\/245549\/"},"modified":"2026-05-12T07:29:16","modified_gmt":"2026-05-12T07:29:16","slug":"metsastajat-lopettivat-pihoissa-pyorineen-karhun-sonkajarvella-savo","status":"publish","type":"post","link":"https:\/\/www.europesays.com\/fi\/245549\/","title":{"rendered":"Mets\u00e4st\u00e4j\u00e4t lopettivat pihoissa py\u00f6rineen karhun Sonkaj\u00e4rvell\u00e4 | Savo"},"content":{"rendered":"<p>Mets\u00e4st\u00e4j\u00e4t lopettivat karhun Sonkaj\u00e4rvell\u00e4 maanantai-iltana. Karhu ammuttiin poliisin m\u00e4\u00e4r\u00e4yksest\u00e4.<\/p>\n<p>Poliisi m\u00e4\u00e4r\u00e4si karhun lopetettavaksi maananantaina, koska el\u00e4in oli k\u00e4ynyt poliisin mukaan asuintalojen pihoissa useita kertoja.<\/p>\n<p>Karhusta tuli maanantaina kaksi uutta havaintoa, mink\u00e4 j\u00e4lkeen karhua yritettiin karkottaa ampumalla ilmaan ja ajamalla koirilla. Poliisien mukaan karhu j\u00e4i kuitenkin asutuksen l\u00e4heisyyteen.<\/p>\n<p>Poliisin mielest\u00e4 tilanteessa ei ollut en\u00e4\u00e4 lievempi\u00e4 keinoja kuin ampua karhu.<\/p>\n<p>T\u00e4m\u00e4n hetken tiedon mukaan arvioidaan, ett\u00e4 kyseess\u00e4 voi olla sama karhu, jota oli karkotettu aiemmin Kiuruvedell\u00e4 ja Pyh\u00e4j\u00e4rvell\u00e4. Karhua pidet\u00e4\u00e4n mahdollisesti samana el\u00e4imen\u00e4 sen liikkumisen ja siit\u00e4 otettujen kuvien perusteella.<\/p>\n<p>Poliisi m\u00e4\u00e4r\u00e4si karhun ammuttavaksi Pohjois-Savossa edellisen kerran huhtikuun lopulla. Silloin lopetettavaksi p\u00e4\u00e4tyi Pielaveden haja-asutusalueella liikkunut karhu.<\/p>\n<p>\t\t\t\t\t<img class=\"diks-card__image\" src=\"https:\/\/www.europesays.com\/fi\/wp-content\/uploads\/2026\/05\/1778570951_13_9514034.jpg\"   loading=\"lazy\" decoding=\"sync\" alt=\"\"\/><\/p>\n<p>\t\t\t\t\t<img class=\"diks-card__image\" src=\"https:\/\/www.europesays.com\/fi\/wp-content\/uploads\/2026\/05\/11439682.jpg\"   loading=\"lazy\" decoding=\"sync\" alt=\"\"\/><\/p>\n<p>\t\t\t\t\t<img class=\"diks-card__image\" src=\"https:\/\/www.europesays.com\/fi\/wp-content\/uploads\/2026\/05\/10766355.jpg\"   loading=\"lazy\" decoding=\"sync\" alt=\"\"\/><\/p>\n<p>\t\t\t\t\t<img class=\"diks-card__image\" src=\"https:\/\/www.europesays.com\/fi\/wp-content\/uploads\/2026\/05\/1778448675_337_4897500.jpg\"   loading=\"lazy\" decoding=\"sync\" alt=\"\"\/><\/p>\n<p>\t\t\t\t\t<img class=\"diks-card__image\" src=\"https:\/\/www.europesays.com\/fi\/wp-content\/uploads\/2026\/05\/11421271.jpg\"   loading=\"lazy\" decoding=\"sync\" alt=\"\"\/><\/p>\n","protected":false},"excerpt":{"rendered":"Mets\u00e4st\u00e4j\u00e4t lopettivat karhun Sonkaj\u00e4rvell\u00e4 maanantai-iltana. Karhu ammuttiin poliisin m\u00e4\u00e4r\u00e4yksest\u00e4. Poliisi m\u00e4\u00e4r\u00e4si karhun lopetettavaksi maananantaina, koska el\u00e4in oli k\u00e4ynyt&hellip;\n","protected":false},"author":2,"featured_media":245550,"comment_status":"","ping_status":"","sticky":false,"template":"","format":"standard","meta":{"footnotes":"","_share_on_mastodon":"0"},"categories":[5],"tags":[22,23,404,26,27,33,31,30,17,4104,24,25,72,28,29,15,18,21,4947,32,13084,15315,19,20,16],"class_list":["post-245549","post","type-post","status-publish","format-standard","has-post-thumbnail","category-otsikot","tag-breaking-news","tag-breakingnews","tag-elaimet","tag-featured-news","tag-featurednews","tag-fi","tag-finland","tag-finnish","tag-headlines","tag-karhut","tag-latest-news","tag-latestnews","tag-luonto","tag-main-news","tag-mainnews","tag-news","tag-otsikot","tag-paauutiset","tag-sonkajarvi","tag-suomi","tag-suurpedot","tag-suurriistavirka-apu-srva","tag-top-stories","tag-topstories","tag-uutiset"],"share_on_mastodon":{"url":"https:\/\/pubeurope.com\/@fi\/116560433405846415","error":""},"_links":{"self":[{"href":"https:\/\/www.europesays.com\/fi\/wp-json\/wp\/v2\/posts\/245549","targetHints":{"allow":["GET"]}}],"collection":[{"href":"https:\/\/www.europesays.com\/fi\/wp-json\/wp\/v2\/posts"}],"about":[{"href":"https:\/\/www.europesays.com\/fi\/wp-json\/wp\/v2\/types\/post"}],"author":[{"embeddable":true,"href":"https:\/\/www.europesays.com\/fi\/wp-json\/wp\/v2\/users\/2"}],"replies":[{"embeddable":true,"href":"https:\/\/www.europesays.com\/fi\/wp-json\/wp\/v2\/comments?post=245549"}],"version-history":[{"count":0,"href":"https:\/\/www.europesays.com\/fi\/wp-json\/wp\/v2\/posts\/245549\/revisions"}],"wp:featuredmedia":[{"embeddable":true,"href":"https:\/\/www.europesays.com\/fi\/wp-json\/wp\/v2\/media\/245550"}],"wp:attachment":[{"href":"https:\/\/www.europesays.com\/fi\/wp-json\/wp\/v2\/media?parent=245549"}],"wp:term":[{"taxonomy":"category","embeddable":true,"href":"https:\/\/www.europesays.com\/fi\/wp-json\/wp\/v2\/categories?post=245549"},{"taxonomy":"post_tag","embeddable":true,"href":"https:\/\/www.europesays.com\/fi\/wp-json\/wp\/v2\/tags?post=245549"}],"curies":[{"name":"wp","href":"https:\/\/api.w.org\/{rel}","templated":true}]}}