{"id":24572,"date":"2025-09-03T15:35:13","date_gmt":"2025-09-03T15:35:13","guid":{"rendered":"https:\/\/www.europesays.com\/fi\/24572\/"},"modified":"2025-09-03T15:35:13","modified_gmt":"2025-09-03T15:35:13","slug":"tiedatko-miten-suuri-osa-suomessa-myytavista-autoista-liikkuu-sahkolla-luku-saattaa-yllattaa","status":"publish","type":"post","link":"https:\/\/www.europesays.com\/fi\/24572\/","title":{"rendered":"Tied\u00e4tk\u00f6, miten suuri osa Suomessa myyt\u00e4vist\u00e4 autoista liikkuu s\u00e4hk\u00f6ll\u00e4? Luku saattaa yll\u00e4tt\u00e4\u00e4"},"content":{"rendered":"<p>T\u00e4yss\u00e4hk\u00f6autojen ja pistokehybridien osuus ensirekister\u00f6idyist\u00e4 henkil\u00f6autoista on noussut jo l\u00e4hes 56 prosenttiin.<\/p>\n<p><img decoding=\"async\" class=\"image image-show image-preview\" src=\"https:\/\/www.europesays.com\/fi\/wp-content\/uploads\/2025\/09\/76946836783bbf946d78bb5f2b4e8fe07866f83ecf1f40f0e92f0752bba5783c.jpg\" alt=\"\"\/><img decoding=\"async\" class=\"image image-show\" src=\"https:\/\/www.europesays.com\/fi\/wp-content\/uploads\/2025\/09\/1756913713_402_76946836783bbf946d78bb5f2b4e8fe07866f83ecf1f40f0e92f0752bba5783c.jpg\" alt=\"\"\/><\/p>\n<p>K\u00e4ytettyjen kauppa k\u00e4y. Siin\u00e4 miss\u00e4 uusia autoja ostetaan nihke\u00e4sti, myyd\u00e4\u00e4n k\u00e4ytettyj\u00e4 autoja yh\u00e4 enemm\u00e4n. Hamid Zafari etsi autoa Sakan Herttoniemen myym\u00e4l\u00e4st\u00e4 helmikuussa. TIINA SOMERPURO\n<\/p>\n<p class=\"paragraph\">Elokuussa rekister\u00f6itiin 5\u202f262 uutta henkil\u00f6autoa. Vuodentakaiseen elokuuhun verrattuna m\u00e4\u00e4r\u00e4 oli per\u00e4ti 19,7 prosenttia pienempi.<\/p>\n<p class=\"paragraph\">Vaikka uusien autojen kauppa k\u00e4y kaiken kaikkiaan lama-ajan lukemissa, on elokuun pudotus poikkeuksellisen suuri.<\/p>\n<p class=\"paragraph\">Autoalan tiedotuskeskus muistuttaa, ett\u00e4 viime vuoden elokuussa autojen rekister\u00f6intej\u00e4 kertyi tavallista enemm\u00e4n. Syyn\u00e4 siihen oli syyskuussa voimaan tullut yleinen arvonlis\u00e4veron korotus, joten autoja kiirehdittiin kilpiin v\u00e4h\u00e4n alemman alvin aikana.<\/p>\n<p class=\"paragraph\">Tammi-elokuussa uusia henkil\u00f6autoja on rekister\u00f6ity 5,8 prosenttia v\u00e4hemm\u00e4n kuin vuoden 2024 vastaavana aikana.<\/p>\n<p class=\"paragraph\">Positiivisena autoala pit\u00e4\u00e4 s\u00e4hk\u00f6istymisen huomattavan ripe\u00e4\u00e4 etenemist\u00e4.<\/p>\n<p class=\"paragraph\">\u2013\u2009T\u00e4yss\u00e4hk\u00f6autojen ja pistokehybridien osuus ensirekister\u00f6idyist\u00e4 henkil\u00f6autoista on noussut 55,9 prosenttiin koko kuluvan vuoden osalta. My\u00f6s pakettiautoissa ladattavien osuus on kasvussa. Autokannan s\u00e4hk\u00f6istymist\u00e4 vahvistaa muun muassa t\u00e4yss\u00e4hk\u00f6isten ty\u00f6suhdeautojen hankintakannustimen jatkuminen vuosikymmenen loppuun asti,  sanoo toimitusjohtaja <strong>Tero Lausala<\/strong> Autoalan Keskusliitosta tiedotteessa.<\/p>\n<p class=\"paragraph\">Lausala uskoo, ett\u00e4 tuloveron alennukset, alentuneet korot, talouden orastava kasvu ja romutuspalkkio kiritt\u00e4v\u00e4t ensi vuonna yksityist\u00e4 autojen kysynt\u00e4\u00e4.<\/p>\n<p class=\"paragraph\">K\u00e4ytettyjen henkil\u00f6autojen kauppa k\u00e4y vilkkaasti, autoalan mukaan etenkin yksityisten kuluttajien v\u00e4lill\u00e4. Viime vuoteen verrattuna k\u00e4ytettyjen kauppaa on k\u00e4yty hiukan enemm\u00e4n my\u00f6s liikkeiss\u00e4. Kysynt\u00e4\u00e4 on erityisesti edullisista vaihdokeista.<\/p>\n","protected":false},"excerpt":{"rendered":"T\u00e4yss\u00e4hk\u00f6autojen ja pistokehybridien osuus ensirekister\u00f6idyist\u00e4 henkil\u00f6autoista on noussut jo l\u00e4hes 56 prosenttiin. K\u00e4ytettyjen kauppa k\u00e4y. Siin\u00e4 miss\u00e4 uusia&hellip;\n","protected":false},"author":2,"featured_media":24573,"comment_status":"","ping_status":"","sticky":false,"template":"","format":"standard","meta":{"footnotes":""},"categories":[76],"tags":[648,79,77,33,31,30,121,1048,82,32,78,128],"class_list":{"0":"post-24572","1":"post","2":"type-post","3":"status-publish","4":"format-standard","5":"has-post-thumbnail","7":"category-talous","8":"tag-autot","9":"tag-business","10":"tag-economy","11":"tag-fi","12":"tag-finland","13":"tag-finnish","14":"tag-liikenne-ja-kuljetus","15":"tag-maakulkuneuvot","16":"tag-moottoriajoneuvot","17":"tag-suomi","18":"tag-talous","19":"tag-tieliikenne"},"share_on_mastodon":{"url":"","error":""},"_links":{"self":[{"href":"https:\/\/www.europesays.com\/fi\/wp-json\/wp\/v2\/posts\/24572","targetHints":{"allow":["GET"]}}],"collection":[{"href":"https:\/\/www.europesays.com\/fi\/wp-json\/wp\/v2\/posts"}],"about":[{"href":"https:\/\/www.europesays.com\/fi\/wp-json\/wp\/v2\/types\/post"}],"author":[{"embeddable":true,"href":"https:\/\/www.europesays.com\/fi\/wp-json\/wp\/v2\/users\/2"}],"replies":[{"embeddable":true,"href":"https:\/\/www.europesays.com\/fi\/wp-json\/wp\/v2\/comments?post=24572"}],"version-history":[{"count":0,"href":"https:\/\/www.europesays.com\/fi\/wp-json\/wp\/v2\/posts\/24572\/revisions"}],"wp:featuredmedia":[{"embeddable":true,"href":"https:\/\/www.europesays.com\/fi\/wp-json\/wp\/v2\/media\/24573"}],"wp:attachment":[{"href":"https:\/\/www.europesays.com\/fi\/wp-json\/wp\/v2\/media?parent=24572"}],"wp:term":[{"taxonomy":"category","embeddable":true,"href":"https:\/\/www.europesays.com\/fi\/wp-json\/wp\/v2\/categories?post=24572"},{"taxonomy":"post_tag","embeddable":true,"href":"https:\/\/www.europesays.com\/fi\/wp-json\/wp\/v2\/tags?post=24572"}],"curies":[{"name":"wp","href":"https:\/\/api.w.org\/{rel}","templated":true}]}}