{"id":24584,"date":"2025-09-03T15:50:07","date_gmt":"2025-09-03T15:50:07","guid":{"rendered":"https:\/\/www.europesays.com\/fi\/24584\/"},"modified":"2025-09-03T15:50:07","modified_gmt":"2025-09-03T15:50:07","slug":"mikko-silvennoiselta-suorat-sanat-tanssinopettajastaan-joskus-ihan-perseesta","status":"publish","type":"post","link":"https:\/\/www.europesays.com\/fi\/24584\/","title":{"rendered":"Mikko Silvennoiselta suorat sanat tanssinopettajastaan: &#8221;Joskus ihan perseest\u00e4&#8221;"},"content":{"rendered":"<p>\n            20200121, Helsinki. UMK 2020 Finalistit. Kuvassa Mikko Silvennoinen.<br \/>\n            TIMO KORHONEN\n        <\/p>\n<p class=\"subtitle \">TTK-tanssistudiolla k\u00e4y kova kuhina, kun t\u00e4htiparit harjoittelevat tulevaa livel\u00e4hetyst\u00e4 varten.<\/p>\n<p class=\"article-content article-content-width !bg-background\">Tulevana sunnuntaina 7.9. starttaa uusi Tanssii t\u00e4htien kanssa -ohjelman kausi. T\u00e4htiparit harjoittelevat jo kovalla tohinalla tulevaa livel\u00e4hetyst\u00e4 varten.<\/p>\n<p class=\"italic m-italic article-content article-content-width !bg-background\">Video: Mikko Silvennoinen vakuuttui tanssiopettajastaan.\u00a0<\/p>\n<p class=\"article-content article-content-width !bg-background\">Euroviisu-fanien iloksi t\u00e4ll\u00e4 kaudella mukana on toimittajajuontaja .<\/p>\n<p class=\"article-content article-content-width !bg-background\">Vuodesta 2016 saakka Euroviisuja selostanut Mikko antoi faneilleen mahdollisuuden kysy\u00e4\u00a0<a href=\"https:\/\/www.instagram.com\/mikkosi\/\" target=\"_blank\" rel=\"nofollow noopener\">Instagram-tilill\u00e4\u00e4n <\/a>kysymyksi\u00e4 TTK-kisaan liittyen.<\/p>\n<p class=\"article-content article-content-width !bg-background\">Mikko kertoo vastauksissaan, mik\u00e4 on ollut TTK:ssa t\u00e4h\u00e4n asti haastavinta.<\/p>\n<p class=\"article-content article-content-width !bg-background\"> \u2013 Kyll\u00e4 se on ollut mielen hallinta. Luulin, ett\u00e4 se olisi ollut fyysinen, ett\u00e4 kest\u00e4\u00e4k\u00f6 kunto, mutta p\u00e4\u00e4h\u00e4n ei uppoa. Paljon informaatiota ep\u00e4mukavuusalueella, Mikko paljastaa videolla.<\/p>\n<p>        <a itemprop=\"url\" href=\"https:\/\/www.seiska.fi\/katso\/ensimmaisen-ttk-lahetyksen-tanssit-ja-kappaleet-julki\/1914490\" rel=\"nofollow noopener\" target=\"_blank\"><\/p>\n<p>\nTanssii t\u00e4htien kanssa\n<\/p>\n<p class=\"section-date\">\n        <strong class=\"article-section\" data-section=\"katso\"><br \/>\n            katso<br \/>\n        <\/strong><br \/>\n        29.8. 10:16\n    <\/p>\n<p>    Ensimm\u00e4isen TTK-l\u00e4hetyksen tanssit ja kappaleet julki<\/p>\n<p itemprop=\"description\" class=\"subtitle \">\n    Tanssii t\u00e4htien kanssa -ohjelman ensimm\u00e4isess\u00e4 suorassa l\u00e4hetyksess\u00e4 esiintyy Olavi Uusivirta.\n<\/p>\n<p>        <\/a><\/p>\n<p>&#8221;Joskus ihan perseest\u00e4&#8221;<\/p>\n<p class=\"article-content article-content-width !bg-background\">Videoissaan Mikko ylist\u00e4\u00e4 tanssiopettajaansa . Mikko kehuu t\u00e4m\u00e4n pedagogisia taitoja.<\/p>\n<p class=\"article-content article-content-width !bg-background\"> \u2013 Silloin, kun en meinaa oppia, h\u00e4n ei lirkuta ja n\u00e4yttele, ett\u00e4 pit\u00e4isi olla ihkua ja kivaa koko ajan. Joskus saa olla ihan perseest\u00e4! Matti on rehellinen siit\u00e4.<\/p>\n<p class=\"article-content article-content-width !bg-background\">Matti on saanut Mikon oppimaan mit\u00e4 ihmeellisimpi\u00e4 asioita. Jos joku on ollut liian haastavaa yrityksist\u00e4 huolimatta, on koreografiaa muutettu.<\/p>\n<p class=\"article-content article-content-width !bg-background\">Ensimm\u00e4isen livel\u00e4hetyksen biisin valintaan tanssipari k\u00e4ytt\u00e4\u00e4 yll\u00e4tt\u00e4v\u00e4\u00e4 tahoa. Viime viikolla julkistettiin ensimm\u00e4isen l\u00e4hetyksen tanssit ja kappaleet. Mikko ja Matti esitt\u00e4v\u00e4t tangon, Gallo Ciegon\u00a0 Tanghetton.<\/p>\n<p class=\"article-content article-content-width !bg-background\"> \u2013 Me hy\u00f6dynnet\u00e4\u00e4n t\u00e4\u00e4ll\u00e4 teko\u00e4ly\u00e4 ja mietit\u00e4\u00e4n, mik\u00e4 olisi hyv\u00e4 biisi tanssia, Mikko paljastaa.<\/p>\n<p>        <a itemprop=\"url\" href=\"https:\/\/www.seiska.fi\/katso\/ttkssa-dramaattinen-alku-mista-on-kyse\/1912561\" rel=\"nofollow noopener\" target=\"_blank\"><\/p>\n<p>\nTanssii t\u00e4htien kanssa\n<\/p>\n<p class=\"section-date\">\n        <strong class=\"article-section\" data-section=\"katso\"><br \/>\n            katso<br \/>\n        <\/strong><br \/>\n        28.8. 05:15\n    <\/p>\n<p>    TTK:ssa dramaattinen alku \u2013 mist\u00e4 on kyse?<\/p>\n<p itemprop=\"description\" class=\"subtitle \">\n    Muutos tulee vaikuttamaan merkitt\u00e4v\u00e4sti koko TTK-kauteen.\n<\/p>\n<p>        <\/a><\/p>\n<p class=\"italic m-italic article-content article-content-width !bg-background\">Tanssii t\u00e4htien kanssa sunnuntaisin MTV3-kanavalla ja MTV Katsomossa.\u00a0<\/p>\n<p><script async src=\"\/\/www.instagram.com\/embed.js\"><\/script><\/p>\n","protected":false},"excerpt":{"rendered":"20200121, Helsinki. UMK 2020 Finalistit. Kuvassa Mikko Silvennoinen. TIMO KORHONEN TTK-tanssistudiolla k\u00e4y kova kuhina, kun t\u00e4htiparit harjoittelevat tulevaa&hellip;\n","protected":false},"author":2,"featured_media":24585,"comment_status":"","ping_status":"","sticky":false,"template":"","format":"standard","meta":{"footnotes":""},"categories":[136],"tags":[407,137,909,33,31,30,408,7965,1153,908,907,905,32,1355,903,3868,109,2213],"class_list":{"0":"post-24584","1":"post","2":"type-post","3":"status-publish","4":"format-standard","5":"has-post-thumbnail","7":"category-julkkikset","8":"tag-celebrities","9":"tag-entertainment","10":"tag-euroviisut","11":"tag-fi","12":"tag-finland","13":"tag-finnish","14":"tag-julkkikset","15":"tag-live","16":"tag-livelahetys","17":"tag-matti-puro","18":"tag-mikko-silvennoinen","19":"tag-mtv3","20":"tag-suomi","21":"tag-tanssi","22":"tag-tanssii-tahtien-kanssa","23":"tag-tanssija","24":"tag-viihde","25":"tag-viihdeohjelma"},"share_on_mastodon":{"url":"","error":""},"_links":{"self":[{"href":"https:\/\/www.europesays.com\/fi\/wp-json\/wp\/v2\/posts\/24584","targetHints":{"allow":["GET"]}}],"collection":[{"href":"https:\/\/www.europesays.com\/fi\/wp-json\/wp\/v2\/posts"}],"about":[{"href":"https:\/\/www.europesays.com\/fi\/wp-json\/wp\/v2\/types\/post"}],"author":[{"embeddable":true,"href":"https:\/\/www.europesays.com\/fi\/wp-json\/wp\/v2\/users\/2"}],"replies":[{"embeddable":true,"href":"https:\/\/www.europesays.com\/fi\/wp-json\/wp\/v2\/comments?post=24584"}],"version-history":[{"count":0,"href":"https:\/\/www.europesays.com\/fi\/wp-json\/wp\/v2\/posts\/24584\/revisions"}],"wp:featuredmedia":[{"embeddable":true,"href":"https:\/\/www.europesays.com\/fi\/wp-json\/wp\/v2\/media\/24585"}],"wp:attachment":[{"href":"https:\/\/www.europesays.com\/fi\/wp-json\/wp\/v2\/media?parent=24584"}],"wp:term":[{"taxonomy":"category","embeddable":true,"href":"https:\/\/www.europesays.com\/fi\/wp-json\/wp\/v2\/categories?post=24584"},{"taxonomy":"post_tag","embeddable":true,"href":"https:\/\/www.europesays.com\/fi\/wp-json\/wp\/v2\/tags?post=24584"}],"curies":[{"name":"wp","href":"https:\/\/api.w.org\/{rel}","templated":true}]}}