{"id":245945,"date":"2026-05-12T17:20:12","date_gmt":"2026-05-12T17:20:12","guid":{"rendered":"https:\/\/www.europesays.com\/fi\/245945\/"},"modified":"2026-05-12T17:20:12","modified_gmt":"2026-05-12T17:20:12","slug":"helmia-metallican-arkistoista-yhtye-julkaisi-kokonaisen-keikkataltioinnin-vuodelta-1988","status":"publish","type":"post","link":"https:\/\/www.europesays.com\/fi\/245945\/","title":{"rendered":"Helmi\u00e4 Metallican arkistoista: yhtye julkaisi kokonaisen keikkataltioinnin vuodelta 1988"},"content":{"rendered":"<p><strong>Metallicalla<\/strong> oli korona-aikaan tapana julkaista Youtube-kanavallaan joka maanantai arkistojen k\u00e4tk\u00f6ist\u00e4 kaivettu kokonainen keikkataltiointi yhtyeen pitk\u00e4n uran varrelta. Kyseinen Metallica Mondays -sarja on tehnyt t\u00e4m\u00e4n kuun ajaksi paluun promotakseen b\u00e4ndin All Within My Hands -hyv\u00e4ntekev\u00e4isyysj\u00e4rjest\u00f6n Month of Giving -kampanjaa.<\/p>\n<p>Eilen Metallica Mondays -sarjassa julkaistiin keikkataltiointi toukokuulta 1988, kun juuri \u2026And Justice for All -albuminsa valmiiksi saanut yhtye teki salakeikan Los Angelesin Troubadour-klubilla l\u00e4mmitell\u00e4kseen mittavaa Monsters of Rock -kiertuetta varten. Kyseinen keikkataltiointi on julkaistu aiemmin \u2026And Justice for Allin vuoden 2018 juhlapainoksen kylki\u00e4isen\u00e4, mutta nyt se on katsottavissa koko komeudessaan b\u00e4ndin Youtube-kanavalla \u2013 ja my\u00f6s tuosta alta.<\/p>\n<p><img loading=\"lazy\" decoding=\"async\" alt=\"Youtube video\" width=\"480\" height=\"360\" data-pin-nopin=\"true\" nopin=\"nopin\" class=\"perfmatters-lazy\" src=\"https:\/\/www.europesays.com\/fi\/wp-content\/uploads\/2026\/05\/1778606412_156_hqdefault.jpg\"\/><\/p>\n<p>Lue my\u00f6s: <a href=\"https:\/\/www.inferno.fi\/uutiskirje\/\" title=\"Tilaa Infernon uutiskirje\" class=\"underline-custom !font-montserrat !font-bold !underline-offset-4 !decoration-4 !decoration-red-600 !text-md\" rel=\"nofollow noopener\" target=\"_blank\">Tilaa Infernon uutiskirje ja tied\u00e4t mist\u00e4 kahvitauolla puhutaan! Nappaa raskaan musiikin uutiset ja puheenaiheet suoraan s\u00e4hk\u00f6postiin t\u00e4st\u00e4.<\/a><\/p>\n","protected":false},"excerpt":{"rendered":"Metallicalla oli korona-aikaan tapana julkaista Youtube-kanavallaan joka maanantai arkistojen k\u00e4tk\u00f6ist\u00e4 kaivettu kokonainen keikkataltiointi yhtyeen pitk\u00e4n uran varrelta. Kyseinen&hellip;\n","protected":false},"author":2,"featured_media":245946,"comment_status":"","ping_status":"","sticky":false,"template":"","format":"standard","meta":{"footnotes":"","_share_on_mastodon":"0"},"categories":[132],"tags":[137,33,31,30,6140,34591,195,47,32,109],"class_list":["post-245945","post","type-post","status-publish","format-standard","has-post-thumbnail","category-musiikki","tag-entertainment","tag-fi","tag-finland","tag-finnish","tag-livevideo","tag-metallica-mondays","tag-music","tag-musiikki","tag-suomi","tag-viihde"],"share_on_mastodon":{"url":"https:\/\/pubeurope.com\/@fi\/116562757487816056","error":""},"_links":{"self":[{"href":"https:\/\/www.europesays.com\/fi\/wp-json\/wp\/v2\/posts\/245945","targetHints":{"allow":["GET"]}}],"collection":[{"href":"https:\/\/www.europesays.com\/fi\/wp-json\/wp\/v2\/posts"}],"about":[{"href":"https:\/\/www.europesays.com\/fi\/wp-json\/wp\/v2\/types\/post"}],"author":[{"embeddable":true,"href":"https:\/\/www.europesays.com\/fi\/wp-json\/wp\/v2\/users\/2"}],"replies":[{"embeddable":true,"href":"https:\/\/www.europesays.com\/fi\/wp-json\/wp\/v2\/comments?post=245945"}],"version-history":[{"count":0,"href":"https:\/\/www.europesays.com\/fi\/wp-json\/wp\/v2\/posts\/245945\/revisions"}],"wp:featuredmedia":[{"embeddable":true,"href":"https:\/\/www.europesays.com\/fi\/wp-json\/wp\/v2\/media\/245946"}],"wp:attachment":[{"href":"https:\/\/www.europesays.com\/fi\/wp-json\/wp\/v2\/media?parent=245945"}],"wp:term":[{"taxonomy":"category","embeddable":true,"href":"https:\/\/www.europesays.com\/fi\/wp-json\/wp\/v2\/categories?post=245945"},{"taxonomy":"post_tag","embeddable":true,"href":"https:\/\/www.europesays.com\/fi\/wp-json\/wp\/v2\/tags?post=245945"}],"curies":[{"name":"wp","href":"https:\/\/api.w.org\/{rel}","templated":true}]}}