{"id":24621,"date":"2025-09-03T16:42:08","date_gmt":"2025-09-03T16:42:08","guid":{"rendered":"https:\/\/www.europesays.com\/fi\/24621\/"},"modified":"2025-09-03T16:42:08","modified_gmt":"2025-09-03T16:42:08","slug":"gaselleilta-syy-keikkatauolle-on-ollut-upeaa-mutta","status":"publish","type":"post","link":"https:\/\/www.europesays.com\/fi\/24621\/","title":{"rendered":"Gaselleilta syy keikkatauolle: &#8221;On ollut upeaa, mutta&#8230;&#8221;"},"content":{"rendered":"<p class=\"article-content article-content-width !bg-background\">Suomen suosituimpiin rap-yhtyeisiin lukeutuva Gasellit vet\u00e4\u00e4 k\u00e4sijarrun pohjaan!<\/p>\n<p class=\"article-content article-content-width !bg-background\">Kvartetti kertoo paahtaneensa menem\u00e4\u00e4n hurjat 16 vuotta ja l\u00e4hes 1 000 keikkaa, mutta nyt on aika heng\u00e4ht\u00e4\u00e4.<\/p>\n<p class=\"article-content article-content-width !bg-background\">\u2013 Ollaan vedetty hurmoksellisen hyvi\u00e4 iltoja ja muutama aivan vitun huonokin.\u00a0<\/p>\n<p class=\"article-content article-content-width !bg-background\"> \u2013 Pahoittelut ainakin Vantaan Lafkan keikalla olleille \u2013 me ei oltu silloin ihan parhaimmillamme, yhtye muistelee itseironisesti Instagram-julkaisussaan.<\/p>\n<p>                <img decoding=\"async\" src=\"https:\/\/www.europesays.com\/fi\/wp-content\/uploads\/2025\/09\/1919939.webp\" width=\"576\" height=\"720\" alt=\"Gaselleilla on hitti jos toinenkin.\" loading=\"lazy\" \/>            <\/p>\n<p>\n            Gaselleilla on hitti jos toinenkin.<br \/>\n            Nana Simelius \/ Sony Music\n        <\/p>\n<p>&#8221;Halutaan keskitty\u00e4 my\u00f6s muuhun&#8221;<\/p>\n<p class=\"article-content article-content-width !bg-background\">B\u00e4ndi kertoi jo huhtikuussa tulevasta tauostaan, mutta syit\u00e4 ei avattu tuolloin.<\/p>\n<p class=\"article-content article-content-width !bg-background\">Gasellien ura on vienyt miehi\u00e4 ymp\u00e4ri maan \u2013 yhten\u00e4 p\u00e4iv\u00e4n\u00e4 Tallinnassa, seuraavana Levill\u00e4 \u2013 mutta kova tahti on tarkoittanut my\u00f6s sit\u00e4, ett\u00e4 &#8221;Jusan P\u00f6k\u00f6tiss\u00e4 istuessa on j\u00e4\u00e4nyt v\u00e4liin t\u00e4rkeit\u00e4 kotijuttuja&#8221;.<\/p>\n<p class=\"article-content article-content-width !bg-background\">\u2013 On ollut upeaa, mutta nyt halutaan keskitty\u00e4 my\u00f6s muuhun el\u00e4m\u00e4\u00e4n.<\/p>\n<p>Parin vuoden keikkatauko <\/p>\n<p class=\"article-content article-content-width !bg-background\">B\u00e4ndi vet\u00e4\u00e4 viimeiset keikkansa Altaalla Helsingiss\u00e4 perjantaina ja lauantaina \u2013 molemmat illat ovat loppuunmyytyj\u00e4!\u00a0<\/p>\n<p class=\"article-content article-content-width !bg-background\">Sen j\u00e4lkeen seuraa parin vuoden keikkatauko, joka on Gasellien mukaan sek\u00e4 j\u00e4nnitt\u00e4v\u00e4\u00e4 ett\u00e4 pelottavaa.<\/p>\n<p class=\"article-content article-content-width !bg-background\">\u2013 Yleis\u00f6n ansiosta ollaan saatu toteuttaa unelmiamme. Nyt nautitaan viel\u00e4 t\u00e4m\u00e4 viikonloppu t\u00e4ysin syd\u00e4min ja palataan sitten, kun aika on, b\u00e4ndi kirjoittaa syd\u00e4nemojin muodossa.\u00a0<\/p>\n","protected":false},"excerpt":{"rendered":"Suomen suosituimpiin rap-yhtyeisiin lukeutuva Gasellit vet\u00e4\u00e4 k\u00e4sijarrun pohjaan! Kvartetti kertoo paahtaneensa menem\u00e4\u00e4n hurjat 16 vuotta ja l\u00e4hes 1&hellip;\n","protected":false},"author":2,"featured_media":24622,"comment_status":"","ping_status":"","sticky":false,"template":"","format":"standard","meta":{"footnotes":""},"categories":[136],"tags":[407,137,33,31,30,7974,408,7973,7975,32,109],"class_list":{"0":"post-24621","1":"post","2":"type-post","3":"status-publish","4":"format-standard","5":"has-post-thumbnail","7":"category-julkkikset","8":"tag-celebrities","9":"tag-entertainment","10":"tag-fi","11":"tag-finland","12":"tag-finnish","13":"tag-gasellit","14":"tag-julkkikset","15":"tag-keikkatauko","16":"tag-rap-yhtye","17":"tag-suomi","18":"tag-viihde"},"share_on_mastodon":{"url":"","error":""},"_links":{"self":[{"href":"https:\/\/www.europesays.com\/fi\/wp-json\/wp\/v2\/posts\/24621","targetHints":{"allow":["GET"]}}],"collection":[{"href":"https:\/\/www.europesays.com\/fi\/wp-json\/wp\/v2\/posts"}],"about":[{"href":"https:\/\/www.europesays.com\/fi\/wp-json\/wp\/v2\/types\/post"}],"author":[{"embeddable":true,"href":"https:\/\/www.europesays.com\/fi\/wp-json\/wp\/v2\/users\/2"}],"replies":[{"embeddable":true,"href":"https:\/\/www.europesays.com\/fi\/wp-json\/wp\/v2\/comments?post=24621"}],"version-history":[{"count":0,"href":"https:\/\/www.europesays.com\/fi\/wp-json\/wp\/v2\/posts\/24621\/revisions"}],"wp:featuredmedia":[{"embeddable":true,"href":"https:\/\/www.europesays.com\/fi\/wp-json\/wp\/v2\/media\/24622"}],"wp:attachment":[{"href":"https:\/\/www.europesays.com\/fi\/wp-json\/wp\/v2\/media?parent=24621"}],"wp:term":[{"taxonomy":"category","embeddable":true,"href":"https:\/\/www.europesays.com\/fi\/wp-json\/wp\/v2\/categories?post=24621"},{"taxonomy":"post_tag","embeddable":true,"href":"https:\/\/www.europesays.com\/fi\/wp-json\/wp\/v2\/tags?post=24621"}],"curies":[{"name":"wp","href":"https:\/\/api.w.org\/{rel}","templated":true}]}}