{"id":246360,"date":"2026-05-13T03:51:17","date_gmt":"2026-05-13T03:51:17","guid":{"rendered":"https:\/\/www.europesays.com\/fi\/246360\/"},"modified":"2026-05-13T03:51:17","modified_gmt":"2026-05-13T03:51:17","slug":"umk27-haku-alkaa-elokuussa-katso-hakupaivat-ja-saannot-umk","status":"publish","type":"post","link":"https:\/\/www.europesays.com\/fi\/246360\/","title":{"rendered":"UMK27-haku alkaa elokuussa \u2013 katso hakup\u00e4iv\u00e4t ja s\u00e4\u00e4nn\u00f6t! | UMK"},"content":{"rendered":"<p class=\"aw-1gybjub aw-5vja16 kEtdKx kmuxyA yle__article__paragraph\">UMK eli Uuden Musiikin Kilpailu on Ylen j\u00e4rjest\u00e4m\u00e4 kaikille musiikintekij\u00f6ille avoin laulukilpailu.<\/p>\n<p><img decoding=\"async\" alt=\"Kuvassa on discopallo, jonka ymp\u00e4rille on koottu UMK-artisteja.\" src=\"https:\/\/www.europesays.com\/fi\/wp-content\/uploads\/2026\/05\/1778068782.jpeg\" class=\"aw-1l9m598 hKVVvP\"\/><\/p>\n<p>Avaa kuvien katselu<\/p>\n<p>Kuva: Mika Hokkanen<\/p>\n<p class=\"aw-1gybjub aw-1p7kakr kEtdKx cEmitX yle__article__paragraph\">Haku alkaa elokuussa ja hakulomake on auki sivustolla <a class=\"aw-iao6s4 iHOxEa yle__article__link\" href=\"https:\/\/yle.fi\/t\/18-200201\/fi\" role=\"link\" rel=\"nofollow noopener\" target=\"_blank\">yle.fi\/umk <\/a>17.8.\u201323.8.2026. UMK27-kilpailun s\u00e4\u00e4nn\u00f6t julkaistiin t\u00e4n\u00e4\u00e4n, tutustu <a class=\"aw-iao6s4 iHOxEa yle__article__link\" href=\"https:\/\/drive.google.com\/file\/d\/1FLMUyRcc3KviTojwcqAlRdP4U6Whi5Cq\/view?usp=drive_link\" role=\"link\" rel=\"nofollow noopener\" target=\"_blank\">s\u00e4\u00e4nt\u00f6ihin <\/a>hyviss\u00e4 ajoin ennen kuin haet! UMK27-kilpailu j\u00e4rjestet\u00e4\u00e4n Tampereella Nokia Arenalla 20. helmikuuta 2027.<\/p>\n<p class=\"aw-1gybjub aw-1p7kakr kEtdKx cEmitX yle__article__paragraph\">UMK on vuodesta 2020 alkaen noussut yh\u00e4 merkitt\u00e4v\u00e4mm\u00e4ksi suomalaisen musiikin n\u00e4ytt\u00e4m\u00f6ksi. UMK-artistit keikkuvat suosituimpien kappaleiden ja albumeiden listalla. Vuonna 2023 <strong class=\"aw-ak79eh KyCXm yle__article__strong\">K\u00e4\u00e4rij\u00e4st\u00e4<\/strong> tuli maailmanlaajuinen ilmi\u00f6, vuonna 2024 <strong class=\"aw-ak79eh KyCXm yle__article__strong\">Windows95man<\/strong> hullaannutti maailman ja t\u00e4n\u00e4 vuonna <strong class=\"aw-ak79eh KyCXm yle__article__strong\">Erika Vikman<\/strong> sai Euroopan tulemaan ja sijoittui 11. sijalle. Ja nyt j\u00e4nnitet\u00e4\u00e4n, miten hyvin <strong class=\"aw-ak79eh KyCXm yle__article__strong\">Linda Lampenius<\/strong> ja <strong class=\"aw-ak79eh KyCXm yle__article__strong\">Pete Parkkonen<\/strong> p\u00e4rj\u00e4\u00e4v\u00e4t t\u00e4n\u00e4 vuonna.<\/p>\n<p class=\"aw-1gybjub aw-1p7kakr kEtdKx cEmitX yle__article__paragraph\">Eik\u00e4 matka ei lopu t\u00e4h\u00e4n, kilpailu kehittyy edelleen. Haluatko olla osa UMK-tarinaa? Jos vastauksesi on kyll\u00e4, merkkaa hakuaika kalenteriisi.<\/p>\n<p class=\"aw-1gybjub aw-1p7kakr kEtdKx cEmitX yle__article__paragraph\"><strong class=\"aw-ak79eh KyCXm yle__article__strong\">Linkki<\/strong> <a class=\"aw-iao6s4 iHOxEa yle__article__link\" href=\"https:\/\/drive.google.com\/file\/d\/1FLMUyRcc3KviTojwcqAlRdP4U6Whi5Cq\/view?usp=drive_link\" role=\"link\" rel=\"nofollow noopener\" target=\"_blank\"><strong class=\"aw-ak79eh KyCXm yle__article__strong\">UMK27-s\u00e4\u00e4nt\u00f6ihin<\/strong><\/a>.<\/p>\n<p class=\"aw-1gybjub aw-1p7kakr kEtdKx cEmitX yle__article__paragraph\"><a class=\"aw-iao6s4 iHOxEa yle__article__link\" href=\"https:\/\/yle.fi\/a\/7-10098168\" role=\"link\" rel=\"nofollow noopener\" target=\"_blank\"><strong class=\"aw-ak79eh KyCXm yle__article__strong\">Ans\u00f6kan till UMK27 \u00f6ppnar i augusti \u2013 \u00e4r det du som levererar n\u00e4sta vinnarl\u00e5t?<\/strong><\/a> <strong class=\"aw-ak79eh KyCXm yle__article__strong\">(INFORAMATION P\u00c5 SVENSKA)<\/strong><\/p>\n<p class=\"aw-1gybjub aw-1p7kakr kEtdKx cEmitX yle__article__paragraph\"><a class=\"aw-iao6s4 iHOxEa yle__article__link\" href=\"https:\/\/yle.fi\/a\/74-20224579\" role=\"link\" rel=\"nofollow noopener\" target=\"_blank\"><strong class=\"aw-ak79eh KyCXm yle__article__strong\">The UMK27 application begins in August \u2013 Will your song be the next winner?<\/strong><\/a> <strong class=\"aw-ak79eh KyCXm yle__article__strong\">(INFO IN ENGLISH)<\/strong><\/p>\n<p class=\"aw-1gybjub aw-1p7kakr kEtdKx cEmitX yle__article__paragraph\">Uuden Musiikin Kilpailu on j\u00e4rjestetty Euroviisujen esikarsintaohjelmana vuodesta 2012.<\/p>\n<p>UMK:n edellisi\u00e4 voittajia<\/p>\n<ul class=\"aw-1jjocuh iJTSwP yle__article__list yle__article__list--ul\">\n<li class=\"aw-1j7gwms gNYKfi\"><strong class=\"aw-ak79eh KyCXm yle__article__strong\">Linda Lampenius ja Pete Parkkonen<\/strong>, 2026<\/li>\n<li class=\"aw-1j7gwms gNYKfi\"><strong class=\"aw-ak79eh KyCXm yle__article__strong\">Erika Vikman<\/strong>, 2025<\/li>\n<li class=\"aw-1j7gwms gNYKfi\"><strong class=\"aw-ak79eh KyCXm yle__article__strong\">Windows95man<\/strong>, 2024<\/li>\n<li class=\"aw-1j7gwms gNYKfi\"><strong class=\"aw-ak79eh KyCXm yle__article__strong\">K\u00e4\u00e4rij\u00e4<\/strong>, 2023<\/li>\n<li class=\"aw-1j7gwms gNYKfi\"><strong class=\"aw-ak79eh KyCXm yle__article__strong\">The Rasmus<\/strong>, 2022<\/li>\n<li class=\"aw-1j7gwms gNYKfi\"><strong class=\"aw-ak79eh KyCXm yle__article__strong\">Blind Channel<\/strong>, 2021<\/li>\n<li class=\"aw-1j7gwms gNYKfi\"><strong class=\"aw-ak79eh KyCXm yle__article__strong\">Aksel Kankaanranta<\/strong>, 2020 (Aksel ei valitettavasti koskaan p\u00e4\u00e4ssyt edustamaan Suomea, koska koronavuonna ei j\u00e4rjestetty Euroviisuja)<\/li>\n<li class=\"aw-1j7gwms gNYKfi\"><strong class=\"aw-ak79eh KyCXm yle__article__strong\">Darude feat. Sebastian Rejman<\/strong>, 2019<\/li>\n<li class=\"aw-1j7gwms gNYKfi\"><strong class=\"aw-ak79eh KyCXm yle__article__strong\">Saara Aalto<\/strong>, 2018<\/li>\n<li class=\"aw-1j7gwms gNYKfi\"><strong class=\"aw-ak79eh KyCXm yle__article__strong\">Norma John<\/strong>, 2017<\/li>\n<li class=\"aw-1j7gwms gNYKfi\"><strong class=\"aw-ak79eh KyCXm yle__article__strong\">Sandhja<\/strong>, 2016<\/li>\n<li class=\"aw-1j7gwms gNYKfi\"><strong class=\"aw-ak79eh KyCXm yle__article__strong\">Pertti Kurikan Nimip\u00e4iv\u00e4t<\/strong>, 2015<\/li>\n<li class=\"aw-1j7gwms gNYKfi\"><strong class=\"aw-ak79eh KyCXm yle__article__strong\">Softengine<\/strong>, 2014<\/li>\n<li class=\"aw-1j7gwms gNYKfi\"><strong class=\"aw-ak79eh KyCXm yle__article__strong\">Krista Siegfrids<\/strong>, 2013<\/li>\n<li class=\"aw-1j7gwms gNYKfi\"><strong class=\"aw-ak79eh KyCXm yle__article__strong\">Pernilla Karlsson<\/strong>, 2012<\/li>\n<\/ul>\n","protected":false},"excerpt":{"rendered":"UMK eli Uuden Musiikin Kilpailu on Ylen j\u00e4rjest\u00e4m\u00e4 kaikille musiikintekij\u00f6ille avoin laulukilpailu. Avaa kuvien katselu Kuva: Mika Hokkanen&hellip;\n","protected":false},"author":2,"featured_media":246361,"comment_status":"","ping_status":"","sticky":false,"template":"","format":"standard","meta":{"footnotes":"","_share_on_mastodon":"0"},"categories":[130],"tags":[137,909,33,31,30,32,906,34610,109],"class_list":["post-246360","post","type-post","status-publish","format-standard","has-post-thumbnail","category-viihde","tag-entertainment","tag-euroviisut","tag-fi","tag-finland","tag-finnish","tag-suomi","tag-umk","tag-umk27","tag-viihde"],"share_on_mastodon":{"url":"https:\/\/pubeurope.com\/@fi\/116565238459118799","error":""},"_links":{"self":[{"href":"https:\/\/www.europesays.com\/fi\/wp-json\/wp\/v2\/posts\/246360","targetHints":{"allow":["GET"]}}],"collection":[{"href":"https:\/\/www.europesays.com\/fi\/wp-json\/wp\/v2\/posts"}],"about":[{"href":"https:\/\/www.europesays.com\/fi\/wp-json\/wp\/v2\/types\/post"}],"author":[{"embeddable":true,"href":"https:\/\/www.europesays.com\/fi\/wp-json\/wp\/v2\/users\/2"}],"replies":[{"embeddable":true,"href":"https:\/\/www.europesays.com\/fi\/wp-json\/wp\/v2\/comments?post=246360"}],"version-history":[{"count":0,"href":"https:\/\/www.europesays.com\/fi\/wp-json\/wp\/v2\/posts\/246360\/revisions"}],"wp:featuredmedia":[{"embeddable":true,"href":"https:\/\/www.europesays.com\/fi\/wp-json\/wp\/v2\/media\/246361"}],"wp:attachment":[{"href":"https:\/\/www.europesays.com\/fi\/wp-json\/wp\/v2\/media?parent=246360"}],"wp:term":[{"taxonomy":"category","embeddable":true,"href":"https:\/\/www.europesays.com\/fi\/wp-json\/wp\/v2\/categories?post=246360"},{"taxonomy":"post_tag","embeddable":true,"href":"https:\/\/www.europesays.com\/fi\/wp-json\/wp\/v2\/tags?post=246360"}],"curies":[{"name":"wp","href":"https:\/\/api.w.org\/{rel}","templated":true}]}}