{"id":246421,"date":"2026-05-13T05:14:12","date_gmt":"2026-05-13T05:14:12","guid":{"rendered":"https:\/\/www.europesays.com\/fi\/246421\/"},"modified":"2026-05-13T05:14:12","modified_gmt":"2026-05-13T05:14:12","slug":"karu-naky-kalasataman-kohusaunan-kalenterissa-toimitusjohtajan-kuurupiilo-jatkuu-paikalliset","status":"publish","type":"post","link":"https:\/\/www.europesays.com\/fi\/246421\/","title":{"rendered":"Karu n\u00e4ky Kalasataman kohusaunan kalenterissa \u2013 toimitusjohtajan kuurupiilo jatkuu | Paikalliset"},"content":{"rendered":"<p>Maksaisitko 300 tai jopa 600 euroa kahden tunnin saunavuorosta keskell\u00e4 Kalasatamanpuistoa?<\/p>\n<p>Kovinkaan moni ei ole valmis maksamaan, koska kev\u00e4\u00e4ll\u00e4 auenneen Talas-yhteiskerhotilan saunavaraukset ovat j\u00e4\u00e4neet hyvin v\u00e4h\u00e4isiksi. <a href=\"https:\/\/www.iltalehti.fi\/kotimaa\/a\/aa8d4d6d-171e-4299-859b-da602d23c0ba?_gl=1%2A1l98e89%2A_ga%2AMjA4ODExMjkuMTc1ODgwMjAzOA..%2A_ga_3L539PMN3X%2AczE3Nzg1NjgwNzUkbzU0OSRnMSR0MTc3ODU2OTY0MCRqNjAkbDAkaDA.\" rel=\"nofollow noopener\" target=\"_blank\">Iltalehti<\/a><a href=\"https:\/\/www.iltalehti.fi\/kotimaa\/a\/aa8d4d6d-171e-4299-859b-da602d23c0ba?_gl=1%2A1l98e89%2A_ga%2AMjA4ODExMjkuMTc1ODgwMjAzOA..%2A_ga_3L539PMN3X%2AczE3Nzg1NjgwNzUkbzU0OSRnMSR0MTc3ODU2OTY0MCRqNjAkbDAkaDA.\" rel=\"nofollow noopener\" target=\"_blank\"> kertoi<\/a> Talaksen varaustilanteesta viime perjantaina.<\/p>\n<p><strong class=\"diks-storyline__impact\">T\u00e4ll\u00e4 viikolla<\/strong> saunavarauksia on vain keskiviikkona kello 13-19. Ensi viikolla sauna on kokonaan vapaa ja toukokuun viimeisell\u00e4 viikolla on varattu yksi aamuaika. Koko kes\u00e4lle on lis\u00e4ksi vain kaksi varausta.<\/p>\n<p>Osa varauksista on ollut n\u00e4kyvill\u00e4 siit\u00e4 p\u00e4iv\u00e4st\u00e4 l\u00e4htien, kun kalenteri avattiin huhtikuussa. Sen j\u00e4lkeen uusia varauksia on tullut vain pari.<\/p>\n<p>L\u00e4ht\u00f6kohtaisesti tilat ovat varattavissa palveluyhti\u00f6n <a href=\"https:\/\/www.helsinginuutiset.fi\/paikalliset\/9270820\" rel=\"nofollow noopener\" target=\"_blank\">osakasyhteis\u00f6jen asukkaille<\/a>, jotka saavat varauksista 50 prosentin alennuksen. Muilta veloitetaan t\u00e4ysi hinta, joka on saunan osalta 600 euroa \/ 2h. Saunaan mahtuu 20 henke\u00e4.<\/p>\n<p>\t\t<a class=\"diks-gallery__link\" href=\"https:\/\/i.media.fi\/incoming\/ukan8b\/11440872.jpg\/alternates\/FREE_1440\/11440872.jpg\" data-thumbnail=\"https:\/\/i.media.fi\/incoming\/ukan8b\/11440872.jpg\/alternates\/SQUARE_240\/11440872.jpg\" data-sub-html=\"T\u00e4lt\u00e4 varauskalenteri n\u00e4ytti 12. toukokuuta. Katso lis\u00e4\u00e4 kuvia klikkaamalla. Kuvakaappaus saunan varauskalenterista\" aria-label=\"Katso isompi kuva\" rel=\"nofollow noopener\" target=\"_blank\"><br \/>\n\t\t\t\t<img class=\"diks-figure__image\" src=\"https:\/\/www.europesays.com\/fi\/wp-content\/uploads\/2026\/05\/11440872.jpg\" loading=\"lazy\" decoding=\"sync\" alt=\"\"\/><\/p>\n<p> 3<\/p>\n<p>\t\t\t<\/a><br \/>\n\t\t\t\t\tT\u00e4lt\u00e4 varauskalenteri n\u00e4ytti 12. toukokuuta. Katso lis\u00e4\u00e4 kuvia klikkaamalla. Kuvakaappaus saunan varauskalenterista<\/p>\n<ul>\n<li>\n\t\t<a class=\"diks-gallery__link\" href=\"https:\/\/i.media.fi\/incoming\/ffhx64\/11440870.jpg\/alternates\/FREE_1440\/11440870.jpg\" data-thumbnail=\"https:\/\/i.media.fi\/incoming\/ffhx64\/11440870.jpg\/alternates\/SQUARE_240\/11440870.jpg\" data-sub-html=\"T\u00e4lt\u00e4 varauskalenteri n\u00e4ytti 12. toukokuuta. Katso lis\u00e4\u00e4 kuvia klikkaamalla. Kuvakaappaus saunan varauskalenterista\" rel=\"nofollow noopener\" target=\"_blank\">Katso isompi kuva<\/a><br \/>\n\t\t\t\t\tT\u00e4lt\u00e4 varauskalenteri n\u00e4ytti 12. toukokuuta. Katso lis\u00e4\u00e4 kuvia klikkaamalla. Kuvakaappaus saunan varauskalenterista<\/li>\n<li>\n\t\t<a class=\"diks-gallery__link\" href=\"https:\/\/i.media.fi\/incoming\/caecmq\/11440871.jpg\/alternates\/FREE_1440\/11440871.jpg\" data-thumbnail=\"https:\/\/i.media.fi\/incoming\/caecmq\/11440871.jpg\/alternates\/SQUARE_240\/11440871.jpg\" data-sub-html=\"T\u00e4lt\u00e4 varauskalenteri n\u00e4ytti 12. toukokuuta. Katso lis\u00e4\u00e4 kuvia klikkaamalla. Kuvakaappaus saunan varauskalenterista\" rel=\"nofollow noopener\" target=\"_blank\">Katso isompi kuva<\/a><br \/>\n\t\t\t\t\tT\u00e4lt\u00e4 varauskalenteri n\u00e4ytti 12. toukokuuta. Katso lis\u00e4\u00e4 kuvia klikkaamalla. Kuvakaappaus saunan varauskalenterista<\/li>\n<\/ul>\n<p>Saunojilla on mahdollisuus vilvoitella merelle avautuvalla terassilla, mutta uintimahdollisuutta ei ole.<\/p>\n<p>My\u00f6s muissa Talaksen vuokrattavissa kokous- ja juhlatiloissa varausaste on maltillinen. Noin 50 hengen monitoimitilaa voi vuokrata 50e\/tunti hintaan. Varauksia on toukokuulla useampia.<\/p>\n<p>Sen sijaan 10 e\/tunti et\u00e4ty\u00f6tilat ovat vapaana k\u00e4yt\u00e4nn\u00f6ss\u00e4 jatkuvasti.<\/p>\n<p>\t\t<a class=\"diks-gallery__link\" href=\"https:\/\/i.media.fi\/incoming\/sw8yvp\/11375649.jpg\/alternates\/FREE_1440\/11375649.jpg\" data-thumbnail=\"\" data-sub-html=\"Talas sijaitsee Kalasatamanpuistossa. Ismo Vornanen\" aria-label=\"Katso isompi kuva\" rel=\"nofollow noopener\" target=\"_blank\"><br \/>\n\t\t\t\t<img class=\"diks-figure__image\" src=\"https:\/\/www.europesays.com\/fi\/wp-content\/uploads\/2026\/05\/11375649.jpg\" loading=\"lazy\" decoding=\"sync\" alt=\"\"\/><\/p>\n<p>\t\t\t<\/a><br \/>\n\t\t\t\t\tTalas sijaitsee Kalasatamanpuistossa. Ismo Vornanen<\/p>\n<p>Varattavien tilojen tarjoilut on tilattava Talaksen yhteyteen avattavasta ravintolasta. Poikkeus on toisen kerroksen juhlatila Luotsi, johon saa tuo &#8221;pieni\u00e4 m\u00e4\u00e4ri\u00e4&#8221; omia juomia. T\u00e4h\u00e4n tilaan on loppukev\u00e4\u00e4n, kes\u00e4n ja syksyn ajaksi tehty useampia varauksia. Useat viikot keskell\u00e4 kes\u00e4\u00e4 on kuitenkin kokonaan tyhjill\u00e4\u00e4n.<\/p>\n<p>Talaksen yll\u00e4pidosta vastaa Kalasataman kaksi palveluyhti\u00f6t\u00e4. Niiden toimitusjohtaja <strong>Jari Paavilainen <\/strong>ei vastannut t\u00e4ll\u00e4 viikolla Helsingin Uutisten haastattelupyynt\u00f6\u00f6n, joka koski saunojen varaustilannetta.<\/p>\n<p>Helsingin Sanomat<a href=\"https:\/\/www.hs.fi\/helsinki\/art-2000011966794.html?utm_source=ampparit\" rel=\"nofollow noopener\" target=\"_blank\"> <\/a><a href=\"https:\/\/www.hs.fi\/helsinki\/art-2000011966794.html?utm_source=ampparit\" rel=\"nofollow noopener\" target=\"_blank\">haastatteli <\/a>Paavilaista toukokuussa s\u00e4hk\u00f6postilla. Paavilainen kertoi, ettei Talaksen hinnoittelusta ja tiedottamisesta ole tullut juurikaan suoraa palautetta.<\/p>\n<p>\u2013\u2009Aina l\u00f6ytyy kuitenkin tiedonv\u00e4lityksess\u00e4 parannettavaa, Paavilainen vastasi Helsingin Sanomille.<\/p>\n<p><a href=\"https:\/\/www.helsinginuutiset.fi\/teemat\/9348687\" rel=\"nofollow noopener\" target=\"_blank\">Helsingin Uutiset kertoi maaliskuussa<\/a>, ett\u00e4 saunan hintoja on kritisoitu voimakkaasti sosiaalisessa mediassa. Hintoja ihmeteltiin my\u00f6s Helsingin Sanomien viime viikolla julkaistussa jutussa.<\/p>\n<p>Paavilainen kommentoi Talaksen tilannetta Helsingin Uutisille <a href=\"https:\/\/www.helsinginuutiset.fi\/paikalliset\/9270820\" rel=\"nofollow noopener\" target=\"_blank\">maaliskuussa<\/a>. T\u00e4m\u00e4n j\u00e4lkeen h\u00e4n ei ole vastannut haastattelupyynt\u00f6ihin. Osa Kalasataman asukkaista on ihmetellyt kev\u00e4\u00e4n aikana, miksi palveluyhti\u00f6iden toimitusjohtaja ei ole vastannut eri medioiden haastattelupyynt\u00f6ihin.<\/p>\n<p>Juttua muokattu 13.5. kello 7.55. T\u00e4ydennetty viimeist\u00e4 kappaletta. <\/p>\n","protected":false},"excerpt":{"rendered":"Maksaisitko 300 tai jopa 600 euroa kahden tunnin saunavuorosta keskell\u00e4 Kalasatamanpuistoa? Kovinkaan moni ei ole valmis maksamaan, koska&hellip;\n","protected":false},"author":2,"featured_media":246422,"comment_status":"","ping_status":"","sticky":false,"template":"","format":"standard","meta":{"footnotes":"","_share_on_mastodon":"0"},"categories":[12],"tags":[22,23,2110,26,27,33,31,30,17,46,104,564,24,25,28,29,15,18,21,2305,32,19,20,16],"class_list":["post-246421","post","type-post","status-publish","format-standard","has-post-thumbnail","category-suomi","tag-breaking-news","tag-breakingnews","tag-elamantapa-ja-vapaa-aika","tag-featured-news","tag-featurednews","tag-fi","tag-finland","tag-finnish","tag-headlines","tag-helsingin-sanomat","tag-helsinki","tag-juhlat","tag-latest-news","tag-latestnews","tag-main-news","tag-mainnews","tag-news","tag-otsikot","tag-paauutiset","tag-puheenaiheet","tag-suomi","tag-top-stories","tag-topstories","tag-uutiset"],"share_on_mastodon":{"url":"https:\/\/pubeurope.com\/@fi\/116565564993519957","error":""},"_links":{"self":[{"href":"https:\/\/www.europesays.com\/fi\/wp-json\/wp\/v2\/posts\/246421","targetHints":{"allow":["GET"]}}],"collection":[{"href":"https:\/\/www.europesays.com\/fi\/wp-json\/wp\/v2\/posts"}],"about":[{"href":"https:\/\/www.europesays.com\/fi\/wp-json\/wp\/v2\/types\/post"}],"author":[{"embeddable":true,"href":"https:\/\/www.europesays.com\/fi\/wp-json\/wp\/v2\/users\/2"}],"replies":[{"embeddable":true,"href":"https:\/\/www.europesays.com\/fi\/wp-json\/wp\/v2\/comments?post=246421"}],"version-history":[{"count":0,"href":"https:\/\/www.europesays.com\/fi\/wp-json\/wp\/v2\/posts\/246421\/revisions"}],"wp:featuredmedia":[{"embeddable":true,"href":"https:\/\/www.europesays.com\/fi\/wp-json\/wp\/v2\/media\/246422"}],"wp:attachment":[{"href":"https:\/\/www.europesays.com\/fi\/wp-json\/wp\/v2\/media?parent=246421"}],"wp:term":[{"taxonomy":"category","embeddable":true,"href":"https:\/\/www.europesays.com\/fi\/wp-json\/wp\/v2\/categories?post=246421"},{"taxonomy":"post_tag","embeddable":true,"href":"https:\/\/www.europesays.com\/fi\/wp-json\/wp\/v2\/tags?post=246421"}],"curies":[{"name":"wp","href":"https:\/\/api.w.org\/{rel}","templated":true}]}}