{"id":246806,"date":"2026-05-13T13:52:17","date_gmt":"2026-05-13T13:52:17","guid":{"rendered":"https:\/\/www.europesays.com\/fi\/246806\/"},"modified":"2026-05-13T13:52:17","modified_gmt":"2026-05-13T13:52:17","slug":"lauri-haav-avautuu-mielenterveydestaan-ja-uudesta-albumistaan-koskettava-tarina-menetyksesta-ja-toipumisesta","status":"publish","type":"post","link":"https:\/\/www.europesays.com\/fi\/246806\/","title":{"rendered":"Lauri Haav avautuu mielenterveydest\u00e4\u00e4n ja uudesta albumistaan &#8211; koskettava tarina menetyksest\u00e4 ja toipumisesta"},"content":{"rendered":"<p>            Timo Korhonen\n        <\/p>\n<p class=\"subtitle \">Menestysartisti on toisinaan piilotellut vaikeuksiaan.<\/p>\n<p class=\"article-content article-content-width !bg-background\">Kovassa nosteessa oleva artisti <a href=\"https:\/\/www.seiska.fi\/haku?q=lauri%20haav \" target=\"_blank\" rel=\"nofollow noopener\">Lauri Haav<\/a>, 28, kertoo <a href=\"https:\/\/anna.fi\/ihmiset\/lauri-haav-kiitti-emma-patsaasta-ja-romahti\" target=\"_blank\" rel=\"nofollow noopener\">Anna-lehden haastattelussa<\/a> Emma-patsasta seuranneesta pudotuksesta.<\/p>\n<p class=\"font-weight-bold m-font-weight-bold article-content article-content-width !bg-background\">Video: Lauri Haav ja kaunotar n\u00e4htiin lentokent\u00e4ll\u00e4.\u00a0<\/p>\n<p class=\"article-content article-content-width !bg-background\">Jyv\u00e4skyl\u00e4st\u00e4 kotoisin olevan muusikon uusimmalla levyll\u00e4 on raskas aihe; oman \u00e4idin poismeno. Lauri jakoi vastik\u00e4\u00e4n Instagramissa kuvan itsest\u00e4\u00e4n \u00e4itins\u00e4 kanssa.<\/p>\n<p class=\"article-content article-content-width !bg-background\">Vanhemman kuolema oli kova isku, josta Lauri ei meinannut toipua. Laurin levy No Haav No Love julkaistiin 17. huhtikuuta. Levyn vastaanotto on ollut eritt\u00e4in positiivinen.<\/p>\n<p class=\"article-content article-content-width !bg-background\">Seiskan lukijoille Lauri voi olla tuttu my\u00f6s\u00a0<a href=\"https:\/\/www.seiska.fi\/haku?q=vain%20el%C3%A4m%C3%A4%C3%A4\" target=\"_blank\" rel=\"nofollow noopener\">V<\/a><a href=\"https:\/\/www.seiska.fi\/haku?q=vain%20el%C3%A4m%C3%A4%C3%A4\" target=\"_blank\" rel=\"nofollow noopener\">ain el\u00e4m\u00e4\u00e4<\/a> -ohjelman 16. tuotantokaudelta.\u00a0<\/p>\n<p>Outo tyyppi<\/p>\n<p class=\"article-content article-content-width !bg-background\">Menestyneen r\u00e4pp\u00e4rin sis\u00e4ll\u00e4 on kuitenkin herkk\u00e4 poika, joka on pel\u00e4nnyt olevansa v\u00e4\u00e4r\u00e4nlainen.\u00a0<\/p>\n<p class=\"article-content article-content-width !bg-background\">\u2013 Vaikka minulla oli kavereita enk\u00e4 ollut yksin\u00e4inen, taisin aina olla se porukan outo tyyppi, Lauri pohtii lehden haastattelussa.<\/p>\n<p class=\"article-content article-content-width !bg-background\">Ulkopuolisuuden kokemus el\u00e4\u00e4 Laurissa vahvana, ja toisinaan muusikosta on tuntunut, ettei kukaan ymm\u00e4rr\u00e4 h\u00e4nt\u00e4.<\/p>\n<p>        <a itemprop=\"url\" href=\"https:\/\/www.seiska.fi\/kotimaa\/lauri-haav-en-hae-mitaan-sankarinviittaa\/2097743\" rel=\"nofollow noopener\" target=\"_blank\"><\/p>\n<p>\nLauri Haav:\n<\/p>\n<p class=\"section-date\">\n        <strong class=\"article-section\" data-section=\"kotimaa\"><br \/>\n            kotimaa<br \/>\n        <\/strong><br \/>\n        9.3. 18:31\n    <\/p>\n<p>Lauri Haav: &#8221;En hae mit\u00e4\u00e4n sankarinviittaa&#8221;\n    <\/p>\n<p itemprop=\"description\" class=\"subtitle \">\n    Lauri Haav teki Emma-puheessaan kovan paljastuksen. Nyt h\u00e4n palasi asiaan.\n<\/p>\n<p>        <\/a><\/p>\n<p>                <img decoding=\"async\" src=\"https:\/\/www.europesays.com\/fi\/wp-content\/uploads\/2026\/05\/2151286.webp.jpeg\" width=\"576\" height=\"274\" alt=\"Lauri Haav vuonna 2025.\" loading=\"lazy\" \/>            <\/p>\n<p>\n            Lauri Haav vuonna 2025.<br \/>\n            Petri Aho\/Sanoma\n        <\/p>\n<p class=\"article-content article-content-width !bg-background\">Lauri kuvailee haastattelussa, kuinka musiikkia tehdess\u00e4 on aina tullut isoja ja vaikeita tilanteita eteen. Korona, Ukrainan sota ja edellist\u00e4 Aino-albumia tehdess\u00e4 \u00e4idin kuolema.<\/p>\n<p>Jatkuvaa ahdistusta<\/p>\n<p class=\"article-content article-content-width !bg-background\">Uusinta levy\u00e4 tehdess\u00e4 Lauri kamppaili mielenterveytens\u00e4 kanssa.\u00a0Muusikko kertoo k\u00e4rsineens\u00e4 ahdistuksesta aina, mutta saatuaan Emma-palkinnon pakko-oireinen h\u00e4iri\u00f6 valtasi Laurin el\u00e4m\u00e4n.<\/p>\n<p class=\"article-content article-content-width !bg-background\">\u2013 Heti kun olin voittanut Emma-palkinnon, OCD otti minusta vallan, Lauri avautuu lehdelle.\u00a0<\/p>\n<p>        <a itemprop=\"url\" href=\"https:\/\/www.seiska.fi\/kotimaa\/lauri-haavilta-sydantasarkeva-ulostulo\/2130682\" rel=\"nofollow noopener\" target=\"_blank\"><\/p>\n<p>\nLauri Haav\n<\/p>\n<p class=\"section-date\">\n        <strong class=\"article-section\" data-section=\"kotimaa\"><br \/>\n            kotimaa<br \/>\n        <\/strong><br \/>\n        17.4. 15:27\n    <\/p>\n<p>Lauri Haavilta syd\u00e4nt\u00e4s\u00e4rkev\u00e4 ulostulo\n    <\/p>\n<p itemprop=\"description\" class=\"subtitle \">\n    Tubettaja Mmiisasin vieraana oleva laulaja avautuu surullisesta aiheesta.\n<\/p>\n<p>        <\/a><\/p>\n<p>K\u00e4tki huonon olonsa<\/p>\n<p class=\"article-content article-content-width !bg-background\">Huonoa vaihetta el\u00e4ess\u00e4\u00e4n artisti l\u00e4hinn\u00e4 makaili kotona ja tilasi ruokaa, sill\u00e4 jaksaminen ei riitt\u00e4nyt muuhun. Sosiaalisessa mediassa muusikko pyrki kuitenkin piilottamaan ongelmansa. Artisti on kertonut avoimesti pakko-oireisen h\u00e4iri\u00f6n kanssa el\u00e4misest\u00e4 my\u00f6s <a href=\"https:\/\/www.seiska.fi\/katso\/lauri-haav-avoimena-diagnoosistaan\/1998852\" target=\"_blank\" rel=\"nofollow noopener\">Vain el\u00e4m\u00e4\u00e4 -ohjelmassa.\u00a0<\/a><\/p>\n<p class=\"article-content article-content-width !bg-background\">Laurin mukaan pakko-oireh\u00e4iri\u00f6n taustalla vaikuttaa \u00e4idin poismeno.\u00a0Uusimman levyn suosituksi nousseen Monsteri-kappaleen teko oli l\u00e4hes ylivoimainen prosessi artistille.<\/p>\n<p class=\"article-content article-content-width !bg-background\">\u2013 Se kertoo \u00e4itini kuolemasta. Olin yritt\u00e4nyt aiemminkin kirjoittaa aiheesta, mutta minua alkoi aina itkett\u00e4\u00e4 niin paljon, ett\u00e4 jouduin lopettamaan, Lauri kertoo lehden haastattelussa.<\/p>\n<p>Avoimena vanhemmistaan<\/p>\n<p class=\"article-content article-content-width !bg-background\">Monsteri avaa \u00e4idin sairastumista ja sit\u00e4, kuinka \u00e4iti vuosia sitten lopulta nukkui pois omassa s\u00e4ngyss\u00e4\u00e4n rakkaiden ymp\u00e4r\u00f6im\u00e4n\u00e4.<\/p>\n<p class=\"article-content article-content-width !bg-background\">Omasta el\u00e4m\u00e4st\u00e4\u00e4n runsaasti musiikissaan ammentava artisti pohtii No Haav No Love\u00a0-levyll\u00e4 my\u00f6s is\u00e4suhdettaan. Ovi kii -kappaleessa artisti laulaa, ett\u00e4 voi antaa anteeksi, mutta ei unohtaa. Biisiss\u00e4 pohditaan my\u00f6s sit\u00e4, mink\u00e4lainen vanhempi itse haluaisi olla lapsilleen.\u00a0<\/p>\n<p>        <a itemprop=\"url\" href=\"https:\/\/www.seiska.fi\/kotimaa\/lauri-haav-myy-asuntoaan-yllattava-oky-yksityiskohta\/2139536\" rel=\"nofollow noopener\" target=\"_blank\"><\/p>\n<p>\nLauri Haav myy kotiaan\n<\/p>\n<p class=\"section-date\">\n        <strong class=\"article-section\" data-section=\"kotimaa\"><br \/>\n            kotimaa<br \/>\n        <\/strong><br \/>\n        30.4. 08:00\n    <\/p>\n<p>Lauri Haav myy asuntoaan \u2013 yll\u00e4tt\u00e4v\u00e4 \u00f6ky-yksityiskohta!\n    <\/p>\n<p itemprop=\"description\" class=\"subtitle \">\n    R\u00e4pp\u00e4rin pikkukodissa piilee n\u00e4ytt\u00e4vi\u00e4 yksityiskohtia.\n<\/p>\n<p>        <\/a><\/p>\n","protected":false},"excerpt":{"rendered":"Timo Korhonen Menestysartisti on toisinaan piilotellut vaikeuksiaan. Kovassa nosteessa oleva artisti Lauri Haav, 28, kertoo Anna-lehden haastattelussa Emma-patsasta&hellip;\n","protected":false},"author":2,"featured_media":246807,"comment_status":"","ping_status":"","sticky":false,"template":"","format":"standard","meta":{"footnotes":"","_share_on_mastodon":"0"},"categories":[130],"tags":[11905,137,33,31,30,2396,1346,34644,19213,15718,32,109],"class_list":["post-246806","post","type-post","status-publish","format-standard","has-post-thumbnail","category-viihde","tag-emma-palkinto","tag-entertainment","tag-fi","tag-finland","tag-finnish","tag-lauri-haav","tag-mielenterveys","tag-no-haav-no-love","tag-ocd","tag-pakko-oireinen-hairio","tag-suomi","tag-viihde"],"share_on_mastodon":{"url":"https:\/\/pubeurope.com\/@fi\/116567601756066462","error":""},"_links":{"self":[{"href":"https:\/\/www.europesays.com\/fi\/wp-json\/wp\/v2\/posts\/246806","targetHints":{"allow":["GET"]}}],"collection":[{"href":"https:\/\/www.europesays.com\/fi\/wp-json\/wp\/v2\/posts"}],"about":[{"href":"https:\/\/www.europesays.com\/fi\/wp-json\/wp\/v2\/types\/post"}],"author":[{"embeddable":true,"href":"https:\/\/www.europesays.com\/fi\/wp-json\/wp\/v2\/users\/2"}],"replies":[{"embeddable":true,"href":"https:\/\/www.europesays.com\/fi\/wp-json\/wp\/v2\/comments?post=246806"}],"version-history":[{"count":0,"href":"https:\/\/www.europesays.com\/fi\/wp-json\/wp\/v2\/posts\/246806\/revisions"}],"wp:featuredmedia":[{"embeddable":true,"href":"https:\/\/www.europesays.com\/fi\/wp-json\/wp\/v2\/media\/246807"}],"wp:attachment":[{"href":"https:\/\/www.europesays.com\/fi\/wp-json\/wp\/v2\/media?parent=246806"}],"wp:term":[{"taxonomy":"category","embeddable":true,"href":"https:\/\/www.europesays.com\/fi\/wp-json\/wp\/v2\/categories?post=246806"},{"taxonomy":"post_tag","embeddable":true,"href":"https:\/\/www.europesays.com\/fi\/wp-json\/wp\/v2\/tags?post=246806"}],"curies":[{"name":"wp","href":"https:\/\/api.w.org\/{rel}","templated":true}]}}