{"id":246999,"date":"2026-05-13T18:18:11","date_gmt":"2026-05-13T18:18:11","guid":{"rendered":"https:\/\/www.europesays.com\/fi\/246999\/"},"modified":"2026-05-13T18:18:11","modified_gmt":"2026-05-13T18:18:11","slug":"vastra-nyland-blastr-green-steel-peruu-miljardien-terastehdasinvestoinnin-inkoossa-keskittyy-ensin-sienirautaan-uusimaa","status":"publish","type":"post","link":"https:\/\/www.europesays.com\/fi\/246999\/","title":{"rendered":"V\u00e4stra Nyland: Blastr Green Steel peruu miljardien ter\u00e4stehdas\u00adinvestoinnin Inkoossa \u2013 keskittyy ensin sienirautaan | Uusimaa"},"content":{"rendered":"<p class=\"aw-1gybjub aw-5vja16 kEtdKx kmuxyA yle__article__paragraph\">Norjalainen Blastr Green Steel peruu v\u00e4liaikaisesti suunnitelmat massiivisesta ter\u00e4stehtaasta Inkoossa.<\/p>\n<p><img decoding=\"async\" alt=\"Havainnekuva Blastr Green Steelin Inkooseen suunnittelemasta ter\u00e4stehtaasta.\" src=\"https:\/\/www.europesays.com\/fi\/wp-content\/uploads\/2026\/05\/1756476731.jpeg\" class=\"aw-1l9m598 hKVVvP\"\/><\/p>\n<p>Avaa kuvien katselu<\/p>\n<p>Havainnekuva Blastr Green Steelin Inkooseen suunnittelemasta ter\u00e4stehtaasta. Kuva: Blastr Green Steel<\/p>\n<p class=\"aw-1gybjub aw-1p7kakr kEtdKx cEmitX yle__article__paragraph\">Tammikuussa 2023 julkistettu kunnianhimoinen hanke rakentaa v\u00e4h\u00e4hiilinen ter\u00e4stehdas Inkooseen on saanut merkitt\u00e4v\u00e4n takaiskun. V\u00e4stra Nyland -lehden mukaan Blastr Green Steel on p\u00e4\u00e4tt\u00e4nyt pienent\u00e4\u00e4 v\u00e4liaikaisesti tavoitteitaan entisen Fortumin kivihiilivoimalan alueella Joddb\u00f6less\u00e4.<\/p>\n<p class=\"aw-1gybjub aw-1p7kakr kEtdKx cEmitX yle__article__paragraph\">Kyseinen hanke olisi ollut nelj\u00e4n miljardin euron investointi, mik\u00e4 olisi tehnyt siit\u00e4 Suomen historian suurimman teollisuusinvestoinnin.<\/p>\n<p class=\"aw-1gybjub aw-1p7kakr kEtdKx cEmitX yle__article__paragraph\">Inkoon kunnanvaltuuston puheenjohtaja <strong class=\"aw-ak79eh KyCXm yle__article__strong\">Henrik Wickstr\u00f6m<\/strong> (rkp.) <a class=\"aw-iao6s4 iHOxEa yle__article__link\" href=\"https:\/\/yle.fi\/a\/7-10098580\" role=\"link\" rel=\"nofollow noopener\" target=\"_blank\">vahvistaa Ylelle<\/a>, ett\u00e4 t\u00e4ysimittaisen ter\u00e4stehtaan sijaan yhti\u00f6 aikoo nyt aloittaa sieniraudan tuotannolla.<\/p>\n<p class=\"aw-1gybjub aw-1p7kakr kEtdKx cEmitX yle__article__paragraph\">Yhti\u00f6 hakee ymp\u00e4rist\u00f6lupaa rautasienilaitokselle ja vetykaasulaitokselle, mutta itse ter\u00e4stehdas on j\u00e4tetty pois lupahakemuksesta.<\/p>\n<p class=\"aw-1gybjub aw-1p7kakr kEtdKx cEmitX yle__article__paragraph\">Wickstr\u00f6min mielest\u00e4 projektin toteutuminen vaiheittain tarkoittaa, ett\u00e4 Inkoon ei tarvitse my\u00f6sk\u00e4\u00e4n toteuttaa kaikkia Joddb\u00f6len alueen investointeja suoraan kokonaisuudessaan. H\u00e4nest\u00e4 on parempi, ett\u00e4 projekti etenee vaihe vaiheelta.<\/p>\n<p class=\"aw-1gybjub aw-1p7kakr kEtdKx cEmitX yle__article__paragraph\">\u2013 N\u00e4in minimoidaan ne riskit, joita esimerkiksi vihre\u00e4t siirtym\u00e4projektit ovat kohdanneet Ruotsissa, toteaa Henrik Wickstr\u00f6m.<\/p>\n<p class=\"aw-1gybjub aw-1p7kakr kEtdKx cEmitX yle__article__paragraph\">Blastr Green Steel ei ole toistaiseksi kommentoinut muuttuneita suunnitelmiaan.<\/p>\n","protected":false},"excerpt":{"rendered":"Norjalainen Blastr Green Steel peruu v\u00e4liaikaisesti suunnitelmat massiivisesta ter\u00e4stehtaasta Inkoossa. Avaa kuvien katselu Havainnekuva Blastr Green Steelin Inkooseen&hellip;\n","protected":false},"author":2,"featured_media":247000,"comment_status":"","ping_status":"","sticky":false,"template":"","format":"standard","meta":{"footnotes":"","_share_on_mastodon":"0"},"categories":[12],"tags":[22,23,26,27,33,31,30,17,4823,3466,24,25,28,29,15,18,21,32,1053,32112,19,20,1168,16],"class_list":["post-246999","post","type-post","status-publish","format-standard","has-post-thumbnail","category-suomi","tag-breaking-news","tag-breakingnews","tag-featured-news","tag-featurednews","tag-fi","tag-finland","tag-finnish","tag-headlines","tag-inkoo","tag-investoinnit","tag-latest-news","tag-latestnews","tag-main-news","tag-mainnews","tag-news","tag-otsikot","tag-paauutiset","tag-suomi","tag-teollisuus","tag-terasteollisuus","tag-top-stories","tag-topstories","tag-uusimaa","tag-uutiset"],"share_on_mastodon":{"url":"https:\/\/pubeurope.com\/@fi\/116568648050218530","error":""},"_links":{"self":[{"href":"https:\/\/www.europesays.com\/fi\/wp-json\/wp\/v2\/posts\/246999","targetHints":{"allow":["GET"]}}],"collection":[{"href":"https:\/\/www.europesays.com\/fi\/wp-json\/wp\/v2\/posts"}],"about":[{"href":"https:\/\/www.europesays.com\/fi\/wp-json\/wp\/v2\/types\/post"}],"author":[{"embeddable":true,"href":"https:\/\/www.europesays.com\/fi\/wp-json\/wp\/v2\/users\/2"}],"replies":[{"embeddable":true,"href":"https:\/\/www.europesays.com\/fi\/wp-json\/wp\/v2\/comments?post=246999"}],"version-history":[{"count":0,"href":"https:\/\/www.europesays.com\/fi\/wp-json\/wp\/v2\/posts\/246999\/revisions"}],"wp:featuredmedia":[{"embeddable":true,"href":"https:\/\/www.europesays.com\/fi\/wp-json\/wp\/v2\/media\/247000"}],"wp:attachment":[{"href":"https:\/\/www.europesays.com\/fi\/wp-json\/wp\/v2\/media?parent=246999"}],"wp:term":[{"taxonomy":"category","embeddable":true,"href":"https:\/\/www.europesays.com\/fi\/wp-json\/wp\/v2\/categories?post=246999"},{"taxonomy":"post_tag","embeddable":true,"href":"https:\/\/www.europesays.com\/fi\/wp-json\/wp\/v2\/tags?post=246999"}],"curies":[{"name":"wp","href":"https:\/\/api.w.org\/{rel}","templated":true}]}}