{"id":247198,"date":"2026-05-13T23:43:12","date_gmt":"2026-05-13T23:43:12","guid":{"rendered":"https:\/\/www.europesays.com\/fi\/247198\/"},"modified":"2026-05-13T23:43:12","modified_gmt":"2026-05-13T23:43:12","slug":"mimosa-willamo-ajautui-ongelmiin-remonttilainan-kanssa","status":"publish","type":"post","link":"https:\/\/www.europesays.com\/fi\/247198\/","title":{"rendered":"Mimosa Willamo ajautui ongelmiin remonttilainan kanssa"},"content":{"rendered":"<p>\n  Mimosa Willamo tuntee toisinaan h\u00e4pe\u00e4\u00e4 siit\u00e4, ettei ymm\u00e4rr\u00e4 talousasioita. <\/p>\n<p>N\u00e4yttelij\u00e4 <strong>Mimosa Willamo<\/strong> on joutunut opettelemaan raha-asioita kantap\u00e4\u00e4n kautta. <\/p>\n<p>\u201dVaikka olen yritt\u00e4j\u00e4, en viel\u00e4k\u00e4\u00e4n tied\u00e4, mik\u00e4 on tase. V\u00e4lill\u00e4 minua h\u00e4vett\u00e4\u00e4, etten ymm\u00e4rr\u00e4 talousasioita\u201d, Mimosa kertoo <a href=\"https:\/\/anna.fi\/nakoislehti\/\" target=\"_blank\" rel=\"noreferrer noopener nofollow\">Anna-lehdelle<\/a>.<\/p>\n<p>N\u00e4yttelij\u00e4\u00e4 auttaa kirjanpit\u00e4j\u00e4, joka kertoo, paljonko h\u00e4nen pit\u00e4\u00e4 maksaa ennakkoveroja. Aiemmin Mimosa sai suuria m\u00e4tkyj\u00e4, sill\u00e4 oli arvioinut tulonsa v\u00e4\u00e4rin. <\/p>\n<p>Rasti v\u00e4\u00e4r\u00e4ss\u00e4 ruudussa<\/p>\n<p>Mimosa Willamo paljastaa <a href=\"https:\/\/anna.fi\/nakoislehti\/\" target=\"_blank\" rel=\"noreferrer noopener nofollow\">Anna-lehden<\/a> haastattelussa, ett\u00e4 ajautui kerran ongelmiin remonttilainan kanssa.<\/p>\n<p>H\u00e4n ei ollut ajatellut oman asunnon hankkimista ennen kuin liiketaloutta opiskeleva yst\u00e4v\u00e4 tokaisi, ett\u00e4 Mimosa ei varmaan taiteilijana ymm\u00e4rr\u00e4 t\u00e4st\u00e4 mit\u00e4\u00e4n, mutta miksei t\u00e4m\u00e4 ostaisi asuntoa.<\/p>\n<p>Taloyhti\u00f6ss\u00e4, josta Mimosa osti asunnon, oli edess\u00e4 kattoremontti. Taloyhti\u00f6 oli ottanut lainaa remonttia varten ja osakkailta kysyttiin, miss\u00e4 aikataulussa lainaa haluttiin lyhent\u00e4\u00e4.<\/p>\n<p>\u201dLuin paperit huonosti ja ruksitin vahingossa v\u00e4\u00e4r\u00e4n kohdan. Kuvittelin, ett\u00e4 maksaisin kerralla muutaman satasen, mutta olinkin ilmoittanut maksavani koko lainan heti pois. Menin k\u00e4velylle kev\u00e4iseen Helsinkiin, itkeskelin hetken ja mietin, mit\u00e4 hittoa olin mennyt tekem\u00e4\u00e4n.\u201d<\/p>\n<p>Mimosa oli onneksi s\u00e4\u00e4st\u00e4nyt puskuria nuoresta pit\u00e4en, sill\u00e4 nyt sille oli tarvetta.<\/p>\n<p><a href=\"https:\/\/seura.fi\/viihde\/julkkikset\/tasta-harrastuksesta-mimosa-willamo-ei-luovu\/\" rel=\"nofollow noopener\" target=\"_blank\">Lue my\u00f6s: T\u00e4st\u00e4 harrastuksesta Mimosa Willamo ei luopuisi \u2013 \u201dSe on sielun ruokaa<\/a><\/p>\n<p>    <a href=\"https:\/\/seura.fi\/wp-content\/uploads\/2025\/10\/mimosa-willamo.jpg\" rel=\"nofollow noopener\" target=\"_blank\"><img loading=\"lazy\" decoding=\"async\" alt=\"N\u00e4yttelij\u00e4 Mimosa Willamo t\u00e4ytti viime vuonna 30 vuotta. Ik\u00e4kriisi\u00e4 ei ole n\u00e4k\u00f6piiriss\u00e4. \u201dKaksikymppisyyden loppupuoli oli ihan turhaa.\u201d\" class=\"wp-image-2128790 awpo-lqip awpo-lazy\" width=\"2000\" height=\"1333\" style=\"--aspect-ratio: 1.5\" src=\"https:\/\/www.europesays.com\/fi\/wp-content\/uploads\/2026\/05\/mimosa-willamo.jpg\"\/><\/a>    <\/p>\n<p>          \u00a9 Tiia Ahjotuli        <\/p>\n","protected":false},"excerpt":{"rendered":"Mimosa Willamo tuntee toisinaan h\u00e4pe\u00e4\u00e4 siit\u00e4, ettei ymm\u00e4rr\u00e4 talousasioita. N\u00e4yttelij\u00e4 Mimosa Willamo on joutunut opettelemaan raha-asioita kantap\u00e4\u00e4n kautta.&hellip;\n","protected":false},"author":2,"featured_media":247199,"comment_status":"","ping_status":"","sticky":false,"template":"","format":"standard","meta":{"footnotes":"","_share_on_mastodon":"0"},"categories":[136],"tags":[407,137,33,31,30,408,3138,7936,8213,32,78,109],"class_list":["post-247198","post","type-post","status-publish","format-standard","has-post-thumbnail","category-julkkikset","tag-celebrities","tag-entertainment","tag-fi","tag-finland","tag-finnish","tag-julkkikset","tag-lainat","tag-mimosa-willamo","tag-raha-asiat","tag-suomi","tag-talous","tag-viihde"],"share_on_mastodon":{"url":"https:\/\/pubeurope.com\/@fi\/116569925940377856","error":""},"_links":{"self":[{"href":"https:\/\/www.europesays.com\/fi\/wp-json\/wp\/v2\/posts\/247198","targetHints":{"allow":["GET"]}}],"collection":[{"href":"https:\/\/www.europesays.com\/fi\/wp-json\/wp\/v2\/posts"}],"about":[{"href":"https:\/\/www.europesays.com\/fi\/wp-json\/wp\/v2\/types\/post"}],"author":[{"embeddable":true,"href":"https:\/\/www.europesays.com\/fi\/wp-json\/wp\/v2\/users\/2"}],"replies":[{"embeddable":true,"href":"https:\/\/www.europesays.com\/fi\/wp-json\/wp\/v2\/comments?post=247198"}],"version-history":[{"count":0,"href":"https:\/\/www.europesays.com\/fi\/wp-json\/wp\/v2\/posts\/247198\/revisions"}],"wp:featuredmedia":[{"embeddable":true,"href":"https:\/\/www.europesays.com\/fi\/wp-json\/wp\/v2\/media\/247199"}],"wp:attachment":[{"href":"https:\/\/www.europesays.com\/fi\/wp-json\/wp\/v2\/media?parent=247198"}],"wp:term":[{"taxonomy":"category","embeddable":true,"href":"https:\/\/www.europesays.com\/fi\/wp-json\/wp\/v2\/categories?post=247198"},{"taxonomy":"post_tag","embeddable":true,"href":"https:\/\/www.europesays.com\/fi\/wp-json\/wp\/v2\/tags?post=247198"}],"curies":[{"name":"wp","href":"https:\/\/api.w.org\/{rel}","templated":true}]}}