{"id":247425,"date":"2026-05-14T06:21:12","date_gmt":"2026-05-14T06:21:12","guid":{"rendered":"https:\/\/www.europesays.com\/fi\/247425\/"},"modified":"2026-05-14T06:21:12","modified_gmt":"2026-05-14T06:21:12","slug":"sara-siepin-synnytys-ex-missi-jakaa-koskettavan-kokemuksen-ja-pyry-soirin-roolin","status":"publish","type":"post","link":"https:\/\/www.europesays.com\/fi\/247425\/","title":{"rendered":"Sara Siepin synnytys: Ex-missi jakaa koskettavan kokemuksen ja Pyry Soirin roolin"},"content":{"rendered":"<p>            Timo Korhonen\n        <\/p>\n<p class=\"subtitle \">Pyry Soiri ei ehtinyt mukaan Saran synnytykseen.<\/p>\n<p class=\"article-content article-content-width !bg-background\">Ex-missi ja somevaikuttaja , 34, synnytti esikoislapsensa maaliskuun lopulla.<\/p>\n<p class=\"font-weight-bold m-font-weight-bold article-content article-content-width !bg-background\">Katso my\u00f6s! Seiskan bisneshaukka\u00a0 \u2013 Sara Sieppi:<\/p>\n<p class=\"article-content article-content-width !bg-background\">Sara kertoo tuoreessa <a href=\"https:\/\/podimo.com\/fi\/shows\/sieppi-ja-sarkka?gad_source=1\" target=\"_blank\" rel=\"nofollow noopener\">Sieppi &amp; S\u00e4rkk\u00e4 -podcastin<\/a> jaksossa, ettei pojan is\u00e4  ehtinyt mukaan synnytykseen.\u00a0Helsingiss\u00e4 asuva Sara ja Kreikkaan pelaajasopimuksen vasta allekirjoittanut Pyry tiedostivat jo raskauden aikana, ettei mies v\u00e4ltt\u00e4m\u00e4tt\u00e4 ehtisi lent\u00e4m\u00e4\u00e4n paikanp\u00e4\u00e4lle n\u00e4kem\u00e4\u00e4n lapsensa syntym\u00e4\u00e4. <\/p>\n<p>Synnytys kuvattiin!<\/p>\n<p class=\"article-content article-content-width !bg-background\">Sara vietti yhteist\u00e4 Helsinki-viikonloppua yhdess\u00e4 \u00e4itins\u00e4 kanssa, kun supistukset alkoivat. Suunnitelmissa oli viett\u00e4\u00e4 rauhallista koti-iltaa Jussi-gaalaa katsoen. N\u00e4m\u00e4 suunnitelmat muuttuivat kuitenkin nopeasti, kun voimistuneet supistukset pakottivat kaksikon naistenklinikalle.<\/p>\n<p class=\"article-content article-content-width !bg-background\">Sara tajusi pian klinikalle saavuttuaan, ettei Pyry tulisi ehtim\u00e4\u00e4n mukaan synnytykseen. Saran \u00e4iti kuitenkin viestitteli yhdess\u00e4 Pyryn kanssa ja piti miehen ajantasalla tilanteesta. Saran huomaamatta mies p\u00e4\u00e4si todistamaan synnytyst\u00e4 my\u00f6s videopuhelun v\u00e4lityksell\u00e4.<\/p>\n<p>        <a itemprop=\"url\" href=\"https:\/\/www.seiska.fi\/kotimaa\/sara-sieppi-hyvasteli-pyry-soirin\/1232501\" rel=\"nofollow noopener\" target=\"_blank\"><\/p>\n<p class=\"section-date\">\n        <strong class=\"article-section\" data-section=\"kotimaa\"><br \/>\n            kotimaa<br \/>\n        <\/strong><br \/>\n        3.1.2024 09:17\n    <\/p>\n<p>Sara Sieppi hyv\u00e4steli Pyry Soirin\n    <\/p>\n<p itemprop=\"description\" class=\"subtitle \">\n    Sara Sieppi julkaisi tunteikkaan p\u00e4ivityksen.\n<\/p>\n<p>        <\/a><\/p>\n<p>                <img decoding=\"async\" src=\"https:\/\/www.europesays.com\/fi\/wp-content\/uploads\/2026\/05\/2151633.webp.jpeg\" width=\"576\" height=\"720\" alt=\"Sara ja Pyry ovat pit\u00e4neet yht\u00e4 jo useamman vuoden ajan. Kaksikko julkisti suhteensa vuonna 2022.\" loading=\"lazy\" \/>            <\/p>\n<p>\n            Sara ja Pyry ovat pit\u00e4neet yht\u00e4 jo useamman vuoden ajan. Kaksikko julkisti suhteensa vuonna 2022.<br \/>\n            Timo Korhonen\n        <\/p>\n<p class=\"article-content article-content-width !bg-background\"> Sara oli sopinut \u00e4itins\u00e4 kanssa aiemmin, ett\u00e4 saisi kuvata t\u00e4t\u00e4 tarpeen tullen. <\/p>\n<p class=\"article-content article-content-width !bg-background\"> \u2013 \u00c4iti siis kuvasi siin\u00e4 vieress\u00e4, ja mun puoliso oli facetimess\u00e4. M\u00e4 en siis kuullut mit\u00e4 siell\u00e4 tapahtui, mutta h\u00e4n siis facetimesi koko sen tilanteen mun puolisolle, Sara kertoo.<\/p>\n<p class=\"article-content article-content-width !bg-background\">Sara kertoo Pyryn ottaneen videopuhelusta my\u00f6s n\u00e4ytt\u00f6tallenteen omalle puhelimelleen. Sara kertoo pystyneens\u00e4 j\u00e4lkeenp\u00e4in katsoa tallenteesta vain osan, mutta olevansa iloinen, ett\u00e4 mies keksi tallentaa puhelun.<\/p>\n<p>        <a itemprop=\"url\" href=\"https:\/\/www.seiska.fi\/kotimaa\/ulosottoon-joutunut-sara-sieppi-vaihtoi-maisemaa-yllattava-uusi-bisnesidea\/1515736\" rel=\"nofollow noopener\" target=\"_blank\"><\/p>\n<p class=\"section-date\">\n        <strong class=\"article-section\" data-section=\"kotimaa\"><br \/>\n            kotimaa<br \/>\n        <\/strong><br \/>\n        8.11.2024 18:30\n    <\/p>\n<p>Ulosottoon joutunut Sara Sieppi vaihtoi maisemaa \u2013 yll\u00e4tt\u00e4v\u00e4 uusi bisnesidea!\n    <\/p>\n<p itemprop=\"description\" class=\"subtitle \">\n    Somevaikutta kertoo l\u00e4hteneens\u00e4 ulkomaille ottamaan happea.\n<\/p>\n<p>        <\/a><\/p>\n<p>Is\u00e4n ja lapsen ensikohtaaminen<\/p>\n<p class=\"article-content article-content-width !bg-background\">Pyry ja lapsi kohtasivat ensikertaa perheen Helsingin kodissa. Hetki oli Saralle synnytyst\u00e4 merkityksellisempi.<\/p>\n<p class=\"article-content article-content-width !bg-background\"> \u2013 Sit se kohtaaminen, kun mun puoliso tulee kotiin ja kohtaa vauvan. Se oli jotain, jota on tosi vaikea pukea sanoiksi. Se oli hieno kokemus. Jotenkin musta my\u00f6s ihanaa, ett\u00e4 toi lopulta meni noin, ett\u00e4 me oltiin rauhassa kotona, ja mun puoliso tuli kotiin ja meill\u00e4 oli kolmistaan se hetki, ettei ollut sit\u00e4 hirveet\u00e4 h\u00e4rdelli\u00e4 ja muuta.\u00a0<\/p>\n<p class=\"article-content article-content-width !bg-background\"> \u2013\u00a0Musta tuntuu ett\u00e4 se on semmonen asia, joka j\u00e4\u00e4 mun syd\u00e4meen enemm\u00e4n, kuin se synnytys. Kun me kohdattiin perheen\u00e4 ekaa kertaa ja oltiin kotona kaikki, Sara kertoo.<\/p>\n<p>        <a itemprop=\"url\" href=\"https:\/\/www.seiska.fi\/kotimaa\/sara-sieppi-paljastaa-uimapuvussaan-levilla-afterskiit-naytti-talta\/1230355\" rel=\"nofollow noopener\" target=\"_blank\"><\/p>\n<p class=\"section-date\">\n        <strong class=\"article-section\" data-section=\"kotimaa\"><br \/>\n            kotimaa<br \/>\n        <\/strong><br \/>\n        29.12.2023 14:28\n    <\/p>\n<p>Sara Sieppi paljastaa uimapuvussaan Levill\u00e4: &#8221;Afterskiit n\u00e4ytti t\u00e4lt\u00e4&#8221;\n    <\/p>\n<p itemprop=\"description\" class=\"subtitle \">\n    Sara Sieppi kertoo, mit\u00e4 Levill\u00e4 oikein tapahtui.\n<\/p>\n<p>        <\/a><\/p>\n","protected":false},"excerpt":{"rendered":"Timo Korhonen Pyry Soiri ei ehtinyt mukaan Saran synnytykseen. Ex-missi ja somevaikuttaja , 34, synnytti esikoislapsensa maaliskuun lopulla.&hellip;\n","protected":false},"author":2,"featured_media":247426,"comment_status":"","ping_status":"","sticky":false,"template":"","format":"standard","meta":{"footnotes":"","_share_on_mastodon":"0"},"categories":[130],"tags":[137,33,31,30,104,212,2923,3424,3423,32,109],"class_list":["post-247425","post","type-post","status-publish","format-standard","has-post-thumbnail","category-viihde","tag-entertainment","tag-fi","tag-finland","tag-finnish","tag-helsinki","tag-lifestyle","tag-podcast","tag-pyry-soiri","tag-sara-sieppi","tag-suomi","tag-viihde"],"share_on_mastodon":{"url":"https:\/\/pubeurope.com\/@fi\/116571490681549606","error":""},"_links":{"self":[{"href":"https:\/\/www.europesays.com\/fi\/wp-json\/wp\/v2\/posts\/247425","targetHints":{"allow":["GET"]}}],"collection":[{"href":"https:\/\/www.europesays.com\/fi\/wp-json\/wp\/v2\/posts"}],"about":[{"href":"https:\/\/www.europesays.com\/fi\/wp-json\/wp\/v2\/types\/post"}],"author":[{"embeddable":true,"href":"https:\/\/www.europesays.com\/fi\/wp-json\/wp\/v2\/users\/2"}],"replies":[{"embeddable":true,"href":"https:\/\/www.europesays.com\/fi\/wp-json\/wp\/v2\/comments?post=247425"}],"version-history":[{"count":0,"href":"https:\/\/www.europesays.com\/fi\/wp-json\/wp\/v2\/posts\/247425\/revisions"}],"wp:featuredmedia":[{"embeddable":true,"href":"https:\/\/www.europesays.com\/fi\/wp-json\/wp\/v2\/media\/247426"}],"wp:attachment":[{"href":"https:\/\/www.europesays.com\/fi\/wp-json\/wp\/v2\/media?parent=247425"}],"wp:term":[{"taxonomy":"category","embeddable":true,"href":"https:\/\/www.europesays.com\/fi\/wp-json\/wp\/v2\/categories?post=247425"},{"taxonomy":"post_tag","embeddable":true,"href":"https:\/\/www.europesays.com\/fi\/wp-json\/wp\/v2\/tags?post=247425"}],"curies":[{"name":"wp","href":"https:\/\/api.w.org\/{rel}","templated":true}]}}