{"id":24755,"date":"2025-09-03T19:50:09","date_gmt":"2025-09-03T19:50:09","guid":{"rendered":"https:\/\/www.europesays.com\/fi\/24755\/"},"modified":"2025-09-03T19:50:09","modified_gmt":"2025-09-03T19:50:09","slug":"nyt-disney-plussassa-vuoden-2025-menestyksekkain-hollywood-elokuva-saapui-kotikatseluun-kaoottinen-meno-on-taattu","status":"publish","type":"post","link":"https:\/\/www.europesays.com\/fi\/24755\/","title":{"rendered":"Nyt Disney Plussassa: Vuoden 2025 menestyksekk\u00e4in Hollywood-elokuva saapui kotikatseluun &#8211; kaoottinen meno on taattu!"},"content":{"rendered":"<p>Disneyn tuorein n\u00e4ytelty klassikkoversiointi Lilo &amp; Stitch on nyt saapunut suoratoistettavaksi. Menestyksekk\u00e4\u00e4n ja vauhdikkaan elokuvan p\u00e4\u00e4seekin katselemaan Disney Plus -palvelusta t\u00e4st\u00e4 p\u00e4iv\u00e4st\u00e4, keskiviikosta 3. syyskuuta, eteenp\u00e4in.<\/p>\n<p>Sininen ja p\u00f6rr\u00f6inen avaruusotus Stitch p\u00e4\u00e4tyy laskeutumaan Havaijille ja p\u00e4\u00e4tyy piilottelemaan jahtaajiaan nuoren Lilo-tyt\u00f6n kotiin. Kaksikko p\u00e4\u00e4tyy vauhdikkaaseen seikkailuun oppien matkansa varrella perheen merkityksest\u00e4.<\/p>\n<p>Lue my\u00f6s: <a href=\"https:\/\/www.episodi.fi\/uutiset\/porroisella-avaruusotuksella-menee-lujaa-disneyn-uusin-liveaction-seikkailu-nousi-vuoden-menestyneimmaksi-hollywood-elokuvaksi\/\" title=\"P\u00f6rr\u00f6isell\u00e4 avaruusotuksella menee lujaa! Disneyn uusin liveaction-seikkailu nousi vuoden menestyneimm\u00e4ksi Hollywood-elokuvaksi\" class=\"underline-custom !font-montserrat !font-bold !underline-offset-4 !decoration-4 !decoration-episodi-blue !text-md\" rel=\"nofollow noopener\" target=\"_blank\">P\u00f6rr\u00f6isell\u00e4 avaruusotuksella menee lujaa! Disneyn uusin liveaction-seikkailu nousi vuoden menestyneimm\u00e4ksi Hollywood-elokuvaksi<\/a><\/p>\n<p>Lue my\u00f6s: <a href=\"https:\/\/www.episodi.fi\/uutiset\/lilo-stitch-on-oodi-siskoudelle-ja-perheelle-haastattelussa-uuden-disney-elokuvan-paatahdet\/\" title=\"Lilo &amp; Stitch on oodi siskoudelle ja perheelle \u2013 haastattelussa uuden Disney-elokuvan p\u00e4\u00e4t\u00e4hdet\" class=\"underline-custom !font-montserrat !font-bold !underline-offset-4 !decoration-4 !decoration-episodi-blue !text-md\" rel=\"nofollow noopener\" target=\"_blank\">Lilo &amp; Stitch on oodi siskoudelle ja perheelle \u2013 haastattelussa uuden Disney-elokuvan p\u00e4\u00e4t\u00e4hdet<\/a><\/p>\n<p>Lilo &amp; Stitch on ainoa vuonna 2025 ensi-iltansa saanut Hollywood-elokuva, joka on t\u00e4h\u00e4n menness\u00e4 onnistunut ylitt\u00e4m\u00e4\u00e4n lippuluukuilla erinomaisen miljoonan dollarin rajapyykin. T\u00e4t\u00e4 my\u00f6ten se on t\u00e4m\u00e4n vuoden toiseksi parhaiten tienannut elokuva heti intensiivisesti etenev\u00e4n kiinalaisanimaatio Ne Zha 2:n j\u00e4lkeen. Ne Zha 2:n tienestipotti on jo huikeat yli 2,2 miljardia dollaria.<\/p>\n<p>Toukokuussa elokuvateatteriensi-iltansa saanut tarina sai Episodin virallisessa arvostelussa nelj\u00e4 t\u00e4hte\u00e4 \u2013 lue koko arvostelu <a href=\"https:\/\/www.episodi.fi\/elokuvat\/lilo-stitch-2\/\" rel=\"nofollow noopener\" target=\"_blank\">t\u00e4\u00e4lt\u00e4<\/a>.<\/p>\n<p>Lue my\u00f6s: <a href=\"https:\/\/www.episodi.fi\/uutiset\/uusi-lilo-stitch-saa-jatko-osan-stitch-ilmoitti-tiedon-hauskalla-videolla\/\" title=\"Uusi Lilo &amp; Stitch saa jatko-osan \u2013\u00a0Stitch ilmoitti tiedon hauskalla videolla\" class=\"underline-custom !font-montserrat !font-bold !underline-offset-4 !decoration-4 !decoration-episodi-blue !text-md\" rel=\"nofollow noopener\" target=\"_blank\">Uusi Lilo &amp; Stitch saa jatko-osan \u2013\u00a0Stitch ilmoitti tiedon hauskalla videolla<\/a><\/p>\n<p>Alla katseltavaksi uuden Lilo &amp; Stitchin virallinen traileri.<\/p>\n<p><img loading=\"lazy\" decoding=\"async\" alt=\"YouTube video\" width=\"480\" height=\"360\" data-pin-nopin=\"true\" nopin=\"nopin\" class=\"perfmatters-lazy\" src=\"https:\/\/www.europesays.com\/fi\/wp-content\/uploads\/2025\/09\/1756929008_461_hqdefault.jpg\"\/><\/p>\n<p>Lue my\u00f6s: <a href=\"https:\/\/www.episodi.fi\/uutiskirje\/?uutiskirjemainos=tekstilinkkimainos\" title=\"Tilaa Episodin uutiskirje ja voit voittaa leffalippuja! Nappaa tv-vinkit suoraan s\u00e4hk\u00f6postiin t\u00e4st\u00e4.\" class=\"underline-custom !font-montserrat !font-bold !underline-offset-4 !decoration-4 !decoration-episodi-blue !text-md\" rel=\"nofollow noopener\" target=\"_blank\">Tilaa Episodin uutiskirje ja voit voittaa leffalippuja! Nappaa katseluvinkit suoraan s\u00e4hk\u00f6postiin t\u00e4st\u00e4.<\/a><\/p>\n<p>\t\t\tAiheeseen liittyvi\u00e4 elokuvia<\/p>\n<p>                                        <a href=\"https:\/\/www.episodi.fi\/elokuvat\/lilo-stitch-2\/\" rel=\"bookmark nofollow noopener\" target=\"_blank\"><br \/>\n                    <img loading=\"lazy\" height=\"190\" width=\"133\" class=\"attachment-lg_poster size-lg_poster wp-post-image sp-no-webp perfmatters-lazy\" alt=\"\" decoding=\"async\" src=\"https:\/\/www.europesays.com\/fi\/wp-content\/uploads\/2025\/09\/lilo-ja-stitch-2025-juliste-133x190.jpg\"  data-\/>                     <\/a><\/p>\n","protected":false},"excerpt":{"rendered":"Disneyn tuorein n\u00e4ytelty klassikkoversiointi Lilo &amp; Stitch on nyt saapunut suoratoistettavaksi. Menestyksekk\u00e4\u00e4n ja vauhdikkaan elokuvan p\u00e4\u00e4seekin katselemaan Disney&hellip;\n","protected":false},"author":2,"featured_media":24756,"comment_status":"","ping_status":"","sticky":false,"template":"","format":"standard","meta":{"footnotes":""},"categories":[131],"tags":[566,298,155,137,33,173,31,30,8005,172,32,570,109],"class_list":{"0":"post-24755","1":"post","2":"type-post","3":"status-publish","4":"format-standard","5":"has-post-thumbnail","7":"category-elokuvat","8":"tag-disney-plus","9":"tag-disney","10":"tag-elokuvat","11":"tag-entertainment","12":"tag-fi","13":"tag-film","14":"tag-finland","15":"tag-finnish","16":"tag-lilo-stitch","17":"tag-movies","18":"tag-suomi","19":"tag-suoratoisto","20":"tag-viihde"},"share_on_mastodon":{"url":"","error":""},"_links":{"self":[{"href":"https:\/\/www.europesays.com\/fi\/wp-json\/wp\/v2\/posts\/24755","targetHints":{"allow":["GET"]}}],"collection":[{"href":"https:\/\/www.europesays.com\/fi\/wp-json\/wp\/v2\/posts"}],"about":[{"href":"https:\/\/www.europesays.com\/fi\/wp-json\/wp\/v2\/types\/post"}],"author":[{"embeddable":true,"href":"https:\/\/www.europesays.com\/fi\/wp-json\/wp\/v2\/users\/2"}],"replies":[{"embeddable":true,"href":"https:\/\/www.europesays.com\/fi\/wp-json\/wp\/v2\/comments?post=24755"}],"version-history":[{"count":0,"href":"https:\/\/www.europesays.com\/fi\/wp-json\/wp\/v2\/posts\/24755\/revisions"}],"wp:featuredmedia":[{"embeddable":true,"href":"https:\/\/www.europesays.com\/fi\/wp-json\/wp\/v2\/media\/24756"}],"wp:attachment":[{"href":"https:\/\/www.europesays.com\/fi\/wp-json\/wp\/v2\/media?parent=24755"}],"wp:term":[{"taxonomy":"category","embeddable":true,"href":"https:\/\/www.europesays.com\/fi\/wp-json\/wp\/v2\/categories?post=24755"},{"taxonomy":"post_tag","embeddable":true,"href":"https:\/\/www.europesays.com\/fi\/wp-json\/wp\/v2\/tags?post=24755"}],"curies":[{"name":"wp","href":"https:\/\/api.w.org\/{rel}","templated":true}]}}