{"id":24777,"date":"2025-09-03T20:22:09","date_gmt":"2025-09-03T20:22:09","guid":{"rendered":"https:\/\/www.europesays.com\/fi\/24777\/"},"modified":"2025-09-03T20:22:09","modified_gmt":"2025-09-03T20:22:09","slug":"veroetu-poistui-satakuntalaiset-pyorakauppiaat-tyynina","status":"publish","type":"post","link":"https:\/\/www.europesays.com\/fi\/24777\/","title":{"rendered":"Veroetu poistui \u2013 satakuntalaiset py\u00f6r\u00e4kauppiaat tyynin\u00e4"},"content":{"rendered":"<p class=\"article-ingress--medium\">Kalliimpien polkupy\u00f6rien myynti k\u00e4\u00e4ntyy v\u00e4\u00e4j\u00e4\u00e4m\u00e4tt\u00e4 laskuun, mutta halvempien menekki kompensoi tilannetta.<\/p>\n<p><img decoding=\"async\" src=\"https:\/\/www.europesays.com\/fi\/wp-content\/uploads\/2025\/09\/1756930929_322_468.jpg\" alt=\"Fillarikauppa Cycli Pori oy:n yritt\u00e4j\u00e4 Tomi Kauppi esittelee edullisempaa maastopy\u00f6r\u00e4\u00e4. N\u00e4iden myynti on veroedun p\u00e4\u00e4ttymisen vuoksi hyv\u00e4ss\u00e4 vauhdissa, kalliimpien py\u00f6rien myynti puolestaan laskussa.\" class=\"_Img_tdqg8_1\" style=\"aspect-ratio:1.5\" loading=\"eager\"\/><\/p>\n<p class=\"article-picture-caption\">Fillarikauppa Cycli Pori oy:n yritt\u00e4j\u00e4 Tomi Kauppi esittelee edullisempaa maastopy\u00f6r\u00e4\u00e4. N\u00e4iden myynti on veroedun p\u00e4\u00e4ttymisen vuoksi hyv\u00e4ss\u00e4 vauhdissa, kalliimpien py\u00f6rien myynti puolestaan laskussa. Kuva:\u00a0Heikki Westerg\u00e5rd<\/p>\n<p><a href=\"https:\/\/www.satakunnankansa.fi\/haku\/?query=Mikko+Elo\" rel=\"nofollow noopener\" target=\"_blank\"><\/p>\n<p>Mikko Elo<\/p>\n<p><\/a><\/p>\n<p>16:30<\/p>\n<p class=\"article-body margin-bottom-24 padding-x-16\">Pori, Rauma<\/p>\n<p class=\"article-body margin-bottom-24 padding-x-16\">Huhtikuusta asti vireill\u00e4 ollut uudistus sai tiistaina sinettins\u00e4, kun hallitus tiedotti budjettiriihen p\u00e4\u00e4t\u00f6ksist\u00e4: <a class=\"article-genericlink\" href=\"https:\/\/www.hs.fi\/talous\/art-2000011469214.html\" rel=\"nofollow noopener\" target=\"_blank\">ty\u00f6suhdepolkupy\u00f6rien veroetu poistui<\/a>.<\/p>\n<p class=\"article-body margin-bottom-24 padding-x-16\">Aiemmin ty\u00f6nantaja pystyi tarjoamaan ty\u00f6ntekij\u00e4lleen k\u00e4ytt\u00f6\u00f6n py\u00f6r\u00e4n ilman, ett\u00e4 siit\u00e4 tarvitsi maksaa veroa. Etu oli veroton 1\u202f200 euroon asti vuodessa.<\/p>\n<p>KommentoiIlmoita asiavirheest\u00e4KommentoiIlmoita asiavirheest\u00e4<\/p>\n","protected":false},"excerpt":{"rendered":"Kalliimpien polkupy\u00f6rien myynti k\u00e4\u00e4ntyy v\u00e4\u00e4j\u00e4\u00e4m\u00e4tt\u00e4 laskuun, mutta halvempien menekki kompensoi tilannetta. Fillarikauppa Cycli Pori oy:n yritt\u00e4j\u00e4 Tomi Kauppi&hellip;\n","protected":false},"author":2,"featured_media":24778,"comment_status":"","ping_status":"","sticky":false,"template":"","format":"standard","meta":{"footnotes":""},"categories":[76],"tags":[79,77,33,31,30,80,32,78],"class_list":{"0":"post-24777","1":"post","2":"type-post","3":"status-publish","4":"format-standard","5":"has-post-thumbnail","7":"category-talous","8":"tag-business","9":"tag-economy","10":"tag-fi","11":"tag-finland","12":"tag-finnish","13":"tag-satakunnan-kansa","14":"tag-suomi","15":"tag-talous"},"share_on_mastodon":{"url":"","error":""},"_links":{"self":[{"href":"https:\/\/www.europesays.com\/fi\/wp-json\/wp\/v2\/posts\/24777","targetHints":{"allow":["GET"]}}],"collection":[{"href":"https:\/\/www.europesays.com\/fi\/wp-json\/wp\/v2\/posts"}],"about":[{"href":"https:\/\/www.europesays.com\/fi\/wp-json\/wp\/v2\/types\/post"}],"author":[{"embeddable":true,"href":"https:\/\/www.europesays.com\/fi\/wp-json\/wp\/v2\/users\/2"}],"replies":[{"embeddable":true,"href":"https:\/\/www.europesays.com\/fi\/wp-json\/wp\/v2\/comments?post=24777"}],"version-history":[{"count":0,"href":"https:\/\/www.europesays.com\/fi\/wp-json\/wp\/v2\/posts\/24777\/revisions"}],"wp:featuredmedia":[{"embeddable":true,"href":"https:\/\/www.europesays.com\/fi\/wp-json\/wp\/v2\/media\/24778"}],"wp:attachment":[{"href":"https:\/\/www.europesays.com\/fi\/wp-json\/wp\/v2\/media?parent=24777"}],"wp:term":[{"taxonomy":"category","embeddable":true,"href":"https:\/\/www.europesays.com\/fi\/wp-json\/wp\/v2\/categories?post=24777"},{"taxonomy":"post_tag","embeddable":true,"href":"https:\/\/www.europesays.com\/fi\/wp-json\/wp\/v2\/tags?post=24777"}],"curies":[{"name":"wp","href":"https:\/\/api.w.org\/{rel}","templated":true}]}}