{"id":248126,"date":"2026-05-14T23:48:10","date_gmt":"2026-05-14T23:48:10","guid":{"rendered":"https:\/\/www.europesays.com\/fi\/248126\/"},"modified":"2026-05-14T23:48:10","modified_gmt":"2026-05-14T23:48:10","slug":"suomen-ja-israelin-puolustusseminaari-sai-arvosteluryopyn-oppositiopuolueista-kyseessa-on-maa-joka-toteuttaa-kansanmurhaa-uutisia-lyhyesti","status":"publish","type":"post","link":"https:\/\/www.europesays.com\/fi\/248126\/","title":{"rendered":"Suomen ja Israelin puolustusseminaari sai arvostelury\u00f6pyn oppositiopuolueista \u2013 \u201dKyseess\u00e4 on maa, joka toteuttaa kansanmurhaa\u201d | Uutisia lyhyesti"},"content":{"rendered":"<p class=\"aw-1gybjub aw-5vja16 kEtdKx kmuxyA yle__article__paragraph\">Helsingiss\u00e4 t\u00e4ll\u00e4 viikolla pidettyyn seminaariin osallistui yli 30 israelilaista puolustusalan yrityst\u00e4 ja noin 30 suomalaisyrityst\u00e4, tiedotti Israelin puolustusministeri\u00f6.<\/p>\n<p><img decoding=\"async\" alt=\" Puolustusministeri\u00f6n julkisivu p\u00e4\u00e4sis\u00e4nk\u00e4yti nimi kyltti.\" src=\"https:\/\/www.europesays.com\/fi\/wp-content\/uploads\/2026\/05\/1769267329.jpeg\" class=\"aw-1l9m598 hKVVvP\"\/><\/p>\n<p>Avaa kuvien katselu<\/p>\n<p>Puolustusministeri\u00f6n sis\u00e4\u00e4nk\u00e4ynti sotkettiin viime kes\u00e4n\u00e4 maalilla. Kuva: Bouari Mohamed Sharif El \/ Yle<\/p>\n<p class=\"aw-1gybjub aw-1p7kakr kEtdKx cEmitX yle__article__paragraph\">Suomen ja Israelin j\u00e4rjest\u00e4m\u00e4 yhteinen puolustusseminaari Helsingiss\u00e4 on nostattanut kritiikki\u00e4. Vihreiden eduskuntaryhm\u00e4n varapuheenjohtaja Saara Hyrkk\u00f6 tuomitsi helatorstaina jyrk\u00e4sti hallituksen toiminnan.<\/p>\n<p class=\"aw-1gybjub aw-1p7kakr kEtdKx cEmitX yle__article__paragraph\">\u2013 Kyseess\u00e4 on maa, joka toteuttaa kansanmurhaa Gazassa, sortaa ja surmaa palestiinalaisia L\u00e4nsirannalla, k\u00e4y armotonta sotaa Libanonissa ja on s\u00e4\u00e4t\u00e4nyt kuolemanrangaistuslain, joka koskee vain palestiinalaisia, kirjoittaa Hyrkk\u00f6 lausunnossa.<\/p>\n<p class=\"aw-1gybjub aw-1p7kakr kEtdKx cEmitX yle__article__paragraph\">Seminaaria arvosteli my\u00f6s vasemmistoliiton europarlamentaarikko Li Andersson Instagram-p\u00e4ivityksess\u00e4.<\/p>\n<p class=\"aw-1gybjub aw-1p7kakr kEtdKx cEmitX yle__article__paragraph\">\u2013 T\u00e4m\u00e4 on kyll\u00e4 niin k\u00e4sitt\u00e4m\u00e4t\u00f6n ratkaisu ja arvovalinta t\u00e4ss\u00e4 ajassa, ett\u00e4 melkein loppuu sanat. L\u00e4hestulkoon miss\u00e4 tahansa muualla Euroopassa t\u00e4llainen tapahtuma olisi suuren mittaluokan poliittinen skandaali, Andersson kirjoittaa.<\/p>\n<p class=\"aw-1gybjub aw-1p7kakr kEtdKx cEmitX yle__article__paragraph\">Helsingiss\u00e4 t\u00e4ll\u00e4 viikolla pidettyyn seminaariin osallistui yli 30 israelilaista puolustusalan yrityst\u00e4 ja noin 30 suomalaisyrityst\u00e4, tiedotti Israelin puolustusministeri\u00f6. Tapahtumaa j\u00e4rjest\u00e4m\u00e4ss\u00e4 oli my\u00f6s Suomen puolustusministeri\u00f6. Tapahtumasta uutisoi aiemmin Helsingin Sanomat.<\/p>\n<p>Israel: Suomi \u201dj\u00e4rk\u00e4ht\u00e4m\u00e4tt\u00f6m\u00e4n sitoutunut\u201d<\/p>\n<p class=\"aw-1gybjub aw-1p7kakr kEtdKx cEmitX yle__article__paragraph\">Israelin mukaan seminaarilla vahvistettiin maan puolustusteollisuuden vienti\u00e4.<\/p>\n<p class=\"aw-1gybjub aw-1p7kakr kEtdKx cEmitX yle__article__paragraph\">\u2013 Suomi on erottautunut edukseen vakaana ja luotettavana kumppanina, jonka puolustusteollisuus tarjoaa maailmanluokan teknologisia kykyj\u00e4, Israelin puolustusministeri\u00f6n lausunnossa kerrotaan.<\/p>\n<p class=\"aw-1gybjub aw-1p7kakr kEtdKx cEmitX yle__article__paragraph\">Israelin mukaan Suomi on \u201dj\u00e4rk\u00e4ht\u00e4m\u00e4tt\u00f6m\u00e4n sitoutunut\u201d maiden v\u00e4liseen suhteeseen puolustusyhteisty\u00f6ss\u00e4.<\/p>\n<p class=\"aw-1gybjub aw-1p7kakr kEtdKx cEmitX yle__article__paragraph\">Seminaarin israelilaisyhti\u00f6iden kerrottiin edustaneen erityisesti ilmatorjuntaa, drooniteknologiaa, droonintorjuntaa ja rajaturvallisuutta.<\/p>\n<p class=\"aw-1gybjub aw-1p7kakr kEtdKx cEmitX yle__article__paragraph\">Puolustusministeri\u00f6n yhteisty\u00f6t\u00e4 Israelin aseyhti\u00f6iden kanssa on arvosteltu my\u00f6s aiemmin. Viime kes\u00e4n\u00e4 aktivistiryhm\u00e4 <a class=\"aw-iao6s4 iHOxEa yle__article__link\" href=\"https:\/\/yle.fi\/a\/74-20166346\" role=\"link\" rel=\"nofollow noopener\" target=\"_blank\">sotki ministeri\u00f6n<\/a> p\u00e4\u00e4sis\u00e4\u00e4nk\u00e4ynnin maalilla protestina Gazan sotaa vastaan.<\/p>\n","protected":false},"excerpt":{"rendered":"Helsingiss\u00e4 t\u00e4ll\u00e4 viikolla pidettyyn seminaariin osallistui yli 30 israelilaista puolustusalan yrityst\u00e4 ja noin 30 suomalaisyrityst\u00e4, tiedotti Israelin puolustusministeri\u00f6.&hellip;\n","protected":false},"author":2,"featured_media":248127,"comment_status":"","ping_status":"","sticky":false,"template":"","format":"standard","meta":{"footnotes":"","_share_on_mastodon":"0"},"categories":[12],"tags":[22,23,26,27,33,31,30,17,993,992,24,25,3572,782,28,29,15,18,21,637,11591,2535,34732,32,19,20,16],"class_list":["post-248126","post","type-post","status-publish","format-standard","has-post-thumbnail","category-suomi","tag-breaking-news","tag-breakingnews","tag-featured-news","tag-featurednews","tag-fi","tag-finland","tag-finnish","tag-headlines","tag-israel","tag-lahi-ita","tag-latest-news","tag-latestnews","tag-libanon","tag-maanpuolustus","tag-main-news","tag-mainnews","tag-news","tag-otsikot","tag-paauutiset","tag-politiikka","tag-puolustusministerio","tag-puolustuspolitiikka","tag-suomen-puolustusministerio","tag-suomi","tag-top-stories","tag-topstories","tag-uutiset"],"share_on_mastodon":{"url":"https:\/\/pubeurope.com\/@fi\/116575607629227176","error":""},"_links":{"self":[{"href":"https:\/\/www.europesays.com\/fi\/wp-json\/wp\/v2\/posts\/248126","targetHints":{"allow":["GET"]}}],"collection":[{"href":"https:\/\/www.europesays.com\/fi\/wp-json\/wp\/v2\/posts"}],"about":[{"href":"https:\/\/www.europesays.com\/fi\/wp-json\/wp\/v2\/types\/post"}],"author":[{"embeddable":true,"href":"https:\/\/www.europesays.com\/fi\/wp-json\/wp\/v2\/users\/2"}],"replies":[{"embeddable":true,"href":"https:\/\/www.europesays.com\/fi\/wp-json\/wp\/v2\/comments?post=248126"}],"version-history":[{"count":0,"href":"https:\/\/www.europesays.com\/fi\/wp-json\/wp\/v2\/posts\/248126\/revisions"}],"wp:featuredmedia":[{"embeddable":true,"href":"https:\/\/www.europesays.com\/fi\/wp-json\/wp\/v2\/media\/248127"}],"wp:attachment":[{"href":"https:\/\/www.europesays.com\/fi\/wp-json\/wp\/v2\/media?parent=248126"}],"wp:term":[{"taxonomy":"category","embeddable":true,"href":"https:\/\/www.europesays.com\/fi\/wp-json\/wp\/v2\/categories?post=248126"},{"taxonomy":"post_tag","embeddable":true,"href":"https:\/\/www.europesays.com\/fi\/wp-json\/wp\/v2\/tags?post=248126"}],"curies":[{"name":"wp","href":"https:\/\/api.w.org\/{rel}","templated":true}]}}