{"id":24821,"date":"2025-09-03T21:29:13","date_gmt":"2025-09-03T21:29:13","guid":{"rendered":"https:\/\/www.europesays.com\/fi\/24821\/"},"modified":"2025-09-03T21:29:13","modified_gmt":"2025-09-03T21:29:13","slug":"tassa-ovat-suuren-seikkailun-uudet-kilpailijat-mukana-erika-vikmanin-sisko","status":"publish","type":"post","link":"https:\/\/www.europesays.com\/fi\/24821\/","title":{"rendered":"T\u00e4ss\u00e4 ovat Suuren seikkailun uudet kilpailijat \u2013 mukana Erika Vikmanin sisko"},"content":{"rendered":"<p class=\"article-content article-content-width !bg-background\">Suuresta seikkailusta ilmestyy uusi kausi vuonna 2026. Nelonen julkisti tulevan kauden kilpailijat, jotka mittel\u00f6iv\u00e4t 20 000 euron voitosta Muonion er\u00e4maassa.<\/p>\n<p class=\"article-content article-content-width !bg-background\">Video: Suuri seikkailu -ohjelman edellisen kauden kilpailijat kertovat, mit\u00e4 kaipasivat ohjelman kuvauksissa.\u00a0<\/p>\n<p class=\"article-content article-content-width !bg-background\">Ensi vuoden puolella tv:ss\u00e4 n\u00e4ht\u00e4v\u00e4n kolmannen kauden kuvaukset ovat juuri alkamassa, ja kilpailijat l\u00e4htev\u00e4t kohti Muoniota keskiviikkona 3.9.<\/p>\n<p class=\"article-content article-content-width !bg-background\">Mukana kilpailussa ovat liikunnanohjaaja , kirjailija , n\u00e4yttelij\u00e4 , sarjakuvak\u00e4sikirjoittaja , n\u00e4yttelij\u00e4 , somevaikuttaja , laulaja , laulaja , kansanedustaja , somevaikuttaja , mediapersoona , poliisi , taiteilija , yritt\u00e4j\u00e4 , viittomakieliartisti  ja somevaikuttaja .<\/p>\n<p class=\"article-content article-content-width !bg-background\">Ohjelman juontaa tuttuun tapaan .<\/p>\n<p>        <a itemprop=\"url\" href=\"https:\/\/www.seiska.fi\/katso\/rosanna-kuljulle-kavi-katalasti-suuressa-seikkailussa-porotietamys-koitui-kohtaloksi\/1703360\" rel=\"nofollow noopener\" target=\"_blank\"><\/p>\n<p>\nSuuri seikkailu\n<\/p>\n<p class=\"section-date\">\n        <strong class=\"article-section\" data-section=\"katso\"><br \/>\n            katso<br \/>\n        <\/strong><br \/>\n        17.5. 16:15\n    <\/p>\n<p>    Rosanna Kuljulle k\u00e4vi katalasti Suuressa seikkailussa \u2013 porotiet\u00e4mys koitui kohtaloksi<\/p>\n<p itemprop=\"description\" class=\"subtitle \">\n    Somevaikuttajan valttikortti ei toiminut Suuren seikkailun joukkueteht\u00e4v\u00e4ss\u00e4.\n<\/p>\n<p>        <\/a><\/p>\n<p>Tutustu kilpailijoihin<\/p>\n<p class=\"italic m-italic article-content article-content-width !bg-background\">\u00a0\u201dM\u00e4 oon sellanen 0 tai 100 ihminen, kaikki pit\u00e4\u00e4 tehd\u00e4 t\u00e4ysill\u00e4<br \/>\ntai ei\u00a0ollenkaan.\u201d\u00a0<\/p>\n<p>                <img decoding=\"async\" src=\"https:\/\/www.europesays.com\/fi\/wp-content\/uploads\/2025\/09\/1919328.webp\" width=\"576\" height=\"274\" alt=\"T\u00e4ss\u00e4 ovat Suuren seikkailun uudet kilpailijat \u2013 mukana Erika Vikmanin sisko\" loading=\"lazy\" \/>            <\/p>\n<p>            Nelonen\n        <\/p>\n<p class=\"article-content article-content-width !bg-background\">Liikunta on n\u00e4yttelij\u00e4n\u00e4 tunnetuksi tulleen Kertun suuri<br \/>\nintohimo ja\u00a0el\u00e4m\u00e4ntapa. Salatuissa el\u00e4miss\u00e4 pitk\u00e4\u00e4n n\u00e4ytellyt Kerttu<br \/>\ntoimii nykyisin\u00a0hyvinvointialalla muun muassa kuntovalmentajana ja<br \/>\njoogaohjaajana. Kerttu on aiemminkin n\u00e4hty selviytymisrealityiss\u00e4, kuten\u00a0Selviytyj\u00e4t Suomessa ja Erikoisjoukoissa.<\/p>\n<p>        <a itemprop=\"url\" href=\"https:\/\/www.seiska.fi\/kotimaa\/voi-ei-kerttu-rissasen-paiva-sai-katastrofaalisen-kaanteen\/1918720\" rel=\"nofollow noopener\" target=\"_blank\"><\/p>\n<p>\nVoi ei, mik\u00e4 p\u00e4iv\u00e4!\n<\/p>\n<p class=\"section-date\">\n        <strong class=\"article-section\" data-section=\"kotimaa\"><br \/>\n            kotimaa<br \/>\n        <\/strong><br \/>\n        2.9. 19:30\n    <\/p>\n<p>    Voi ei! Kerttu Rissasen p\u00e4iv\u00e4 sai katastrofaalisen k\u00e4\u00e4nteen<\/p>\n<p itemprop=\"description\" class=\"subtitle \">\n    Kertun tiistaip\u00e4iv\u00e4 ei mennyt niin sanotusti putkeen.\n<\/p>\n<p>        <\/a><\/p>\n<p class=\"article-content article-content-width !bg-background\">, 65, kirjailija\u00a0<\/p>\n<p class=\"italic m-italic article-content article-content-width !bg-background\">\u201dMun suuri seikkailu alkoi 39<br \/>\nvuotta sitten, kun tulin Suomeen, ja t\u00e4m\u00e4h\u00e4n on vain jatkumoa sille<br \/>\nseikkailulle.\u201d\u00a0<\/p>\n<p>                <img decoding=\"async\" src=\"https:\/\/www.europesays.com\/fi\/wp-content\/uploads\/2025\/09\/1919320.webp\" width=\"576\" height=\"274\" alt=\"T\u00e4ss\u00e4 ovat Suuren seikkailun uudet kilpailijat \u2013 mukana Erika Vikmanin sisko\" loading=\"lazy\" \/>            <\/p>\n<p>            Nelonen\n        <\/p>\n<p class=\"article-content article-content-width !bg-background\">Saksalaissyntyinen kirjailija ja toimittaja ei\u00a0ole tippaakaan kilpailuhenkinen, mutta kuitenkin lojaali<br \/>\ntiimipelaaja. H\u00e4n tunnustaa, ett\u00e4 er\u00e4taidoissa on<br \/>\ntoivomisen varaa.\u00a0Vahvuudekseen h\u00e4n kokee hyv\u00e4n yleissivistyksen.<\/p>\n<p class=\"article-content article-content-width !bg-background\">, 33, n\u00e4yttelij\u00e4\u00a0<\/p>\n<p class=\"italic m-italic article-content article-content-width !bg-background\">\u201dMun vahvuus on mun notkeat<br \/>\nnilkat, p\u00e4\u00e4sen alam\u00e4ke\u00e4 nopeasti ja ketter\u00e4sti\u00a0kuin vuorikauris.\u201d\u00a0<\/p>\n<p>                <img decoding=\"async\" src=\"https:\/\/www.europesays.com\/fi\/wp-content\/uploads\/2025\/09\/1919322.webp\" width=\"576\" height=\"274\" alt=\"T\u00e4ss\u00e4 ovat Suuren seikkailun uudet kilpailijat \u2013 mukana Erika Vikmanin sisko\" loading=\"lazy\" \/>            <\/p>\n<p>            Nelonen\n        <\/p>\n<p class=\"article-content article-content-width !bg-background\">Elokuvarooleistaan  ja  tunnettu n\u00e4yttelij\u00e4 harrastaa<br \/>\nmuun muassa surffausta ja sukellusta. Tatulla on my\u00f6s kokemusta Atlantin yli<br \/>\npurjehduksesta ja kalastuksesta. Kompastuskiven\u00e4<br \/>\nn\u00e4yttelij\u00e4ll\u00e4 voi olla liiallinen innokkuus, ja haasteelliseksi Tatu kokee rauhoittumisen ja hetkeen pys\u00e4htymisen.<\/p>\n<p>        <a itemprop=\"url\" href=\"https:\/\/www.seiska.fi\/katso\/ahdistavasta-kaytoksesta-syytetty-somevaikuttaja-tanaan-tvssa-nain-elamanmuutos-onnistui\/1919042\" rel=\"nofollow noopener\" target=\"_blank\"><\/p>\n<p>\nSyyt\u00f6ksi\u00e4 ahdistavasta k\u00e4yt\u00f6ksest\u00e4\n<\/p>\n<p class=\"section-date\">\n        <strong class=\"article-section\" data-section=\"katso\"><br \/>\n            katso<br \/>\n        <\/strong><br \/>\n        12:13\n    <\/p>\n<p>    Ahdistavasta k\u00e4yt\u00f6ksest\u00e4 syytetty somevaikuttaja t\u00e4n\u00e4\u00e4n tv:ss\u00e4 &#8211; n\u00e4in el\u00e4m\u00e4nmuutos onnistui<\/p>\n<p itemprop=\"description\" class=\"subtitle \">\n    Kohun keskelle joutunut Eero Herranen esittelee keskiviikkona 3.9. tv-kansalle j\u00e4\u00e4kaappinsa.\n<\/p>\n<p>        <\/a><\/p>\n<p class=\"article-content article-content-width !bg-background\">, 38, sarjakuvak\u00e4sikirjoittaja ja juontaja<\/p>\n<p class=\"italic m-italic article-content article-content-width !bg-background\">\u00a0\u201dSuuri Seikkailu on mulle<br \/>\nhyppy tuntemattomaan, mutta l\u00e4hden kisaan\u00a0oppimaan, kokemaan, kilpailemaan<br \/>\nja voittamaan.\u201d<\/p>\n<p>                <img decoding=\"async\" src=\"https:\/\/www.europesays.com\/fi\/wp-content\/uploads\/2025\/09\/1919331.webp\" width=\"576\" height=\"274\" alt=\"T\u00e4ss\u00e4 ovat Suuren seikkailun uudet kilpailijat \u2013 mukana Erika Vikmanin sisko\" loading=\"lazy\" \/>            <\/p>\n<p>            Nelonen\n        <\/p>\n<p class=\"article-content article-content-width !bg-background\">Sarjakuvak\u00e4sikirjoittajana tunnettu entinen ammattijalkapalloilija ja<br \/>\nDiili-ohjelman voittaja Arttu toimii my\u00f6s juontajana. Kokeneelle kilpailijalle<br \/>\nkapteenin pesti on tuttu jalkapallokentilt\u00e4.\u00a0Lapin er\u00e4maa on puolestaan h\u00e4nelle ennest\u00e4\u00e4n hyvin vieras.<\/p>\n<p class=\"article-content article-content-width !bg-background\">, 58, n\u00e4yttelij\u00e4<\/p>\n<p class=\"article-content article-content-width !bg-background\">\u00a0\u201dMulta kysyt\u00e4\u00e4n aina tiet\u00e4<br \/>\njoka paikassa, jopa 8 kertaa p\u00e4iv\u00e4ss\u00e4, ulkomailla,\u00a0mets\u00e4ss\u00e4, kaupungissa.<br \/>\nEhk\u00e4 musta huokuu joku piilev\u00e4 auktoriteetti tai\u00a0viisaus.\u201d<\/p>\n<p>                <img decoding=\"async\" src=\"https:\/\/www.europesays.com\/fi\/wp-content\/uploads\/2025\/09\/1919332.webp\" width=\"576\" height=\"274\" alt=\"T\u00e4ss\u00e4 ovat Suuren seikkailun uudet kilpailijat \u2013 mukana Erika Vikmanin sisko\" loading=\"lazy\" \/>            <\/p>\n<p>            Sanoma\n        <\/p>\n<p class=\"article-content article-content-width !bg-background\">Sosiaalipsykologiaakin<br \/>\nopiskellut n\u00e4yttelij\u00e4 kokee olevansa enemm\u00e4n tiimipelaaja kuin sooloilija.<br \/>\nAnski viihtyy mets\u00e4ss\u00e4, mutta ei ole kokenut luonnossa liikkuja.<\/p>\n<p>        <a itemprop=\"url\" href=\"https:\/\/www.seiska.fi\/katso\/mn-ttkn-jattavalta-vappu-pimialta-tiukka-linja-ei-miehen-elatettavaksi\/1919072\" rel=\"nofollow noopener\" target=\"_blank\"><\/p>\n<p>\nVappu Pimi\u00e4 Me Naisissa\n<\/p>\n<p class=\"section-date\">\n        <strong class=\"article-section\" data-section=\"katso\"><br \/>\n            katso<br \/>\n        <\/strong><br \/>\n        11:10\n    <\/p>\n<p>    MN: TTK:n j\u00e4tt\u00e4v\u00e4lt\u00e4 Vappu Pimi\u00e4lt\u00e4 tiukka linja: Ei miehen el\u00e4tett\u00e4v\u00e4ksi<\/p>\n<p itemprop=\"description\" class=\"subtitle \">\n    Vappu Pimi\u00e4 avaa shokkip\u00e4\u00e4t\u00f6ksens\u00e4 taloudellisia vaikutuksia Me Naisten haastattelussa.\n<\/p>\n<p>        <\/a><\/p>\n<p class=\"article-content article-content-width !bg-background\">, 35, somevaikuttaja ja kirjailija\u00a0<\/p>\n<p class=\"italic m-italic article-content article-content-width !bg-background\">\u201dMun oma k\u00e4sitys itsest\u00e4ni on,<br \/>\nett\u00e4 olen leppoisa ja kepe\u00e4, mutta pinnan alla\u00a0tiukka peluri.\u201d<\/p>\n<p>                <img decoding=\"async\" src=\"https:\/\/www.europesays.com\/fi\/wp-content\/uploads\/2025\/09\/1919330.webp\" width=\"576\" height=\"274\" alt=\"T\u00e4ss\u00e4 ovat Suuren seikkailun uudet kilpailijat \u2013 mukana Erika Vikmanin sisko\" loading=\"lazy\" \/>            <\/p>\n<p>            Nelonen\n        <\/p>\n<p class=\"article-content article-content-width !bg-background\">Kirjailijana ja vaikuttajana<br \/>\ntunnetuksi tullut Eino tituleeraa itse\u00e4\u00e4n\u00a0\u201dvaltakunnan ykk\u00f6shomoksi\u201d.<br \/>\nMaalla lapsuutensa viett\u00e4nyt Eino on opiskellut\u00a0kotimaista kirjallisuutta<br \/>\nTurun yliopistossa ja on aktiivinen\u00a0seksuaaliv\u00e4hemmist\u00f6jen puolestapuhuja. Kirves saattaa pysy\u00e4<br \/>\nmiehell\u00e4 k\u00e4dess\u00e4, ja\u00a0er\u00e4taidot ovat hallussa ainakin teoriassa.\u00a0<\/p>\n<p class=\"article-content article-content-width !bg-background\">, 28, artisti\u00a0<\/p>\n<p class=\"article-content article-content-width !bg-background\">\u201dYks asia mik\u00e4 oikeesti<br \/>\nj\u00e4nnitt\u00e4\u00e4 miuta on pimeys, koskaan ei vaan voi tiet\u00e4\u00e4\u00a0mit\u00e4 siell\u00e4 pime\u00e4ss\u00e4<br \/>\nmets\u00e4ss\u00e4 piileskelee.\u201d<\/p>\n<p>                <img decoding=\"async\" src=\"https:\/\/www.europesays.com\/fi\/wp-content\/uploads\/2025\/09\/1919321.webp\" width=\"576\" height=\"274\" alt=\"T\u00e4ss\u00e4 ovat Suuren seikkailun uudet kilpailijat \u2013 mukana Erika Vikmanin sisko\" loading=\"lazy\" \/>            <\/p>\n<p>            Sanoma\n        <\/p>\n<p class=\"article-content article-content-width !bg-background\">Nuori laulaja-lauluntekij\u00e4 on<br \/>\nopiskellut muusikoksi ja osallistunut useisiin tv:n\u00a0laulukilpailuihin,<br \/>\nkuten Idolsiin. Artisti on tunnettu my\u00f6s sosiaalisen median\u00a0vaikuttajana. Nuppu ottaa kilpailemisen tosissaan ja\u00a0uskoo, ettei tunteenpurkauksilta voi v\u00e4ltty\u00e4.<\/p>\n<p class=\"article-content article-content-width !bg-background\">, 29, vaikuttaja ja laulaja<\/p>\n<p class=\"article-content article-content-width !bg-background\">\u201dM\u00e4 saatan yll\u00e4tt\u00e4\u00e4 muut ihmiset ja itseni olemalla tosi hyv\u00e4 jossain, mit\u00e4 kukaan ei tiennyt.\u201d<\/p>\n<p>                <img decoding=\"async\" src=\"https:\/\/www.europesays.com\/fi\/wp-content\/uploads\/2025\/09\/1919327.webp\" width=\"576\" height=\"274\" alt=\"T\u00e4ss\u00e4 ovat Suuren seikkailun uudet kilpailijat \u2013 mukana Erika Vikmanin sisko\" loading=\"lazy\" \/>            <\/p>\n<p>            Nelonen\n        <\/p>\n<p class=\"article-content article-content-width !bg-background\">Jennika on seurannut isosiskonsa  jalanj\u00e4lki\u00e4 ja luo nykyisin omaa uraa musiikin ja sosiaalisen median kent\u00e4ll\u00e4. Sisukkaalla ja sopeutuvaisella vaikuttajalla ei ole er\u00e4taitoja eik\u00e4 h\u00e4n ole juurikaan ennen edes telttaillut. H\u00e4vi\u00e4minen saattaa harmittaa h\u00e4nt\u00e4 niin paljon, ettei kenell\u00e4k\u00e4\u00e4n ole en\u00e4\u00e4 kivaa.<\/p>\n<p class=\"article-content article-content-width !bg-background\">, 53, kansanedustaja\u00a0<\/p>\n<p class=\"italic m-italic article-content article-content-width !bg-background\">\u201dM\u00e4 tunnen itseni pieneksi<br \/>\nsuuren luonnon \u00e4\u00e4rell\u00e4.\u201d<\/p>\n<p>                <img decoding=\"async\" src=\"https:\/\/www.europesays.com\/fi\/wp-content\/uploads\/2025\/09\/1919325.webp\" width=\"576\" height=\"274\" alt=\"Miapetra Kumpula-Natri\" loading=\"lazy\" \/>            <\/p>\n<p>\n            Miapetra Kumpula-Natri<br \/>\n            Sanoma\n        <\/p>\n<p class=\"article-content article-content-width !bg-background\">Kansanedustajan vahvuuksia ovat hyv\u00e4 yleissivistys ja looginen p\u00e4\u00e4ttelykyky.\u00a0H\u00e4n ei mene helposti paniikkiin.\u00a0Tottunut<br \/>\npuheenjohtaja ja ryhm\u00e4nvet\u00e4j\u00e4 ei my\u00f6sk\u00e4\u00e4n pelk\u00e4\u00e4 ottaa vastuuta. Oma<br \/>\nfyysinen kunto kuitenkin hieman j\u00e4nnitt\u00e4\u00e4.<\/p>\n<p class=\"article-content article-content-width !bg-background\">, 26, n\u00e4yttelij\u00e4 ja vaikuttaja<\/p>\n<p class=\"italic m-italic article-content article-content-width !bg-background\">\u00a0\u201dYl\u00e4asteella eksyin<br \/>\nsuunnistuksessa ja opettaja haki mut vasta kuudelta illalla\u00a0pois mets\u00e4st\u00e4.<br \/>\nKompassin k\u00e4ytt\u00f6\u00e4 mun t\u00e4ytyy siis varmaan v\u00e4h\u00e4n opetella.\u201d<\/p>\n<p>                <img decoding=\"async\" src=\"https:\/\/www.europesays.com\/fi\/wp-content\/uploads\/2025\/09\/1919355.webp\" width=\"576\" height=\"274\" alt=\"T\u00e4ss\u00e4 ovat Suuren seikkailun uudet kilpailijat \u2013 mukana Erika Vikmanin sisko\" loading=\"lazy\" \/>            <\/p>\n<p>            Sanoma\n        <\/p>\n<p class=\"article-content article-content-width !bg-background\">\nPeppina on tullut tunnetuksi Love Island -ohjelmasta. Peppina on<br \/>\nopiskellut\u00a0musikaalin\u00e4yttelemist\u00e4, ja h\u00e4n harrastaa avantouintia sek\u00e4<br \/>\ncrossfitia.\u00a0Fyysinen kunto on nuorella naisella kohdillaan, ja h\u00e4n osaa sopeutua<br \/>\nrooliin kuin rooliin\u00a0ryhm\u00e4ss\u00e4.<\/p>\n<p class=\"article-content article-content-width !bg-background\">, 34, mediapersoona, artisti<\/p>\n<p class=\"article-content article-content-width !bg-background\">\u201dSuurelta seikkailulta odotan mahdollisuutta hiljenty\u00e4 itseni \u00e4\u00e4relle.\u201d<\/p>\n<p>                <img decoding=\"async\" src=\"https:\/\/www.europesays.com\/fi\/wp-content\/uploads\/2025\/09\/1919334.webp\" width=\"576\" height=\"274\" alt=\"T\u00e4ss\u00e4 ovat Suuren seikkailun uudet kilpailijat \u2013 mukana Erika Vikmanin sisko\" loading=\"lazy\" \/>            <\/p>\n<p>            Nelonen\n        <\/p>\n<p class=\"article-content article-content-width !bg-background\">Daniel on suomalaisille tuttu lukuisista tv-ohjelmista ja sosiaalisesta mediasta. Danielilla on kokemusta \u00e4\u00e4riolosuhteista eri tv-ohjelmien kautta, h\u00e4n on osallistunut muun muassa aiemmin Selviytyjiin ja Farmi Suomeen. Espanjassa vuosia asuneen Danielin kylm\u00e4nsietokyky ja er\u00e4taidot eiv\u00e4t ole h\u00e4nen vahvuuksiaan, mutta voima ja sosiaaliset taidot ovat miehell\u00e4 kunnossa.<\/p>\n<p class=\"article-content article-content-width !bg-background\">, 48, poliisi\u00a0<\/p>\n<p class=\"italic m-italic article-content article-content-width !bg-background\">\u201dMun kilpailuvuodet on kaukana<br \/>\ntakana ja en ole en\u00e4\u00e4 kovin kilpailuhenkinen,\u00a0mutta aika varmaa on, ett\u00e4<br \/>\npelaaja mussa her\u00e4\u00e4 kunhan kisa starttaa.\u201d<\/p>\n<p>                <img decoding=\"async\" src=\"https:\/\/www.europesays.com\/fi\/wp-content\/uploads\/2025\/09\/1919323.webp\" width=\"576\" height=\"274\" alt=\"Taina Ojaniemi\" loading=\"lazy\" \/>            <\/p>\n<p>\n            Taina Ojaniemi<br \/>\n            Nelonen\n        <\/p>\n<p class=\"article-content article-content-width !bg-background\">Taina on yksi Suomen<br \/>\nmenestyneimmist\u00e4 naispuolisista keih\u00e4\u00e4nheitt\u00e4jist\u00e4\u00a0kautta aikojen. Urheilu-uransa j\u00e4lkeen Taina kouluttautui poliisiksi.\u00a0Ahkera ja j\u00e4m\u00e4kk\u00e4 p\u00e4\u00e4t\u00f6ksentekij\u00e4<br \/>\nomaa hyv\u00e4t vuorovaikutustaidot ja tykk\u00e4\u00e4\u00a0johtaa ja tehd\u00e4 p\u00e4\u00e4t\u00f6ksi\u00e4. Taina<br \/>\nvihaa palapelej\u00e4 ja pulmateht\u00e4vi\u00e4 niin paljon,\u00a0ettei suostu edes kasaamaan<br \/>\nlegoja lapsensa kanssa.\u00a0<\/p>\n<p class=\"article-content article-content-width !bg-background\">, 35, taiteilija<\/p>\n<p class=\"article-content article-content-width !bg-background\">\u201dSuuressa Seikkailussa mun strategia on luottaa omiin kykyihin ja menn\u00e4 sill\u00e4 loppuun saakka.\u201d<\/p>\n<p>                <img decoding=\"async\" src=\"https:\/\/www.europesays.com\/fi\/wp-content\/uploads\/2025\/09\/1919329.webp\" width=\"576\" height=\"274\" alt=\"T\u00e4ss\u00e4 ovat Suuren seikkailun uudet kilpailijat \u2013 mukana Erika Vikmanin sisko\" loading=\"lazy\" \/>            <\/p>\n<p>            Nelonen\n        <\/p>\n<p class=\"article-content article-content-width !bg-background\">Musta Barbaari -taiteilijanimell\u00e4 tunnetuksi tullut rap-artisti on viime aikoina ollut aktiivinen erityisesti fitness-urheilun ja sosiaalisen median parissa. Pulmapeleist\u00e4 innostuva James on tunnettu my\u00f6s yhteiskunnallisesta vaikuttamisesta sek\u00e4 muun muassa rasismin ja kiusaamisen vastaisesta ty\u00f6st\u00e4\u00e4n.\u00a0<\/p>\n<p class=\"article-content article-content-width !bg-background\">, 59, yritt\u00e4j\u00e4<\/p>\n<p class=\"italic m-italic article-content article-content-width !bg-background\">\u00a0\u201dEl\u00e4m\u00e4 on v\u00e4h\u00e4n niinku leffa<br \/>\nmit\u00e4 ei oo koskaan n\u00e4hny ja parempi niin, eih\u00e4n sit\u00e4 samaa leffaa aina<br \/>\njaksaiskaan kattoa.\u201d<\/p>\n<p>                <img decoding=\"async\" src=\"https:\/\/www.europesays.com\/fi\/wp-content\/uploads\/2025\/09\/1919318.webp\" width=\"576\" height=\"274\" alt=\"Veeti Kallio\" loading=\"lazy\" \/>            <\/p>\n<p>\n            Veeti Kallio<br \/>\n            Nelonen\n        <\/p>\n<p class=\"article-content article-content-width !bg-background\">Nykyisin yritt\u00e4j\u00e4n\u00e4 toimiva Veeti<br \/>\non tullut tunnetuksi 1990-luvulla laulajana ja n\u00e4yttelij\u00e4n\u00e4. Nyt h\u00e4n py\u00f6ritt\u00e4\u00e4 kahvilaa<br \/>\npuolisonsa kanssa Varsinais-Suomessa. Rauhallinen nikkaroija kokee olevansa<br \/>\nyksil\u00f6pelaaja, eik\u00e4 ole kovin hyv\u00e4 ottamaan k\u00e4skyj\u00e4 vastaan muilta. Veeti on<br \/>\nsyntynyt Lapissa, joten tunturimaisemat ja hillasuot ovat h\u00e4nelle jo<br \/>\nlapsuudesta tuttuja.<\/p>\n<p class=\"article-content article-content-width !bg-background\">, 28, sis\u00e4ll\u00f6ntuottaja, viittomakieliartisti\u00a0<\/p>\n<p class=\"italic m-italic article-content article-content-width !bg-background\">\u201dKun innostun, niin innostun<br \/>\nkunnolla, kilpailutilanteissa se voi olla hyv\u00e4 tai\u00a0huono asia.\u201d<\/p>\n<p>                <img decoding=\"async\" src=\"https:\/\/www.europesays.com\/fi\/wp-content\/uploads\/2025\/09\/1919324.webp\" width=\"576\" height=\"274\" alt=\"T\u00e4ss\u00e4 ovat Suuren seikkailun uudet kilpailijat \u2013 mukana Erika Vikmanin sisko\" loading=\"lazy\" \/>            <\/p>\n<p>            Nelonen\n        <\/p>\n<p class=\"article-content article-content-width !bg-background\">Kolumbiassa syntynyt ja<br \/>\n1-vuotiaana Suomeen adoptoitu Miguel tuli\u00a0tunnetuksi Uuden musiikin<br \/>\nkilpailun viittomakielisill\u00e4 tulkinnoillaan. Miguel\u00a0toimii<br \/>\nviittomakieliartistina, somevaikuttajana ja toimittajana. H\u00e4n on\u00a0tunnettu<br \/>\nenergisest\u00e4 esiintymistyylist\u00e4\u00e4n ja ty\u00f6st\u00e4\u00e4n kuurojen kulttuurin<br \/>\nja\u00a0viittomakielen n\u00e4kyvyyden edist\u00e4miseksi. Vaikka er\u00e4taidot eiv\u00e4t<br \/>\nole\u00a0v\u00e4ltt\u00e4m\u00e4tt\u00e4 kovin hyvin hallussa, uskoo Miguel omaksuvansa tarvittavat<br \/>\ntaidot\u00a0nopeasti.\u00a0<\/p>\n<p class=\"article-content article-content-width !bg-background\"> , 28, tubettaja<\/p>\n<p class=\"article-content article-content-width !bg-background\"> \u201dMun taktiikka on olla tarpeeks hanurista ja tarpeeks mukava, mut ei liikaa.\u201d <\/p>\n<p>                <img decoding=\"async\" src=\"https:\/\/www.europesays.com\/fi\/wp-content\/uploads\/2025\/09\/1919319.webp\" width=\"576\" height=\"274\" alt=\"Jere \u201dSere\u201d Siltala\" loading=\"lazy\" \/>            <\/p>\n<p>\n            Jere \u201dSere\u201d Siltala<br \/>\n            Nelonen\n        <\/p>\n<p class=\"article-content article-content-width !bg-background\">Juontajana ja sis\u00e4ll\u00f6ntuottajana toimiva Sere on tullut tunnetuksi<br \/>\nNRJ:n\u00a0aamu- ja iltap\u00e4iv\u00e4ohjelmista. Sere\u00a0kuuluu my\u00f6s \u201dToimistopojat\u201d -ryhm\u00e4\u00e4n, joka tekee<br \/>\nsuosittua viihdesis\u00e4lt\u00f6\u00e4\u00a0Youtubeen. Jalkapalloa vuosikaudet harrastanut<br \/>\njoukkuepelaaja kokee, ett\u00e4\u00a0urheilutaustasta voi olla hy\u00f6ty\u00e4 Suuren<br \/>\nSeikkailun kilpailuissa.<br \/>\nKeskittymiskyky ei lukeudu Seren vahvuuksiin. <\/p>\n","protected":false},"excerpt":{"rendered":"Suuresta seikkailusta ilmestyy uusi kausi vuonna 2026. Nelonen julkisti tulevan kauden kilpailijat, jotka mittel\u00f6iv\u00e4t 20 000 euron voitosta&hellip;\n","protected":false},"author":2,"featured_media":24822,"comment_status":"","ping_status":"","sticky":false,"template":"","format":"standard","meta":{"footnotes":""},"categories":[136],"tags":[8022,8021,407,3280,8019,137,33,31,30,8018,8017,8016,8015,408,1811,8014,8012,8011,8010,8009,8024,32,8023,8025,8020,8013,109],"class_list":{"0":"post-24821","1":"post","2":"type-post","3":"status-publish","4":"format-standard","5":"has-post-thumbnail","7":"category-julkkikset","8":"tag-anna-leena-sipila","9":"tag-arttu-seppala","10":"tag-celebrities","11":"tag-daniel-lehtonen","12":"tag-eino-nurmisto","13":"tag-entertainment","14":"tag-fi","15":"tag-finland","16":"tag-finnish","17":"tag-jaana-pelkonen","18":"tag-james-nikander","19":"tag-jennika-vikman","20":"tag-jere-siltala","21":"tag-julkkikset","22":"tag-kerttu-rissanen","23":"tag-love-island-peppina","24":"tag-miapetra-kumpula-natri","25":"tag-miguel-peltomaa","26":"tag-muonio","27":"tag-nuppu-oinas","28":"tag-roman-schatz","29":"tag-suomi","30":"tag-suuri-seikkailu","31":"tag-taina-ojaniemi","32":"tag-tatu-sinisalo","33":"tag-veeti-kallio","34":"tag-viihde"},"share_on_mastodon":{"url":"","error":""},"_links":{"self":[{"href":"https:\/\/www.europesays.com\/fi\/wp-json\/wp\/v2\/posts\/24821","targetHints":{"allow":["GET"]}}],"collection":[{"href":"https:\/\/www.europesays.com\/fi\/wp-json\/wp\/v2\/posts"}],"about":[{"href":"https:\/\/www.europesays.com\/fi\/wp-json\/wp\/v2\/types\/post"}],"author":[{"embeddable":true,"href":"https:\/\/www.europesays.com\/fi\/wp-json\/wp\/v2\/users\/2"}],"replies":[{"embeddable":true,"href":"https:\/\/www.europesays.com\/fi\/wp-json\/wp\/v2\/comments?post=24821"}],"version-history":[{"count":0,"href":"https:\/\/www.europesays.com\/fi\/wp-json\/wp\/v2\/posts\/24821\/revisions"}],"wp:featuredmedia":[{"embeddable":true,"href":"https:\/\/www.europesays.com\/fi\/wp-json\/wp\/v2\/media\/24822"}],"wp:attachment":[{"href":"https:\/\/www.europesays.com\/fi\/wp-json\/wp\/v2\/media?parent=24821"}],"wp:term":[{"taxonomy":"category","embeddable":true,"href":"https:\/\/www.europesays.com\/fi\/wp-json\/wp\/v2\/categories?post=24821"},{"taxonomy":"post_tag","embeddable":true,"href":"https:\/\/www.europesays.com\/fi\/wp-json\/wp\/v2\/tags?post=24821"}],"curies":[{"name":"wp","href":"https:\/\/api.w.org\/{rel}","templated":true}]}}