{"id":24858,"date":"2025-09-03T22:34:08","date_gmt":"2025-09-03T22:34:08","guid":{"rendered":"https:\/\/www.europesays.com\/fi\/24858\/"},"modified":"2025-09-03T22:34:08","modified_gmt":"2025-09-03T22:34:08","slug":"maasauna-unto-torosen-100-tonnin-saunaihme-raumalla","status":"publish","type":"post","link":"https:\/\/www.europesays.com\/fi\/24858\/","title":{"rendered":"Maasauna: Unto Torosen 100 tonnin saunaihme Raumalla"},"content":{"rendered":"<p class=\"article-ingress--large\">Unto Torosen vuosikymmenien unelma toteutui, kun raumalaismies rakensi kokonaan omin k\u00e4sin tavanomaisesta poikkeavan saunan takapihalleen.<\/p>\n<p><a href=\"https:\/\/www.satakunnankansa.fi\/haku\/?query=Kaija+Ulmanen\" rel=\"nofollow noopener\" target=\"_blank\"><\/p>\n<p>Kaija Ulmanen<\/p>\n<p><\/a><img decoding=\"async\" src=\"https:\/\/www.europesays.com\/fi\/wp-content\/uploads\/2025\/09\/1756938848_889_978.jpg\" alt=\"Unto Torosen (oik.) rakentaman maasaunan l\u00f6ylyj\u00e4 testasivat t\u00e4ll\u00e4 kertaa h\u00e4nen veljens\u00e4 Kalevi (toinen oik.) ja Mauri (toinen vas.). Sauna edustalla viilentym\u00e4ss\u00e4 oli my\u00f6s yst\u00e4v\u00e4 Kai Rakkolainen. Saunaa vartioivat Muumi-hahmot ovat Leena Torosen tekem\u00e4t. \" class=\"_Img_tdqg8_1\" style=\"aspect-ratio:1.5011727912431587\" loading=\"eager\"\/><\/p>\n<p class=\"article-picture-caption\">Unto Torosen (oik.) rakentaman maasaunan l\u00f6ylyj\u00e4 testasivat t\u00e4ll\u00e4 kertaa h\u00e4nen veljens\u00e4 Kalevi (toinen oik.) ja Mauri (toinen vas.). Sauna edustalla viilentym\u00e4ss\u00e4 oli my\u00f6s yst\u00e4v\u00e4 Kai Rakkolainen. Saunaa vartioivat Muumi-hahmot ovat Leena Torosen tekem\u00e4t.  Kuva:\u00a0Pinja Sarkkinen<\/p>\n","protected":false},"excerpt":{"rendered":"Unto Torosen vuosikymmenien unelma toteutui, kun raumalaismies rakensi kokonaan omin k\u00e4sin tavanomaisesta poikkeavan saunan takapihalleen. Kaija Ulmanen Unto&hellip;\n","protected":false},"author":2,"featured_media":24859,"comment_status":"","ping_status":"","sticky":false,"template":"","format":"standard","meta":{"footnotes":""},"categories":[12],"tags":[22,23,26,27,33,31,30,17,24,25,28,29,15,18,21,80,32,19,20,16],"class_list":{"0":"post-24858","1":"post","2":"type-post","3":"status-publish","4":"format-standard","5":"has-post-thumbnail","7":"category-suomi","8":"tag-breaking-news","9":"tag-breakingnews","10":"tag-featured-news","11":"tag-featurednews","12":"tag-fi","13":"tag-finland","14":"tag-finnish","15":"tag-headlines","16":"tag-latest-news","17":"tag-latestnews","18":"tag-main-news","19":"tag-mainnews","20":"tag-news","21":"tag-otsikot","22":"tag-paauutiset","23":"tag-satakunnan-kansa","24":"tag-suomi","25":"tag-top-stories","26":"tag-topstories","27":"tag-uutiset"},"share_on_mastodon":{"url":"","error":""},"_links":{"self":[{"href":"https:\/\/www.europesays.com\/fi\/wp-json\/wp\/v2\/posts\/24858","targetHints":{"allow":["GET"]}}],"collection":[{"href":"https:\/\/www.europesays.com\/fi\/wp-json\/wp\/v2\/posts"}],"about":[{"href":"https:\/\/www.europesays.com\/fi\/wp-json\/wp\/v2\/types\/post"}],"author":[{"embeddable":true,"href":"https:\/\/www.europesays.com\/fi\/wp-json\/wp\/v2\/users\/2"}],"replies":[{"embeddable":true,"href":"https:\/\/www.europesays.com\/fi\/wp-json\/wp\/v2\/comments?post=24858"}],"version-history":[{"count":0,"href":"https:\/\/www.europesays.com\/fi\/wp-json\/wp\/v2\/posts\/24858\/revisions"}],"wp:featuredmedia":[{"embeddable":true,"href":"https:\/\/www.europesays.com\/fi\/wp-json\/wp\/v2\/media\/24859"}],"wp:attachment":[{"href":"https:\/\/www.europesays.com\/fi\/wp-json\/wp\/v2\/media?parent=24858"}],"wp:term":[{"taxonomy":"category","embeddable":true,"href":"https:\/\/www.europesays.com\/fi\/wp-json\/wp\/v2\/categories?post=24858"},{"taxonomy":"post_tag","embeddable":true,"href":"https:\/\/www.europesays.com\/fi\/wp-json\/wp\/v2\/tags?post=24858"}],"curies":[{"name":"wp","href":"https:\/\/api.w.org\/{rel}","templated":true}]}}