{"id":248591,"date":"2026-05-15T12:47:15","date_gmt":"2026-05-15T12:47:15","guid":{"rendered":"https:\/\/www.europesays.com\/fi\/248591\/"},"modified":"2026-05-15T12:47:15","modified_gmt":"2026-05-15T12:47:15","slug":"kultaseppa-kauhistui-tapparan-juhlinnasta-pelkaa-etta-kanada-malja-vaantyi-korjauskelvottomaksi-pirkanmaa","status":"publish","type":"post","link":"https:\/\/www.europesays.com\/fi\/248591\/","title":{"rendered":"Kultasepp\u00e4 kauhistui Tapparan juhlinnasta: Pelk\u00e4\u00e4, ett\u00e4 Kanada-malja v\u00e4\u00e4ntyi korjauskelvottomaksi | Pirkanmaa"},"content":{"rendered":"<p class=\"aw-1gybjub aw-5vja16 kEtdKx kmuxyA yle__article__paragraph\">J\u00e4\u00e4kiekkoliigan kiertopalkinto hajosi kahteen osaan Tapparan juhliessa mestaruuttaan. Kultasepp\u00e4mestaria huolettaa, saadaanko maljaa en\u00e4\u00e4 korjattua entiselleen.<\/p>\n<p>Tapparan Kristian Tanus nosti kiertopalkintoa niin, ett\u00e4 maljaosa irtosi painavasta jalustastaan. Video: Ilkka Loikkanen \/ Yle<\/p>\n<p>13:45\u2022P\u00e4ivitetty 13:51<\/p>\n<ul class=\"aw-1jjocuh iJTSwP yle__article__list yle__article__list--ul\">\n<li class=\"aw-1j7gwms gNYKfi\">J\u00e4\u00e4kiekon Kanada-malja rikkoutui Tapparan mestaruusjuhlissa, kun pelaaja Kristian Tanus nosti sit\u00e4.<\/li>\n<li class=\"aw-1j7gwms gNYKfi\">Maljan yl\u00e4osa irtosi ja v\u00e4\u00e4ntyi. Palkintoa huoltavan kultasep\u00e4n mukaan syyn\u00e4 oli v\u00e4\u00e4r\u00e4 nostotapa.<\/li>\n<li class=\"aw-1j7gwms gNYKfi\">Alkuper\u00e4ist\u00e4 maljaa s\u00e4ilytet\u00e4\u00e4n yleens\u00e4 J\u00e4\u00e4kiekkomuseossa, jossa uskotaan vaurioiden tulevan korjatuiksi.<\/li>\n<\/ul>\n<p class=\"aw-1gybjub aw-1p7kakr kEtdKx cEmitX yle__article__paragraph\">J\u00e4\u00e4kiekon SM-liigan voittajajoukkueelle jaettava kiertopalkinto ei s\u00e4ilynyt kauaa ehj\u00e4n\u00e4 Tapparan juhlinnassa varotoimenpiteist\u00e4 huolimatta.<\/p>\n<p class=\"aw-1gybjub aw-1p7kakr kEtdKx cEmitX yle__article__paragraph\">Alkuper\u00e4ist\u00e4, vuodesta 1951 voittajajoukkueilla kiert\u00e4nytt\u00e4 Kanada-maljaa saavat mestarit nyky\u00e4\u00e4n nostella vain hetken heti voiton ratkettua. Sen j\u00e4lkeen juhlakaluna on kopio.<\/p>\n<p class=\"aw-1gybjub aw-1p7kakr kEtdKx cEmitX yle__article__paragraph\">Keskiviikkona Tapparan <strong class=\"aw-ak79eh KyCXm yle__article__strong\">Kristian Tanus<\/strong> nosti Tampereen areenan j\u00e4\u00e4ll\u00e4 alkuper\u00e4ist\u00e4 palkintoa yleis\u00f6\u00f6n p\u00e4in, kun yht\u00e4kki\u00e4 yl\u00e4osan malja irtosi painavasta jalustastaan.<\/p>\n<p class=\"aw-1gybjub aw-1p7kakr kEtdKx cEmitX yle__article__paragraph\">\u2013 Tuo pokaali on joka vuosi heikompi, en tied\u00e4 mist\u00e4 syyst\u00e4, Tanus kommentoi videolla heti tapahtuman j\u00e4lkeen.<\/p>\n<p>N\u00e4in Tanus kommentoi tuoreeltaan palkinnon rikkoutumista.<\/p>\n<p class=\"aw-1gybjub aw-1p7kakr kEtdKx cEmitX yle__article__paragraph\">Maljaa vuosikymmeni\u00e4 huoltanut ja korjannut kultasepp\u00e4mestari <strong class=\"aw-ak79eh KyCXm yle__article__strong\">Jyrki Karvinen<\/strong> ei ollut viel\u00e4 perjantaina n\u00e4hnyt vaurioita, mutta on todella huolissaan.<\/p>\n<p class=\"aw-1gybjub aw-1p7kakr kEtdKx cEmitX yle__article__paragraph\">\u2013 Maljaosa putosi j\u00e4\u00e4lle ja v\u00e4\u00e4ntyi soikeaksi. Pahalta n\u00e4ytti. Jos se maljan yl\u00e4kranssi halkesi, sit\u00e4 ei voida korjata samalla tavalla kuin hopeaa, Karvinen sanoo.<\/p>\n<p><img decoding=\"async\" alt=\"Pelaaja kannattelee rikkimenev\u00e4\u00e4 pokaalia.\" src=\"https:\/\/www.europesays.com\/fi\/wp-content\/uploads\/2026\/05\/1778837852.jpeg\" loading=\"lazy\" class=\"aw-1l9m598 hKVVvP\"\/><\/p>\n<p>Avaa kuvien katselu<\/p>\n<p>Kristian Tanus nosti Kanada-maljaa mestaruuden ratkettua keskiviikkona. Kuva: Mika Kylm\u00e4niemi \/ All Over Press<img decoding=\"async\" alt=\"Pelaaja kantaa rikkimennytt\u00e4 pokaalia j\u00e4\u00e4ll\u00e4.\" src=\"https:\/\/www.europesays.com\/fi\/wp-content\/uploads\/2026\/05\/1778837744.jpeg\" loading=\"lazy\" class=\"aw-1l9m598 hKVVvP\"\/><\/p>\n<p>Avaa kuvien katselu<\/p>\n<p>Palkinnon yl\u00e4osan malja v\u00e4\u00e4ntyi pudotessaan areenan j\u00e4\u00e4lle. Kuva: Mika Kylm\u00e4niemi \/ All Over Press<\/p>\n<p class=\"aw-1gybjub aw-1p7kakr kEtdKx cEmitX yle__article__paragraph\">Karvisen mukaan mahdollisesti vaurioita saanut osa on alpakkaa eli eri metallien sekoitusta.<\/p>\n<p class=\"aw-1gybjub aw-1p7kakr kEtdKx cEmitX yle__article__paragraph\">Karvinen on pettynyt tapaan, jolla maljaa nostettiin j\u00e4\u00e4ll\u00e4.<\/p>\n<p class=\"aw-1gybjub aw-1p7kakr kEtdKx cEmitX yle__article__paragraph\">\u2013 Eik\u00f6 siell\u00e4 nyt sen vertaa ole tolkkua, ett\u00e4 miten n\u00e4it\u00e4 k\u00e4sitell\u00e4\u00e4n. Mutta kun ei, Karvinen harmittelee.<\/p>\n<p class=\"aw-1gybjub aw-1p7kakr kEtdKx cEmitX yle__article__paragraph\">Karvisen mukaan palkinnon alaosasta on vuosien varrella tullut niin painava, ett\u00e4 sit\u00e4 ei saisi nostaa poikittain, koska koko rasitus kohdistuu maljan ja alaosan v\u00e4liseen kiinnitykseen.<\/p>\n<p class=\"aw-1gybjub aw-1p7kakr kEtdKx cEmitX yle__article__paragraph\">\u2013 Vaikka siell\u00e4 olisi miten paksu tanko tahansa, ei mik\u00e4\u00e4n kiinnitys kest\u00e4 sellaista rytkytyst\u00e4.<\/p>\n<p><img decoding=\"async\" alt=\"Pelaaja katsoo rikki mennytt\u00e4 pokaalia.\" src=\"https:\/\/www.europesays.com\/fi\/wp-content\/uploads\/2026\/05\/1778837476.jpeg\" loading=\"lazy\" class=\"aw-1l9m598 hKVVvP\"\/><\/p>\n<p>Avaa kuvien katselu<\/p>\n<p>Rikkoutunut Kanada-malja Tanuksen syliss\u00e4. Kuva: Tomi H\u00e4nninen<\/p>\n<p class=\"aw-1gybjub aw-1p7kakr kEtdKx cEmitX yle__article__paragraph\"><a class=\"aw-iao6s4 iHOxEa yle__article__link\" href=\"https:\/\/yle.fi\/a\/74-20225655\" role=\"link\" rel=\"nofollow noopener\" target=\"_blank\">Karvisen suhde kanadalaisten lahjoittamaan palkintoon <\/a>alkoi 1990-luvun alussa, kun SM-liigan silloinen toimitusjohtaja kysyi, voisiko h\u00e4n korjata palkintoa.<\/p>\n<p class=\"aw-1gybjub aw-1p7kakr kEtdKx cEmitX yle__article__paragraph\">Maljan alaosaa on korotettu sit\u00e4 mukaa, kun uusien mestareiden nimet on pit\u00e4nyt saada mahtumaan palkintoon.<\/p>\n<p><img decoding=\"async\" alt=\"Kultasepp\u00e4mestari Jyrki Karvinen ja kuva Kanada-maljasta ja sen kopiosta.\" src=\"https:\/\/www.europesays.com\/fi\/wp-content\/uploads\/2026\/05\/1778586330.jpeg\" loading=\"lazy\" class=\"aw-1l9m598 hKVVvP\"\/><\/p>\n<p>Avaa kuvien katselu<\/p>\n<p>Jyrki Karvisen n\u00e4ytt\u00e4m\u00e4ss\u00e4 kuvassa n\u00e4kyy alkuper\u00e4inen Kanada-malja ja sen kopio vuonna 1992.  Kuva: Juha Kokkala \/ YleMuseonjohtaja: \u201dDramatiikka on kadonnut\u201d<\/p>\n<p class=\"aw-1gybjub aw-1p7kakr kEtdKx cEmitX yle__article__paragraph\">Alkuper\u00e4ist\u00e4 Kanada-maljaa s\u00e4ilytet\u00e4\u00e4n Tampereella Suomen J\u00e4\u00e4kiekkomuseossa. T\u00e4ll\u00e4 hetkell\u00e4 palkinto on SM-liigan hallussa, mutta museojohtaja <strong class=\"aw-ak79eh KyCXm yle__article__strong\">Salla J\u00e4rnfelt<\/strong> uskoo maljan palaavan taas pian museon katon alle vaurioista huolimatta.<\/p>\n<p class=\"aw-1gybjub aw-1p7kakr kEtdKx cEmitX yle__article__paragraph\">\u2013 Ymm\u00e4rr\u00e4mme, ett\u00e4 kaikenlaista voi sattua. Hyv\u00e4 puoli t\u00e4ss\u00e4 on mielest\u00e4ni se, ettei kukaan riko sit\u00e4 tarkoituksella niin kuin aiemmin, kun oli hieman sellaista henke\u00e4.<\/p>\n<p class=\"aw-1gybjub aw-1p7kakr kEtdKx cEmitX yle__article__paragraph\">J\u00e4rnfeltilt\u00e4 riitt\u00e4\u00e4 luottoa siihen, ett\u00e4 Karvinen saa vaurion korjattua.<\/p>\n<p class=\"aw-1gybjub aw-1p7kakr kEtdKx cEmitX yle__article__paragraph\">\u2013 Dramatiikka on kadonnut, kun ymm\u00e4rr\u00e4mme, ett\u00e4 kaikista varotoimenpiteist\u00e4 huolimatta maljalle nyt saattaa tapahtua yht\u00e4 sun toista, J\u00e4rnfelt sanoo.<\/p>\n<p><img decoding=\"async\" alt=\"Tappara nostaa Kanada-maljaa.\" src=\"https:\/\/www.europesays.com\/fi\/wp-content\/uploads\/2026\/05\/1778698692.jpeg\" loading=\"lazy\" class=\"aw-1l9m598 hKVVvP\"\/><\/p>\n<p>Avaa kuvien katselu<\/p>\n<p>Tapparan pelaajat kannattelevat Kanada-maljaa voitettuaan j\u00e4\u00e4kiekon miesten Suomen mestaruuden KooKoota vastaan Tampereella keskiviikkona. Kuva: Antti Aimo-Koivisto \/ Lehtikuva<\/p>\n<p class=\"aw-1gybjub aw-1p7kakr kEtdKx cEmitX yle__article__paragraph\">Jos jostain syyst\u00e4 maljaa ei saada en\u00e4\u00e4 kunnostettua t\u00e4ydellisesti, on se J\u00e4rnfeltin mielest\u00e4 osa esineen tarinaa.<\/p>\n<p class=\"aw-1gybjub aw-1p7kakr kEtdKx cEmitX yle__article__paragraph\">\u2013 Harmi, jos on tullut pahoja vaurioita, mutta toivomme, ett\u00e4 vauriot ovat niin lievi\u00e4, ett\u00e4 malja voi jatkaa el\u00e4m\u00e4\u00e4ns\u00e4.<\/p>\n<p class=\"aw-1gybjub aw-1p7kakr kEtdKx cEmitX yle__article__paragraph\">Suomen J\u00e4\u00e4kiekkohistoriallisen Seuran puheenjohtaja <strong class=\"aw-ak79eh KyCXm yle__article__strong\">Kimmo Isotalo<\/strong> esitt\u00e4\u00e4 juhlijoille painavan toiveen.<\/p>\n<p class=\"aw-1gybjub aw-1p7kakr kEtdKx cEmitX yle__article__paragraph\">\u2013 Toivomme, ett\u00e4 historiallisia palkintoja k\u00e4sitell\u00e4\u00e4n niille kuuluvalla arvokkuudella.<\/p>\n<p class=\"aw-1gybjub aw-1p7kakr kEtdKx cEmitX yle__article__paragraph\">Yle ei ole tavoittanut SM-liigan edustajaa yrityksist\u00e4 huolimatta.<\/p>\n","protected":false},"excerpt":{"rendered":"J\u00e4\u00e4kiekkoliigan kiertopalkinto hajosi kahteen osaan Tapparan juhliessa mestaruuttaan. Kultasepp\u00e4mestaria huolettaa, saadaanko maljaa en\u00e4\u00e4 korjattua entiselleen. Tapparan Kristian Tanus&hellip;\n","protected":false},"author":2,"featured_media":248592,"comment_status":"","ping_status":"","sticky":false,"template":"","format":"standard","meta":{"footnotes":"","_share_on_mastodon":"0"},"categories":[158],"tags":[33,31,30,1143,34783,553,2973,159,34784,32,551,3378,160],"class_list":["post-248591","post","type-post","status-publish","format-standard","has-post-thumbnail","category-urheilu","tag-fi","tag-finland","tag-finnish","tag-jaakiekko","tag-kanada-malja","tag-pirkanmaa","tag-sm-liiga","tag-sports","tag-suomen-jaakiekkomuseo","tag-suomi","tag-tampere","tag-tappara-jaakiekon-miesten-liiga","tag-urheilu"],"share_on_mastodon":{"url":"https:\/\/pubeurope.com\/@fi\/116578671179424518","error":""},"_links":{"self":[{"href":"https:\/\/www.europesays.com\/fi\/wp-json\/wp\/v2\/posts\/248591","targetHints":{"allow":["GET"]}}],"collection":[{"href":"https:\/\/www.europesays.com\/fi\/wp-json\/wp\/v2\/posts"}],"about":[{"href":"https:\/\/www.europesays.com\/fi\/wp-json\/wp\/v2\/types\/post"}],"author":[{"embeddable":true,"href":"https:\/\/www.europesays.com\/fi\/wp-json\/wp\/v2\/users\/2"}],"replies":[{"embeddable":true,"href":"https:\/\/www.europesays.com\/fi\/wp-json\/wp\/v2\/comments?post=248591"}],"version-history":[{"count":0,"href":"https:\/\/www.europesays.com\/fi\/wp-json\/wp\/v2\/posts\/248591\/revisions"}],"wp:featuredmedia":[{"embeddable":true,"href":"https:\/\/www.europesays.com\/fi\/wp-json\/wp\/v2\/media\/248592"}],"wp:attachment":[{"href":"https:\/\/www.europesays.com\/fi\/wp-json\/wp\/v2\/media?parent=248591"}],"wp:term":[{"taxonomy":"category","embeddable":true,"href":"https:\/\/www.europesays.com\/fi\/wp-json\/wp\/v2\/categories?post=248591"},{"taxonomy":"post_tag","embeddable":true,"href":"https:\/\/www.europesays.com\/fi\/wp-json\/wp\/v2\/tags?post=248591"}],"curies":[{"name":"wp","href":"https:\/\/api.w.org\/{rel}","templated":true}]}}