{"id":248659,"date":"2026-05-15T14:11:12","date_gmt":"2026-05-15T14:11:12","guid":{"rendered":"https:\/\/www.europesays.com\/fi\/248659\/"},"modified":"2026-05-15T14:11:12","modified_gmt":"2026-05-15T14:11:12","slug":"norjan-prinsessa-astrid-sairaalassa-sydanongelmien-vuoksi","status":"publish","type":"post","link":"https:\/\/www.europesays.com\/fi\/248659\/","title":{"rendered":"Norjan prinsessa Astrid sairaalassa syd\u00e4nongelmien vuoksi"},"content":{"rendered":"<p>            Ola Vatn, Det kongelige hoff\n        <\/p>\n<p class=\"subtitle \">Kuningas Haraldin isosisko k\u00e4rsii syd\u00e4nongelmista.<\/p>\n<p class=\"article-content article-content-width !bg-background\">Norjan prinsessa, 94, on joutunut sairaalaan. Asiasta tiedottaa Norjan kuningashuone perjantai-iltap\u00e4iv\u00e4n\u00e4 (15.5.).<\/p>\n<p class=\"font-weight-bold m-font-weight-bold article-content article-content-width !bg-background\">Arkistovideo: Tiesitk\u00f6 t\u00e4t\u00e4 Norjan kuninkaallisista?<\/p>\n<p class=\"article-content article-content-width !bg-background\">Tiedotteessa kerrotaan, ett\u00e4 prinsessa joutui sairaalaan syd\u00e4men vajaatoiminnan takia. H\u00e4nelle on t\u00e4n\u00e4\u00e4n asennettu tahdistin.<\/p>\n<p class=\"article-content article-content-width !bg-background\">\u2013 Prinsessa tahtoo painottaa, ett\u00e4 h\u00e4n on parhaissa k\u00e4siss\u00e4, hovin tiedotteessa lukee.<\/p>\n<p class=\"article-content article-content-width !bg-background\">Astridin kerrotaan pysyv\u00e4n Oslon Rikshospitaletissa viel\u00e4 jonkin aikaa. Tiedotteessa ei tarkenneta, onko kyse p\u00e4ivist\u00e4 vai viikoista.<\/p>\n<p class=\"article-content article-content-width !bg-background\">Prinsessa joutunee j\u00e4tt\u00e4m\u00e4\u00e4n v\u00e4liin sunnuntaina (17.5.) Norjan kansallisp\u00e4iv\u00e4n kunniaksi j\u00e4rjestetyt juhlallisuudet, joita seurataan Oslossa ja Askerissa.<\/p>\n<p class=\"article-content article-content-width !bg-background\">Oslon kuninkaanlinnan parvekkeelle astelevat aamup\u00e4iv\u00e4ll\u00e4 kuningas\u00a0ja kuningatar\u00a0sek\u00e4 kruununprinssi, kruununprinsessa\u00a0ja prinssi\u00a0vilkuttamaan kansallisp\u00e4iv\u00e4n kulkueelle.<\/p>\n<p class=\"article-content article-content-width !bg-background\">Ennen palatsista vilkuttelua kruununprinssi, kruununprinsessa ja Sverre Magnus seuraavat Askerissa, kotinsa Skaugumin portailla samanlaista kulkuetta.<\/p>\n<p>        <a itemprop=\"url\" href=\"https:\/\/www.seiska.fi\/kuninkaalliset\/lehtivaite-norjan-hovissa-valirikko\/2088369\" rel=\"nofollow noopener\" target=\"_blank\"><\/p>\n<p>\nLehtiv\u00e4ite:\n<\/p>\n<p class=\"section-date\">\n        <strong class=\"article-section\" data-section=\"kuninkaalliset\"><br \/>\n            kuninkaalliset<br \/>\n        <\/strong><br \/>\n        28.2. 16:00\n    <\/p>\n<p>Lehtiv\u00e4ite: Norjan hovissa v\u00e4lirikko\n    <\/p>\n<p itemprop=\"description\" class=\"subtitle \">\n    Kuningaspari et\u00e4\u00e4nnytt\u00e4\u00e4 itse\u00e4\u00e4n kohusta.\n<\/p>\n<p>        <\/a><\/p>\n<p>                <img decoding=\"async\" src=\"https:\/\/www.europesays.com\/fi\/wp-content\/uploads\/2026\/05\/2153491.webp.jpeg\" width=\"576\" height=\"600\" alt=\"Pikkuinen Wilma on tuttu n\u00e4ky Astridin syliss\u00e4.\" loading=\"lazy\" \/>            <\/p>\n<p>\n            Pikkuinen Wilma on tuttu n\u00e4ky Astridin syliss\u00e4.<br \/>\n            \/ SplashNews.com \/ AOP\n        <\/p>\n<p>Ahkera prinsessa<\/p>\n<p class=\"article-content article-content-width !bg-background\">94-vuotias prinsessa Astrid on Norjan kuninkaallisen perheen vanhin j\u00e4sen ja samalla koko Pohjoismaiden vanhin elossa oleva kuninkaallinen. H\u00e4n on kuningas\u00a0ja prinsessa\u00a0toiseksi vanhin lapsi.<\/p>\n<p class=\"article-content article-content-width !bg-background\">Esikoinen, prinsessa, menehtyi vuonna 2012 ollessaan 82-vuotias. Kuningas Harald on 89-vuotiaana perheens\u00e4 nuorin.<\/p>\n<p class=\"article-content article-content-width !bg-background\">Astrid ei ole en\u00e4\u00e4 yht\u00e4 aktiivinen edustusteht\u00e4viss\u00e4, mutta on edelleen tuttu n\u00e4ky monissa Norjan kuninkaallisten tilaisuuksissa.<\/p>\n<p class=\"article-content article-content-width !bg-background\">Prinsessa on tehnyt itsens\u00e4 monille tutuksi siit\u00e4, ett\u00e4 h\u00e4nell\u00e4 on aina rakas koiransa mukanaan. H\u00e4nen koiransa on itsekin seniori-ik\u00e4\u00e4n ehtinyt kodinvaihtaja, chihuahua nimelt\u00e4\u00e4n Wilma.<\/p>\n<p>        <a itemprop=\"url\" href=\"https:\/\/www.seiska.fi\/kuninkaalliset\/norjan-hovilta-uutinen-kohun-keskella-valiton-reaktio\/2073377\" rel=\"nofollow noopener\" target=\"_blank\"><\/p>\n<p>\nYll\u00e4tt\u00e4v\u00e4 reaktio Norjassa\n<\/p>\n<p class=\"section-date\">\n        <strong class=\"article-section\" data-section=\"kuninkaalliset\"><br \/>\n            kuninkaalliset<br \/>\n        <\/strong><br \/>\n        12.2. 11:58\n    <\/p>\n<p>Norjan hovilta uutinen kohun keskell\u00e4 \u2013 v\u00e4lit\u00f6n reaktio\n    <\/p>\n<p itemprop=\"description\" class=\"subtitle \">\n    Synkkiin aikoihin mahtuu my\u00f6s valonpilkahduksia.\n<\/p>\n<p>        <\/a><\/p>\n","protected":false},"excerpt":{"rendered":"Ola Vatn, Det kongelige hoff Kuningas Haraldin isosisko k\u00e4rsii syd\u00e4nongelmista. Norjan prinsessa, 94, on joutunut sairaalaan. Asiasta tiedottaa&hellip;\n","protected":false},"author":2,"featured_media":248660,"comment_status":"","ping_status":"","sticky":false,"template":"","format":"standard","meta":{"footnotes":"","_share_on_mastodon":"0"},"categories":[14],"tags":[22,23,26,27,33,31,30,17,8260,24,25,212,28,29,15,34790,27840,34789,18,21,27541,32,23433,19,20,56,16,59,60,61],"class_list":["post-248659","post","type-post","status-publish","format-standard","has-post-thumbnail","category-ulkomaat","tag-breaking-news","tag-breakingnews","tag-featured-news","tag-featurednews","tag-fi","tag-finland","tag-finnish","tag-headlines","tag-kuningas-harald","tag-latest-news","tag-latestnews","tag-lifestyle","tag-main-news","tag-mainnews","tag-news","tag-norjan-kansallispaiva","tag-norjan-kuningashuone","tag-oslon-rikshospitalet","tag-otsikot","tag-paauutiset","tag-prinsessa-astrid","tag-suomi","tag-sydamen-vajaatoiminta","tag-top-stories","tag-topstories","tag-ulkomaat","tag-uutiset","tag-world","tag-world-news","tag-worldnews"],"share_on_mastodon":{"url":"https:\/\/pubeurope.com\/@fi\/116579001270607570","error":""},"_links":{"self":[{"href":"https:\/\/www.europesays.com\/fi\/wp-json\/wp\/v2\/posts\/248659","targetHints":{"allow":["GET"]}}],"collection":[{"href":"https:\/\/www.europesays.com\/fi\/wp-json\/wp\/v2\/posts"}],"about":[{"href":"https:\/\/www.europesays.com\/fi\/wp-json\/wp\/v2\/types\/post"}],"author":[{"embeddable":true,"href":"https:\/\/www.europesays.com\/fi\/wp-json\/wp\/v2\/users\/2"}],"replies":[{"embeddable":true,"href":"https:\/\/www.europesays.com\/fi\/wp-json\/wp\/v2\/comments?post=248659"}],"version-history":[{"count":0,"href":"https:\/\/www.europesays.com\/fi\/wp-json\/wp\/v2\/posts\/248659\/revisions"}],"wp:featuredmedia":[{"embeddable":true,"href":"https:\/\/www.europesays.com\/fi\/wp-json\/wp\/v2\/media\/248660"}],"wp:attachment":[{"href":"https:\/\/www.europesays.com\/fi\/wp-json\/wp\/v2\/media?parent=248659"}],"wp:term":[{"taxonomy":"category","embeddable":true,"href":"https:\/\/www.europesays.com\/fi\/wp-json\/wp\/v2\/categories?post=248659"},{"taxonomy":"post_tag","embeddable":true,"href":"https:\/\/www.europesays.com\/fi\/wp-json\/wp\/v2\/tags?post=248659"}],"curies":[{"name":"wp","href":"https:\/\/api.w.org\/{rel}","templated":true}]}}