{"id":24870,"date":"2025-09-03T22:55:08","date_gmt":"2025-09-03T22:55:08","guid":{"rendered":"https:\/\/www.europesays.com\/fi\/24870\/"},"modified":"2025-09-03T22:55:08","modified_gmt":"2025-09-03T22:55:08","slug":"kaj-palkittiin-vuoden-biisista-ja-vientiteosta-darudelle-kunniapalkinto-uutissuomalainen","status":"publish","type":"post","link":"https:\/\/www.europesays.com\/fi\/24870\/","title":{"rendered":"KAJ palkittiin vuoden biisist\u00e4 ja vientiteosta, Darudelle kunniapalkinto | Uutissuomalainen"},"content":{"rendered":"<p>Suomen Musiikkikustantajat on palkinnut KAJ&#8217;n vuoden biisist\u00e4 ja vuoden vientiteosta. Suomenruotsalainen trio edusti Ruotsia t\u00e4m\u00e4n vuoden Euroviisuissa kappaleellaan Bara Bada Bastu. Kappaleesta tuli valtava ilmi\u00f6, ja trio sijoittui Euroviisuissa nelj\u00e4nneksi.<\/p>\n<p>Musiikkikustantajien vuoden kunniapalkinto my\u00f6nnettiin Darudelle eli Ville Virtaselle, jonka kansainv\u00e4linen j\u00e4ttihitti Sandstorm julkaistiin 25 vuotta sitten.<\/p>\n<p>\u2013\u2009Kyseinen teos soi edelleenkin ymp\u00e4ri maailman japanilaisista y\u00f6kerhoista Pohjois-Amerikan kiekkoareenoille, sanoi Suomen Musiikkikustantajat ry:n hallituksen puheenjohtaja Tommi Tuomainen tiedotteessa.<\/p>\n<p>Lis\u00e4ksi vuoden kevyen musiikin tekij\u00e4n\u00e4 palkittiin Emma Johansson, joka on kirjoittanut hittej\u00e4 muun muassa Mirellalle ja Abreulle. H\u00e4net tunnetaan my\u00f6s Emma &amp; Matilda -duosta.<\/p>\n<p>Vuoden avoimen kategorian teos -palkinnon sai puolestaan Matti Mikkolan johtama Saimaa, joka julkaisi viime vuonna kaksi kriitikoiden kehumaa albumia. Taidemusiikin saralla vuoden suurimuotoisen teoksen s\u00e4velt\u00e4j\u00e4n palkinnon sai Outi Tarkiainen teoksestaan The Rapids Of Life.<\/p>\n<p>Musiikkikustantajien vuotuiset palkinnot jaettiin keskiviikkona Helsingiss\u00e4. Palkintojen ehdokkaat valitsivat Suomen Musiikkikustantajat ry:n j\u00e4senet, ja voittajista p\u00e4\u00e4ttiv\u00e4t kutsuraadit. Palkintojen tavoitteena on nostaa esiin yksitt\u00e4isi\u00e4 kustannettuja teoksia ja tekij\u00f6it\u00e4 sek\u00e4 edist\u00e4\u00e4 musiikkikustantamisen tunnettuutta ja arvostusta.<\/p>\n","protected":false},"excerpt":{"rendered":"Suomen Musiikkikustantajat on palkinnut KAJ&#8217;n vuoden biisist\u00e4 ja vuoden vientiteosta. Suomenruotsalainen trio edusti Ruotsia t\u00e4m\u00e4n vuoden Euroviisuissa kappaleellaan&hellip;\n","protected":false},"author":2,"featured_media":24871,"comment_status":"","ping_status":"","sticky":false,"template":"","format":"standard","meta":{"footnotes":""},"categories":[130],"tags":[138,137,741,33,31,30,108,47,141,110,32,484,109],"class_list":{"0":"post-24870","1":"post","2":"type-post","3":"status-publish","4":"format-standard","5":"has-post-thumbnail","7":"category-viihde","8":"tag-audio","9":"tag-entertainment","10":"tag-eurovision-laulukilpailut","11":"tag-fi","12":"tag-finland","13":"tag-finnish","14":"tag-kulttuuri","15":"tag-musiikki","16":"tag-muusikot-bandit","17":"tag-ruotsi","18":"tag-suomi","19":"tag-taiteellinen-ilmaisu-ja-mediat","20":"tag-viihde"},"share_on_mastodon":{"url":"","error":""},"_links":{"self":[{"href":"https:\/\/www.europesays.com\/fi\/wp-json\/wp\/v2\/posts\/24870","targetHints":{"allow":["GET"]}}],"collection":[{"href":"https:\/\/www.europesays.com\/fi\/wp-json\/wp\/v2\/posts"}],"about":[{"href":"https:\/\/www.europesays.com\/fi\/wp-json\/wp\/v2\/types\/post"}],"author":[{"embeddable":true,"href":"https:\/\/www.europesays.com\/fi\/wp-json\/wp\/v2\/users\/2"}],"replies":[{"embeddable":true,"href":"https:\/\/www.europesays.com\/fi\/wp-json\/wp\/v2\/comments?post=24870"}],"version-history":[{"count":0,"href":"https:\/\/www.europesays.com\/fi\/wp-json\/wp\/v2\/posts\/24870\/revisions"}],"wp:featuredmedia":[{"embeddable":true,"href":"https:\/\/www.europesays.com\/fi\/wp-json\/wp\/v2\/media\/24871"}],"wp:attachment":[{"href":"https:\/\/www.europesays.com\/fi\/wp-json\/wp\/v2\/media?parent=24870"}],"wp:term":[{"taxonomy":"category","embeddable":true,"href":"https:\/\/www.europesays.com\/fi\/wp-json\/wp\/v2\/categories?post=24870"},{"taxonomy":"post_tag","embeddable":true,"href":"https:\/\/www.europesays.com\/fi\/wp-json\/wp\/v2\/tags?post=24870"}],"curies":[{"name":"wp","href":"https:\/\/api.w.org\/{rel}","templated":true}]}}