{"id":248779,"date":"2026-05-15T17:05:14","date_gmt":"2026-05-15T17:05:14","guid":{"rendered":"https:\/\/www.europesays.com\/fi\/248779\/"},"modified":"2026-05-15T17:05:14","modified_gmt":"2026-05-15T17:05:14","slug":"varhaisia-taistelulauluja-ja-90-luvun-henkea-kolme-nostoa-steelfestin-avauspaivasta","status":"publish","type":"post","link":"https:\/\/www.europesays.com\/fi\/248779\/","title":{"rendered":"Varhaisia taistelulauluja ja 90-luvun henke\u00e4 &#8211; kolme nostoa Steelfestin avausp\u00e4iv\u00e4st\u00e4"},"content":{"rendered":"<p id=\"h-steelfest-starttasi-hyvinkaan-villatehtaalla-torstaina-14-toukokuuta-kun-osin-jopa-tummat-pilvet-alkoivat-alkuillasta-vaistya-lopullisesti-taivaalta-ulkolavalle-kiipesi-kotimaisista-tekijamiehista-muusikoiden-taustoilta-loytyy-niin-hornaa-ajattaraa-behexenia-kuin-vaikka-deathchainiakin-koostuva-chamber-of-unlight\">Kun osin jopa tummat pilvet alkoivat alkuillasta v\u00e4isty\u00e4 lopullisesti taivaalta, ulkolavalle kiipesi kotimaisista tekij\u00e4miehist\u00e4 \u2013 muusikoiden taustoilta l\u00f6ytyy niin <strong>Hornaa<\/strong>, <strong>Ajattaraa<\/strong>, <strong>Behexeni\u00e4<\/strong> kuin vaikka <strong>Deathchainiakin<\/strong> \u2013 koostuva <strong>Chamber of Unlight<\/strong>.<\/p>\n<p>Kymmenisen vuotta sitten varsinaisesti perustetun b\u00e4ndin materiaalista v\u00e4littyy syv\u00e4 kunnioitus \u201d90-lukulaiselle black metalin soundille ja hengelle\u201d, eiv\u00e4tk\u00e4 esimerkiksi <strong>Emperorin<\/strong> varhaisten levyjen tunnelmat ole kovinkaan kaukana \u201dValottoman kammion\u201d ulosannista.<\/p>\n<p>Varsin harvakseltaan esiintyv\u00e4n Chamber of Unlightin Steelfestin kesytt\u00e4m\u00e4t\u00f6n keikka oli sataprosenttisesti \u201dsit\u00e4 ihte\u00e4\u00e4n\u201d. Homma oli kohdallaan k\u00e4yt\u00e4nn\u00f6ss\u00e4 kaikilta osin: livesoundi oli tanakan selke\u00e4, soitossa oli dynamiikkaa ja atmosf\u00e4\u00e4ri\u00e4, muusikoiden ulkoinen habitus kunnioitti genren perinteit\u00e4, solisti <strong>Necrosiksen<\/strong> \u2013 l\u00e4hipiirilleen <strong>Juha Harju<\/strong> \u2013 tulkinta oli nyanssirikasta ja niin edelleen.<\/p>\n<p>Tottahan toki kakkosalbuminsa l\u00e4hiaikoina julkaisevan Chamber of Unlightin \u201d\u00f6isten varjojen kutsu\u201d olisi toiminut viel\u00e4 astetta tai paria v\u00e4kev\u00e4mmin Steelfestin sis\u00e4lavalla, luonnonvalojen ulottumattomissa, mutta toisaalta konsertin toimivuus kev\u00e4isess\u00e4 ulkoilmassa \u2013 toki v\u00e4lkkyvien spottien tulemana \u2013 alleviivasi sit\u00e4, ett\u00e4 nyt puhutaan erinomaisesta toimituksesta.<\/p>\n<p><img loading=\"lazy\" height=\"369\" width=\"648\" class=\"wp-image-114908 sp-no-webp perfmatters-lazy\" alt=\"\" decoding=\"async\" data-id=\"114908\" src=\"https:\/\/www.europesays.com\/fi\/wp-content\/uploads\/2026\/05\/chamber-4-648x369.jpg\"  data-\/> Chamber of Unlight. Kuva: Timo Isoaho<\/p>\n<p><img loading=\"lazy\" height=\"540\" width=\"648\" class=\"wp-image-114909 sp-no-webp perfmatters-lazy\" alt=\"\" decoding=\"async\" data-id=\"114909\" src=\"https:\/\/www.europesays.com\/fi\/wp-content\/uploads\/2026\/05\/chamber-2-648x540.jpg\"  data-\/> Chamber of Unlight. Kuva: Timo Isoaho<\/p>\n<p><img loading=\"lazy\" height=\"727\" width=\"648\" class=\"wp-image-114907 sp-no-webp perfmatters-lazy\" alt=\"\" decoding=\"async\" data-id=\"114907\" src=\"https:\/\/www.europesays.com\/fi\/wp-content\/uploads\/2026\/05\/chamber-3-648x727.jpg\"  data-\/> Chamber of Unlight. Kuva: Timo Isoaho<\/p>\n<p>Seuraavaksi samalle ulkolavalle kapusi kahden miehen brasilialainen tuhopartio <strong>Holocausto<\/strong> (tunnetaan nyky\u00e4\u00e4n my\u00f6s nimell\u00e4 <strong>Holocausto War Metal<\/strong>). Mutta niin, mit\u00e4h\u00e4n hemmetin voimaliemi\u00e4 Belo Horizonten juomaveteen laitettiin 80-luvun alkuvuosina, sill\u00e4 vuonna 1985 seutukunnassa alkunsa saivat muun muassa <strong>Sepultura<\/strong>, <strong>Sarc\u00f3fago<\/strong> ja Holocausto. Se on ainakin varmaa, ett\u00e4 ko. yhtyeiden hurjimuksille juotettiin \u201dsuomalaista karheaa kalkkia\u201d, sill\u00e4 esimerkiksi <strong>Terveet K\u00e4det<\/strong>, <strong>Rattus<\/strong> ja <strong>Kaaos<\/strong> olivat kovassa huudossa Belo Horizonten kellareissa. Holocauston alkuper\u00e4inen kitaristi (nyky\u00e4\u00e4n my\u00f6s laulaja) <strong>Val\u00e9rio \u201dExterminator\u201d Salles<\/strong> muistikin mainita Steelfestin lavalla niin Rattuksen kuin my\u00f6s tuoreemmankin suomalaisyhtyeen <strong>For\u00e7a Macabran<\/strong>.<\/p>\n<p>Holocauston keikka oli\u2026 v\u00e4hint\u00e4\u00e4nkin mielenkiintoinen. Sallesin ja rumpali <strong>M\u00e1rcio Jamesonin<\/strong> yhteispeli oli kauniisti sanoen kaoottista, ja keikan alkupuolella tulikin mietitty\u00e4 erityisesti yht\u00e4 juttua: onko t\u00e4m\u00e4 samaan aikaan v***n kova ja\/tai v***n paska?<\/p>\n<p>Aika pian ajatus k\u00e4\u00e4ntyi enemm\u00e4n ensin mainitun luonnehdinnan suuntaan, sill\u00e4 totta kai pioneeritason war metalin pit\u00e4\u00e4kin olla suorastaan h\u00e4mment\u00e4v\u00e4n raakaa, alkukantaista ja vaarallista. Toki joku voisi ajatella, ett\u00e4 nelj\u00e4n vuosikymmenen aikana esimerkiksi soittotaidot \u2013 tai solistin englannin kieli \u2013 kehittyisiv\u00e4t hieman erilaiselle tasolle, mutta Holocauston kohdalla ei ole kysymys mist\u00e4\u00e4n t\u00e4llaisesta \u2013 ja helvetin hyv\u00e4 niin. Kun kaksikko kohkasi menem\u00e4\u00e4n varhaisia taistelulaulujaan, tuli vahvasti mieleen, ett\u00e4 aivan kuin oltaisiin p\u00e4\u00e4sty seuraamaan Holocauston treenej\u00e4 vuonna 1985, kun t\u00e4llaisia biisej\u00e4 soitettiin ensimm\u00e4isen kerran miss\u00e4\u00e4n. Tai vaikkapa <strong>Sodomin<\/strong> \u2013 joidenkin Holocauston kappaleiden kulmikkaat sovitukset toivat v\u00e4lill\u00e4 mieleen Obsessed by Cruelty -klassikon.<\/p>\n<p>Mik\u00e4 t\u00e4rkeint\u00e4 ja tavallaan my\u00f6s hellyytt\u00e4vint\u00e4, Salles ja Jameson n\u00e4yttiv\u00e4t nauttivan touhusta hyvinkin kovasti \u2013 ja erityisesti siit\u00e4, ett\u00e4 p\u00e4\u00e4siv\u00e4t esiintym\u00e4\u00e4n \u201dkansainv\u00e4liselle suomalaisyleis\u00f6lle\u201d. Mutta joo, sanotaan viel\u00e4 kerran: olihan se oikeastaan v***n kova.<\/p>\n<p><img loading=\"lazy\" height=\"457\" width=\"648\" class=\"wp-image-114912 sp-no-webp perfmatters-lazy\" alt=\"\" decoding=\"async\" data-id=\"114912\" src=\"https:\/\/www.europesays.com\/fi\/wp-content\/uploads\/2026\/05\/holocausto-6-648x457.jpg\"  data-\/> Holocausto. Kuva: Timo Isoaho<\/p>\n<p><img loading=\"lazy\" height=\"473\" width=\"648\" class=\"wp-image-114911 sp-no-webp perfmatters-lazy\" alt=\"\" decoding=\"async\" data-id=\"114911\" src=\"https:\/\/www.europesays.com\/fi\/wp-content\/uploads\/2026\/05\/holocausto-4-648x473.jpg\"  data-\/> Holocausto. Kuva: Timo Isoaho<\/p>\n<p><img loading=\"lazy\" height=\"463\" width=\"648\" class=\"wp-image-114910 sp-no-webp perfmatters-lazy\" alt=\"\" decoding=\"async\" data-id=\"114910\" src=\"https:\/\/www.europesays.com\/fi\/wp-content\/uploads\/2026\/05\/holocausto-3-648x463.jpg\"  data-\/> Holocausto. Kuva: Timo Isoaho<\/p>\n<p>Seuraavaksi sis\u00e4lavalle puolestaan kapusi <strong>Sabathan<\/strong>. Belgialainen black metal -yhtye <strong>Enthroned<\/strong> tuntui aikoinaan j\u00e4\u00e4v\u00e4n kilpakumppaniensa varjoon, mutta kun Enthronedin alkuaikojen basisti-laulaja <strong>Lord Sabathan<\/strong> nyt nousi estradille esitt\u00e4m\u00e4\u00e4n belgib\u00e4ndin varhaisia 90-luvun bravuureita, homma toimikin suorastaan loistavasti. Eturivien diggareiden riehakkuudesta ja liikkeelle silloin t\u00e4ll\u00f6in py\u00f6r\u00e4ht\u00e4neest\u00e4 moshpitist\u00e4 p\u00e4\u00e4tellen Sabathan \/ Enthroned oli kovinkin odotettu vieras Steelfestin kattauksessa.<\/p>\n<p>Ja tosiaan, miksi ei olisi ollut\u2026 Jo hyv\u00e4n aikaa sitten kirjoitettu biisimateriaali vakuutti kautta linjan, puhumattakaan eritt\u00e4in tym\u00e4k\u00e4st\u00e4 livesoundista ja nelikon \u00e4lytt\u00f6m\u00e4n tiukasta soitosta. Allekirjoittaneen kohdalla ilman suurempia odotuksia ter\u00e4sfestarin lauteille kivunnut Sabathan nappasi ainakin toistaiseksi haltuun \u201dkovin positiivinen yll\u00e4tys\u201d -pystin. J\u00e4\u00e4d\u00e4\u00e4n katsomaan, miten tilanne kehittyy\u2026<\/p>\n<p>Teksti ja kuvat: Timo Isoaho<\/p>\n<p><img loading=\"lazy\" height=\"453\" width=\"648\" class=\"wp-image-114913 sp-no-webp perfmatters-lazy\" alt=\"\" decoding=\"async\" data-id=\"114913\" src=\"https:\/\/www.europesays.com\/fi\/wp-content\/uploads\/2026\/05\/sabathan-3-648x453.jpg\"  data-\/> Sabathan. Kuva: Timo Isoaho<\/p>\n<p><img loading=\"lazy\" height=\"463\" width=\"648\" class=\"wp-image-114915 sp-no-webp perfmatters-lazy\" alt=\"\" decoding=\"async\" data-id=\"114915\" src=\"https:\/\/www.europesays.com\/fi\/wp-content\/uploads\/2026\/05\/sabathan-2-648x463.jpg\"  data-\/> Sabathan. Kuva: Timo Isoaho<\/p>\n<p><img loading=\"lazy\" height=\"329\" width=\"648\" class=\"wp-image-114914 sp-no-webp perfmatters-lazy\" alt=\"\" decoding=\"async\" data-id=\"114914\" src=\"https:\/\/www.europesays.com\/fi\/wp-content\/uploads\/2026\/05\/sabathan-1-648x329.jpg\"  data-\/> Sabathan. Kuva: Timo Isoaho<\/p>\n","protected":false},"excerpt":{"rendered":"Kun osin jopa tummat pilvet alkoivat alkuillasta v\u00e4isty\u00e4 lopullisesti taivaalta, ulkolavalle kiipesi kotimaisista tekij\u00e4miehist\u00e4 \u2013 muusikoiden taustoilta l\u00f6ytyy&hellip;\n","protected":false},"author":2,"featured_media":248780,"comment_status":"","ping_status":"","sticky":false,"template":"","format":"standard","meta":{"footnotes":"","_share_on_mastodon":"0"},"categories":[132],"tags":[137,9039,970,33,31,30,2867,195,47,11204,32,109],"class_list":["post-248779","post","type-post","status-publish","format-standard","has-post-thumbnail","category-musiikki","tag-entertainment","tag-festarikesa-2026","tag-festivaalit","tag-fi","tag-finland","tag-finnish","tag-livearvio","tag-music","tag-musiikki","tag-steelfest","tag-suomi","tag-viihde"],"share_on_mastodon":{"url":"https:\/\/pubeurope.com\/@fi\/116579685818094974","error":""},"_links":{"self":[{"href":"https:\/\/www.europesays.com\/fi\/wp-json\/wp\/v2\/posts\/248779","targetHints":{"allow":["GET"]}}],"collection":[{"href":"https:\/\/www.europesays.com\/fi\/wp-json\/wp\/v2\/posts"}],"about":[{"href":"https:\/\/www.europesays.com\/fi\/wp-json\/wp\/v2\/types\/post"}],"author":[{"embeddable":true,"href":"https:\/\/www.europesays.com\/fi\/wp-json\/wp\/v2\/users\/2"}],"replies":[{"embeddable":true,"href":"https:\/\/www.europesays.com\/fi\/wp-json\/wp\/v2\/comments?post=248779"}],"version-history":[{"count":0,"href":"https:\/\/www.europesays.com\/fi\/wp-json\/wp\/v2\/posts\/248779\/revisions"}],"wp:featuredmedia":[{"embeddable":true,"href":"https:\/\/www.europesays.com\/fi\/wp-json\/wp\/v2\/media\/248780"}],"wp:attachment":[{"href":"https:\/\/www.europesays.com\/fi\/wp-json\/wp\/v2\/media?parent=248779"}],"wp:term":[{"taxonomy":"category","embeddable":true,"href":"https:\/\/www.europesays.com\/fi\/wp-json\/wp\/v2\/categories?post=248779"},{"taxonomy":"post_tag","embeddable":true,"href":"https:\/\/www.europesays.com\/fi\/wp-json\/wp\/v2\/tags?post=248779"}],"curies":[{"name":"wp","href":"https:\/\/api.w.org\/{rel}","templated":true}]}}