{"id":24888,"date":"2025-09-03T23:25:09","date_gmt":"2025-09-03T23:25:09","guid":{"rendered":"https:\/\/www.europesays.com\/fi\/24888\/"},"modified":"2025-09-03T23:25:09","modified_gmt":"2025-09-03T23:25:09","slug":"israel-kiistaa-tulittaneensa-tahallaan-ykn-rauhanturvaajia-uutisia-lyhyesti","status":"publish","type":"post","link":"https:\/\/www.europesays.com\/fi\/24888\/","title":{"rendered":"Israel kiist\u00e4\u00e4 tulittaneensa tahallaan YK:n rauhanturvaajia | Uutisia lyhyesti"},"content":{"rendered":"<p>3.9. 17:23\u2022P\u00e4ivitetty 3.9. 17:58<\/p>\n<p class=\"sc-jYczwO sc-ciCoXh frIBdZ cPdSqu yle__article__paragraph\">Israelin asevoimat kiist\u00e4\u00e4, ett\u00e4 se olisi tahallaan iskenyt l\u00e4helle rauhanturvaajia Libanonissa.<\/p>\n<p class=\"sc-jYczwO sc-ciCoXh frIBdZ cPdSqu yle__article__paragraph\">YK:n Libanonin rauhanturvaoperaatio Unifil kertoi <a class=\"sc-jDJeIs gotUgl yle__article__link\" href=\"https:\/\/yle.fi\/a\/74-20180780\" role=\"link\" rel=\"nofollow noopener\" target=\"_blank\">aiemmin keskiviikkona<\/a>, ett\u00e4 israelilaiset lennokit pudottivat tiistaina nelj\u00e4 kranaattia rauhanturvaajien l\u00e4heisyyteen.<\/p>\n<p class=\"sc-jYczwO sc-ciCoXh frIBdZ cPdSqu yle__article__paragraph\">Israelin armeijan mukaan sen joukot havaitsivat Etel\u00e4-Libanonissa \u201dep\u00e4ilytt\u00e4v\u00e4\u00e4 toimintaa\u201d ja k\u00e4yttiv\u00e4t alueella sokaisukranaatteja mahdollisen uhan torjumiseksi. Lausunnon mukaan tulta ei suunnattu tahallisesti Unifilin henkil\u00f6st\u00f6\u00e4 kohti.<\/p>\n<p class=\"sc-jYczwO sc-ciCoXh frIBdZ cPdSqu yle__article__paragraph\">Unifil on aiemminkin syytt\u00e4nyt Israelia iskuista sen asemiin ja rauhanturvaajia vastaan. Libanonissa palvelee noin 200 suomalaista rauhanturvaajaa.<\/p>\n<p class=\"sc-jYczwO sc-ciCoXh frIBdZ cPdSqu yle__article__paragraph\">L\u00e4hde: AFP<\/p>\n","protected":false},"excerpt":{"rendered":"3.9. 17:23\u2022P\u00e4ivitetty 3.9. 17:58 Israelin asevoimat kiist\u00e4\u00e4, ett\u00e4 se olisi tahallaan iskenyt l\u00e4helle rauhanturvaajia Libanonissa. YK:n Libanonin rauhanturvaoperaatio&hellip;\n","protected":false},"author":2,"featured_media":74,"comment_status":"","ping_status":"","sticky":false,"template":"","format":"standard","meta":{"footnotes":""},"categories":[14],"tags":[22,23,26,27,33,31,30,17,992,24,25,28,29,15,18,21,32,19,20,56,16,59,60,61],"class_list":{"0":"post-24888","1":"post","2":"type-post","3":"status-publish","4":"format-standard","5":"has-post-thumbnail","7":"category-ulkomaat","8":"tag-breaking-news","9":"tag-breakingnews","10":"tag-featured-news","11":"tag-featurednews","12":"tag-fi","13":"tag-finland","14":"tag-finnish","15":"tag-headlines","16":"tag-lahi-ita","17":"tag-latest-news","18":"tag-latestnews","19":"tag-main-news","20":"tag-mainnews","21":"tag-news","22":"tag-otsikot","23":"tag-paauutiset","24":"tag-suomi","25":"tag-top-stories","26":"tag-topstories","27":"tag-ulkomaat","28":"tag-uutiset","29":"tag-world","30":"tag-world-news","31":"tag-worldnews"},"share_on_mastodon":{"url":"","error":""},"_links":{"self":[{"href":"https:\/\/www.europesays.com\/fi\/wp-json\/wp\/v2\/posts\/24888","targetHints":{"allow":["GET"]}}],"collection":[{"href":"https:\/\/www.europesays.com\/fi\/wp-json\/wp\/v2\/posts"}],"about":[{"href":"https:\/\/www.europesays.com\/fi\/wp-json\/wp\/v2\/types\/post"}],"author":[{"embeddable":true,"href":"https:\/\/www.europesays.com\/fi\/wp-json\/wp\/v2\/users\/2"}],"replies":[{"embeddable":true,"href":"https:\/\/www.europesays.com\/fi\/wp-json\/wp\/v2\/comments?post=24888"}],"version-history":[{"count":0,"href":"https:\/\/www.europesays.com\/fi\/wp-json\/wp\/v2\/posts\/24888\/revisions"}],"wp:featuredmedia":[{"embeddable":true,"href":"https:\/\/www.europesays.com\/fi\/wp-json\/wp\/v2\/media\/74"}],"wp:attachment":[{"href":"https:\/\/www.europesays.com\/fi\/wp-json\/wp\/v2\/media?parent=24888"}],"wp:term":[{"taxonomy":"category","embeddable":true,"href":"https:\/\/www.europesays.com\/fi\/wp-json\/wp\/v2\/categories?post=24888"},{"taxonomy":"post_tag","embeddable":true,"href":"https:\/\/www.europesays.com\/fi\/wp-json\/wp\/v2\/tags?post=24888"}],"curies":[{"name":"wp","href":"https:\/\/api.w.org\/{rel}","templated":true}]}}