{"id":249167,"date":"2026-05-16T04:21:20","date_gmt":"2026-05-16T04:21:20","guid":{"rendered":"https:\/\/www.europesays.com\/fi\/249167\/"},"modified":"2026-05-16T04:21:20","modified_gmt":"2026-05-16T04:21:20","slug":"velvet-ocean-tarttui-e-typen-hittiin-itsensa-mr-lordin-avustuksella-talta-se-kuulostaa","status":"publish","type":"post","link":"https:\/\/www.europesays.com\/fi\/249167\/","title":{"rendered":"Velvet Ocean tarttui E-Typen hittiin itsens\u00e4 Mr. Lordin avustuksella &#8211; t\u00e4lt\u00e4 se kuulostaa"},"content":{"rendered":"<p>Oululainen <strong>Velvet Ocean<\/strong> p\u00e4\u00e4tti tarttua ruotsalaisen <strong>E-Typen<\/strong> ys\u00e4riklassikkoon Life ja kutsui mukaan viel\u00e4p\u00e4 itse <strong>Lordi<\/strong>-yhtyeen p\u00e4\u00e4hirvi\u00f6n. Alta voit tarkistaa, miten ys\u00e4ripop taipuu <strong>Mr. Lordilla<\/strong> vahvistetun metalliyhtyeen k\u00e4sittelyss\u00e4.<\/p>\n<p>Lordi, jonka historiallisesta viisuvoitosta tulee 20.5. kuluneeksi py\u00f6re\u00e4t 20 vuotta, on juuri nyt muutenkin tapetilla. <a href=\"https:\/\/www.inferno.fi\/uutiset\/viisuvoittajat-lordi-ja-johnny-logan-tarttuivat-toistensa-kisakappaleisiin-myos-noora-louhimo-mukana-menossa\/\" target=\"_blank\" rel=\"noreferrer noopener nofollow\">T\u00e4n\u00e4\u00e4n julkaistiin<\/a> my\u00f6s Lordin ja <strong>Johnny Loganin<\/strong> versiot toistensa viisukappaleista ja Lordi n\u00e4hd\u00e4\u00e4n huomenna lauantaina esiintym\u00e4ss\u00e4 It\u00e4vallassa Euroviisujen finaalissa. Lis\u00e4ksi Lordi <a href=\"https:\/\/www.inferno.fi\/uutiset\/timo-kotipelto-mukana-vain-elamaa-sarjan-seuraavalla-kaudella-lordi-nahdaan-erikoisvieraana\/\" target=\"_blank\" rel=\"noreferrer noopener nofollow\">n\u00e4hd\u00e4\u00e4n erikoisvieraana<\/a> kes\u00e4ll\u00e4 kuvattavan Vain el\u00e4m\u00e4\u00e4 -sarjan seuraavalla tuotantokaudella.<\/p>\n<p>Velvet Ocean puolestaan viimeistelee parhaillaan toista pitk\u00e4soittoaan sek\u00e4 cover-ep:t\u00e4.<\/p>\n<p><img loading=\"lazy\" decoding=\"async\" alt=\"Youtube video\" width=\"480\" height=\"360\" data-pin-nopin=\"true\" nopin=\"nopin\" class=\"perfmatters-lazy\" src=\"https:\/\/www.europesays.com\/fi\/wp-content\/uploads\/2026\/05\/1778905273_31_hqdefault.jpg\"\/><\/p>\n<p>Lue my\u00f6s: <a href=\"https:\/\/www.inferno.fi\/uutiset\/viisuvoittajat-lordi-ja-johnny-logan-tarttuivat-toistensa-kisakappaleisiin-myos-noora-louhimo-mukana-menossa\/\" title=\"Viisuvoittajat Lordi ja Johnny Logan tarttuivat toistensa kisakappaleisiin \u2013 my\u00f6s Noora Louhimo mukana menossa\" class=\"underline-custom !font-montserrat !font-bold !underline-offset-4 !decoration-4 !decoration-red-600 !text-md\" rel=\"nofollow noopener\" target=\"_blank\">Viisuvoittajat Lordi ja Johnny Logan tarttuivat toistensa kisakappaleisiin \u2013 my\u00f6s Noora Louhimo mukana menossa<\/a><\/p>\n<p>Lue my\u00f6s: <a href=\"https:\/\/www.inferno.fi\/uutiset\/ne-veitset-uppoavat-todella-syvalle-sydameen-rock-ja-metallipiirien-reaktio-lordin-viisuvoittoon-tuntui-julmalta-sanoo-mr-lordi\/\" title=\"\u201dNe veitset uppoavat todella syv\u00e4lle syd\u00e4meen\u201d \u2013 rock- ja metallipiirien reaktio Lordin viisuvoittoon tuntui julmalta, sanoo Mr. Lordi\" class=\"underline-custom !font-montserrat !font-bold !underline-offset-4 !decoration-4 !decoration-red-600 !text-md\" rel=\"nofollow noopener\" target=\"_blank\">\u201dNe veitset uppoavat todella syv\u00e4lle syd\u00e4meen\u201d \u2013 rock- ja metallipiirien reaktio Lordin viisuvoittoon tuntui julmalta, sanoo Mr. Lordi<\/a><\/p>\n<p>Lue my\u00f6s: <a href=\"https:\/\/www.inferno.fi\/uutiskirje\/\" title=\"Tilaa Infernon uutiskirje\" class=\"underline-custom !font-montserrat !font-bold !underline-offset-4 !decoration-4 !decoration-red-600 !text-md\" rel=\"nofollow noopener\" target=\"_blank\">Tilaa Infernon uutiskirje ja tied\u00e4t mist\u00e4 kahvitauolla puhutaan! Nappaa raskaan musiikin uutiset ja puheenaiheet suoraan s\u00e4hk\u00f6postiin t\u00e4st\u00e4.<\/a><\/p>\n<p>    <a class=\"block\" href=\"https:\/\/www.como.fi\/uutiset\/hjallis-harkimo-jatettiin-hjallis-toivottaa-hyvaa-matkaa\/\" target=\"_blank\" rel=\"noopener nofollow\"><br \/>\n                    <img loading=\"lazy\" decoding=\"async\" width=\"672\" height=\"448\" alt=\"Hjallis Harkimo j\u00e4tettiin \u2013 Hjallis toivottaa hyv\u00e4\u00e4 matkaa\" class=\"perfmatters-lazy\" src=\"https:\/\/www.europesays.com\/fi\/wp-content\/uploads\/2026\/05\/hjallis-672x448.jpg\"\/><\/p>\n<p>                        <img loading=\"lazy\" decoding=\"async\" alt=\"Como.fi\" width=\"16\" height=\"16\" class=\"perfmatters-lazy\" src=\"https:\/\/www.europesays.com\/fi\/wp-content\/uploads\/2026\/04\/favicon-16x16.png\"\/><\/p>\n<p>    <\/a><\/p>\n<p>    <a class=\"block\" href=\"https:\/\/www.como.fi\/uutiset\/eurojackpot-tarjoilee-118-miljoonan-voittoa-tassa-suomen-voittosaalis\/\" target=\"_blank\" rel=\"noopener nofollow\"><br \/>\n                    <img loading=\"lazy\" decoding=\"async\" width=\"672\" height=\"448\" alt=\"Eurojackpot tarjoilee 118 miljoonan voittoa \u2013 t\u00e4ss\u00e4 Suomen voittosaalis\" class=\"perfmatters-lazy\" src=\"https:\/\/www.europesays.com\/fi\/wp-content\/uploads\/2026\/05\/Veikkaus_Eurojackpot_studio_101-672x448.jpg\"\/><\/p>\n<p>                        <img loading=\"lazy\" decoding=\"async\" alt=\"Como.fi\" width=\"16\" height=\"16\" class=\"perfmatters-lazy\" src=\"https:\/\/www.europesays.com\/fi\/wp-content\/uploads\/2026\/04\/favicon-16x16.png\"\/><\/p>\n<p>    <\/a><\/p>\n<p>    <a class=\"block\" href=\"https:\/\/www.como.fi\/uutiset\/pippa-laukka-biksuissa-olen-56v-sataprosenttinen-nainen\/\" target=\"_blank\" rel=\"noopener nofollow\"><br \/>\n                    <img loading=\"lazy\" decoding=\"async\" width=\"672\" height=\"445\" alt=\"Pippa Laukka biksuissa: \u201dOlen 56v sataprosenttinen nainen\u201d\" class=\"perfmatters-lazy\" src=\"https:\/\/www.europesays.com\/fi\/wp-content\/uploads\/2026\/05\/pippa-2-672x445.jpg\"\/><\/p>\n<p>                        <img loading=\"lazy\" decoding=\"async\" alt=\"Como.fi\" width=\"16\" height=\"16\" class=\"perfmatters-lazy\" src=\"https:\/\/www.europesays.com\/fi\/wp-content\/uploads\/2026\/04\/favicon-16x16.png\"\/><\/p>\n<p>    <\/a><\/p>\n<p>    <a class=\"block\" href=\"https:\/\/www.inferno.fi\/uutiset\/anthrax-julkaisi-vihdoin-uutta-musiikkia-tarjolla-vakeva-ensimaistiainen-tulevalta-levylta\/\" rel=\"nofollow noopener\" target=\"_blank\"><br \/>\n        <img loading=\"lazy\" height=\"448\" width=\"672\" class=\"attachment-large_post_image size-large_post_image sp-no-webp perfmatters-lazy\" alt=\"Anthrax julkaisi vihdoin uutta musiikkia \u2013 tarjolla v\u00e4kev\u00e4 ensimaistiainen tulevalta levylt\u00e4\" decoding=\"async\" src=\"https:\/\/www.europesays.com\/fi\/wp-content\/uploads\/2026\/05\/161781792045-672x448.jpg\"  data-\/><br \/>\n    <\/a><\/p>\n<p>    <a class=\"block\" href=\"https:\/\/www.inferno.fi\/live\/varhaisia-taistelulauluja-ja-90-luvun-henkea-kolme-nostoa-steelfestin-avauspaivasta\/\" rel=\"nofollow noopener\" target=\"_blank\"><br \/>\n        <img loading=\"lazy\" height=\"474\" width=\"672\" class=\"attachment-large_post_image size-large_post_image sp-no-webp perfmatters-lazy\" alt=\"Varhaisia taistelulauluja ja 90-luvun henke\u00e4 \u2013 kolme nostoa Steelfestin avausp\u00e4iv\u00e4st\u00e4\" decoding=\"async\" src=\"https:\/\/www.europesays.com\/fi\/wp-content\/uploads\/2026\/05\/holocausto-6-672x474.jpg\"  data-\/><br \/>\n    <\/a><\/p>\n<p>    <a class=\"block\" href=\"https:\/\/www.inferno.fi\/uutiset\/oli-hyvin-selvaa-ettei-han-ollut-onnellinen-korn-kitaristi-puhuu-bandissa-sivusta-olevasta-alkuperaisbasistista\/\" rel=\"nofollow noopener\" target=\"_blank\"><br \/>\n        <img loading=\"lazy\" height=\"448\" width=\"672\" class=\"attachment-large_post_image size-large_post_image sp-no-webp perfmatters-lazy\" alt=\"\u201dOli hyvin selv\u00e4\u00e4, ettei h\u00e4n ollut onnellinen\u201d \u2013 Korn-kitaristi puhuu b\u00e4ndiss\u00e4 sivusta olevasta alkuper\u00e4isbasistista\" decoding=\"async\" src=\"https:\/\/www.europesays.com\/fi\/wp-content\/uploads\/2026\/05\/16161470433-672x448.jpg\"  data-\/><br \/>\n    <\/a><\/p>\n<p>    <a class=\"block\" href=\"https:\/\/www.inferno.fi\/uutiset\/viisuvoittajat-lordi-ja-johnny-logan-tarttuivat-toistensa-kisakappaleisiin-myos-noora-louhimo-mukana-menossa\/\" rel=\"nofollow noopener\" target=\"_blank\"><br \/>\n        <img loading=\"lazy\" height=\"434\" width=\"672\" class=\"attachment-large_post_image size-large_post_image sp-no-webp perfmatters-lazy\" alt=\"Viisuvoittajat Lordi ja Johnny Logan tarttuivat toistensa kisakappaleisiin \u2013 my\u00f6s Noora Louhimo mukana menossa\" decoding=\"async\" src=\"https:\/\/www.europesays.com\/fi\/wp-content\/uploads\/2026\/05\/noora-lordi-netti.jpg\"  data-\/><br \/>\n    <\/a><\/p>\n","protected":false},"excerpt":{"rendered":"Oululainen Velvet Ocean p\u00e4\u00e4tti tarttua ruotsalaisen E-Typen ys\u00e4riklassikkoon Life ja kutsui mukaan viel\u00e4p\u00e4 itse Lordi-yhtyeen p\u00e4\u00e4hirvi\u00f6n. Alta voit&hellip;\n","protected":false},"author":2,"featured_media":249168,"comment_status":"","ping_status":"","sticky":false,"template":"","format":"standard","meta":{"footnotes":"","_share_on_mastodon":"0"},"categories":[136],"tags":[407,806,137,33,31,30,408,1244,32,109],"class_list":["post-249167","post","type-post","status-publish","format-standard","has-post-thumbnail","category-julkkikset","tag-celebrities","tag-cover","tag-entertainment","tag-fi","tag-finland","tag-finnish","tag-julkkikset","tag-single","tag-suomi","tag-viihde"],"share_on_mastodon":{"url":"https:\/\/pubeurope.com\/@fi\/116582343283439266","error":""},"_links":{"self":[{"href":"https:\/\/www.europesays.com\/fi\/wp-json\/wp\/v2\/posts\/249167","targetHints":{"allow":["GET"]}}],"collection":[{"href":"https:\/\/www.europesays.com\/fi\/wp-json\/wp\/v2\/posts"}],"about":[{"href":"https:\/\/www.europesays.com\/fi\/wp-json\/wp\/v2\/types\/post"}],"author":[{"embeddable":true,"href":"https:\/\/www.europesays.com\/fi\/wp-json\/wp\/v2\/users\/2"}],"replies":[{"embeddable":true,"href":"https:\/\/www.europesays.com\/fi\/wp-json\/wp\/v2\/comments?post=249167"}],"version-history":[{"count":0,"href":"https:\/\/www.europesays.com\/fi\/wp-json\/wp\/v2\/posts\/249167\/revisions"}],"wp:featuredmedia":[{"embeddable":true,"href":"https:\/\/www.europesays.com\/fi\/wp-json\/wp\/v2\/media\/249168"}],"wp:attachment":[{"href":"https:\/\/www.europesays.com\/fi\/wp-json\/wp\/v2\/media?parent=249167"}],"wp:term":[{"taxonomy":"category","embeddable":true,"href":"https:\/\/www.europesays.com\/fi\/wp-json\/wp\/v2\/categories?post=249167"},{"taxonomy":"post_tag","embeddable":true,"href":"https:\/\/www.europesays.com\/fi\/wp-json\/wp\/v2\/tags?post=249167"}],"curies":[{"name":"wp","href":"https:\/\/api.w.org\/{rel}","templated":true}]}}