{"id":249179,"date":"2026-05-16T04:34:08","date_gmt":"2026-05-16T04:34:08","guid":{"rendered":"https:\/\/www.europesays.com\/fi\/249179\/"},"modified":"2026-05-16T04:34:08","modified_gmt":"2026-05-16T04:34:08","slug":"omavero-sulkeutuu-viikonlopuksi-suomenmaa-fi","status":"publish","type":"post","link":"https:\/\/www.europesays.com\/fi\/249179\/","title":{"rendered":"OmaVero sulkeutuu viikonlopuksi &#8211; Suomenmaa.fi"},"content":{"rendered":"<p>\n\tSTT\t15.5.2026 17:50, muokattu<br \/>\n\t15.5.2026 18:10\n<\/p>\n<p>\t\t\t\t\t\t\t\t\tKotimaa<\/p>\n<p>OmaVero-palvelussa on k\u00e4yt\u00e4nn\u00f6ss\u00e4 koko viikonlopun kest\u00e4v\u00e4 k\u00e4ytt\u00f6katko, Verohallinto tiedottaa.<\/p>\n<p>K\u00e4ytt\u00f6katko alkaa lauantaina kello seitsem\u00e4lt\u00e4 aamulla. OmaVero aukeaa uudelleen maanantaina kello kahdeksalta. Katkon aikana OmaVeroon ei voi kirjautua, joten veroasioita ei voi viikonloppuna sivuston kautta hoitaa.<\/p>\n<p>Verohallinto kehottaakin ihmisi\u00e4 hoitamaan veroasiansa ennen k\u00e4ytt\u00f6katkon alkamista. Esimerkiksi verokorttia ei voi viikonlopun aikana tehd\u00e4.<\/p>\n","protected":false},"excerpt":{"rendered":"STT 15.5.2026 17:50, muokattu 15.5.2026 18:10 Kotimaa OmaVero-palvelussa on k\u00e4yt\u00e4nn\u00f6ss\u00e4 koko viikonlopun kest\u00e4v\u00e4 k\u00e4ytt\u00f6katko, Verohallinto tiedottaa. K\u00e4ytt\u00f6katko alkaa&hellip;\n","protected":false},"author":2,"featured_media":249180,"comment_status":"","ping_status":"","sticky":false,"template":"","format":"standard","meta":{"footnotes":"","_share_on_mastodon":"0"},"categories":[12],"tags":[22,23,26,27,33,31,30,17,71,24,25,28,29,15,18,21,32,19,20,16,10082,13528,2186],"class_list":["post-249179","post","type-post","status-publish","format-standard","has-post-thumbnail","category-suomi","tag-breaking-news","tag-breakingnews","tag-featured-news","tag-featurednews","tag-fi","tag-finland","tag-finnish","tag-headlines","tag-kotimaa","tag-latest-news","tag-latestnews","tag-main-news","tag-mainnews","tag-news","tag-otsikot","tag-paauutiset","tag-suomi","tag-top-stories","tag-topstories","tag-uutiset","tag-verohallinto","tag-verot","tag-verotus"],"share_on_mastodon":{"url":"https:\/\/pubeurope.com\/@fi\/116582394503968916","error":""},"_links":{"self":[{"href":"https:\/\/www.europesays.com\/fi\/wp-json\/wp\/v2\/posts\/249179","targetHints":{"allow":["GET"]}}],"collection":[{"href":"https:\/\/www.europesays.com\/fi\/wp-json\/wp\/v2\/posts"}],"about":[{"href":"https:\/\/www.europesays.com\/fi\/wp-json\/wp\/v2\/types\/post"}],"author":[{"embeddable":true,"href":"https:\/\/www.europesays.com\/fi\/wp-json\/wp\/v2\/users\/2"}],"replies":[{"embeddable":true,"href":"https:\/\/www.europesays.com\/fi\/wp-json\/wp\/v2\/comments?post=249179"}],"version-history":[{"count":0,"href":"https:\/\/www.europesays.com\/fi\/wp-json\/wp\/v2\/posts\/249179\/revisions"}],"wp:featuredmedia":[{"embeddable":true,"href":"https:\/\/www.europesays.com\/fi\/wp-json\/wp\/v2\/media\/249180"}],"wp:attachment":[{"href":"https:\/\/www.europesays.com\/fi\/wp-json\/wp\/v2\/media?parent=249179"}],"wp:term":[{"taxonomy":"category","embeddable":true,"href":"https:\/\/www.europesays.com\/fi\/wp-json\/wp\/v2\/categories?post=249179"},{"taxonomy":"post_tag","embeddable":true,"href":"https:\/\/www.europesays.com\/fi\/wp-json\/wp\/v2\/tags?post=249179"}],"curies":[{"name":"wp","href":"https:\/\/api.w.org\/{rel}","templated":true}]}}