{"id":24986,"date":"2025-09-04T02:22:07","date_gmt":"2025-09-04T02:22:07","guid":{"rendered":"https:\/\/www.europesays.com\/fi\/24986\/"},"modified":"2025-09-04T02:22:07","modified_gmt":"2025-09-04T02:22:07","slug":"pysayttava-kuva-sairaalavuoteelta-urheilulegenda-taistelee-elamastaan","status":"publish","type":"post","link":"https:\/\/www.europesays.com\/fi\/24986\/","title":{"rendered":"Pys\u00e4ytt\u00e4v\u00e4 kuva sairaalavuoteelta: Urheilulegenda taistelee el\u00e4m\u00e4st\u00e4\u00e4n"},"content":{"rendered":"<p>Hezekiah Nyamau kamppailee sy\u00f6p\u00e4\u00e4 vastaan.<\/p>\n<p class=\"paragraph\">Kenialainen olympiavoittaja <strong>Hezekiah Nyamau<\/strong>, 84, taistelee hengest\u00e4\u00e4n Kisiin sairaalassa Keniassa, kertoo kenialaislehti <a href=\"https:\/\/nation.africa\/kenya\/sports\/athletics\/a-cry-for-help-legendary-kenyan-athlete-hezekiah-nyamau-battles-cancer-and-neglect-5175708\" rel=\"noopener nofollow\" target=\"_blank\">Daily Nation<\/a>.<\/p>\n<p class=\"paragraph\">Toimittajat vierailivat kenialaislegendan luona sairaalassa. Sappirakon sy\u00f6v\u00e4n kanssa taisteleva Nyamau antoi lyhyet kommentit sairaalavuoteelta.<\/p>\n<p class=\"paragraph\">\u2013 Kuten n\u00e4ette, minulla ei ole paljoa aikaa. Ottakaa kuvani ja n\u00e4ytt\u00e4k\u00e4\u00e4, miss\u00e4 Kenialle kunniaa tuonut urheilija makaa, h\u00e4n sanoi lehdelle maanantaina.<\/p>\n<p class=\"paragraph\">H\u00e4nest\u00e4 otettiin my\u00f6s karu kuva, jonka voit halutessasi katsoa <a href=\"https:\/\/nation.africa\/kenya\/sports\/athletics\/a-cry-for-help-legendary-kenyan-athlete-hezekiah-nyamau-battles-cancer-and-neglect-5175708\" rel=\"noopener nofollow\" target=\"_blank\">t\u00e4\u00e4lt\u00e4<\/a>.<\/p>\n<p class=\"paragraph\">Nyamau on ollut sairaalahoidossa kolme viikkoa.<\/p>\n<p class=\"paragraph\">Juoksija liittyi Kenian armeijaan 1963 ja el\u00e4k\u00f6ityi 1997. H\u00e4n oli yksi ihailluimmista kenialaisista urheilijoista, mutta h\u00e4nen perheens\u00e4 kertoi, ettei Nyamaun el\u00e4m\u00e4 ole ollut pelkk\u00e4\u00e4 ruusuilla tanssimista sen j\u00e4lkeen, kun h\u00e4n l\u00e4hti armeijasta.<\/p>\n<p class=\"paragraph\">H\u00e4n sanoi noin vuosi sitten tv-haastattelussa tuskailleensa taloudellisesti. H\u00e4n joutui talousahdinkoon, koska h\u00e4n maksoi lastensa ja lastenlastensa koulutuksen.<\/p>\n<p class=\"paragraph\">Entinen huippujuoksija oli osa Kenian 400 metrin viestijoukkuetta, joka voitti olympiakultaa M\u00fcnchenin olympialaisissa 1972.<\/p>\n<p class=\"paragraph\">Viestijoukkueen muut j\u00e4senet olivat <strong>Charles Asati<\/strong>, <strong>Julius Sang<\/strong> ja <strong>Robert Ouko<\/strong>.<\/p>\n<p>Hezekiah Nyamau (oik.) juhli olympiakultaa vuonna 1972. AOP<\/p>\n","protected":false},"excerpt":{"rendered":"Hezekiah Nyamau kamppailee sy\u00f6p\u00e4\u00e4 vastaan. Kenialainen olympiavoittaja Hezekiah Nyamau, 84, taistelee hengest\u00e4\u00e4n Kisiin sairaalassa Keniassa, kertoo kenialaislehti Daily&hellip;\n","protected":false},"author":2,"featured_media":24987,"comment_status":"","ping_status":"","sticky":false,"template":"","format":"standard","meta":{"footnotes":""},"categories":[158],"tags":[35,33,31,30,501,41,2461,159,32,502,167,160],"class_list":{"0":"post-24986","1":"post","2":"type-post","3":"status-publish","4":"format-standard","5":"has-post-thumbnail","7":"category-urheilu","8":"tag-24h","9":"tag-fi","10":"tag-finland","11":"tag-finnish","12":"tag-laakaripalvelut","13":"tag-liikunta-ja-urheilu","14":"tag-sairaalat-ja-terveyskeskukset","15":"tag-sports","16":"tag-suomi","17":"tag-terveydenhoito","18":"tag-terveys","19":"tag-urheilu"},"share_on_mastodon":{"url":"","error":""},"_links":{"self":[{"href":"https:\/\/www.europesays.com\/fi\/wp-json\/wp\/v2\/posts\/24986","targetHints":{"allow":["GET"]}}],"collection":[{"href":"https:\/\/www.europesays.com\/fi\/wp-json\/wp\/v2\/posts"}],"about":[{"href":"https:\/\/www.europesays.com\/fi\/wp-json\/wp\/v2\/types\/post"}],"author":[{"embeddable":true,"href":"https:\/\/www.europesays.com\/fi\/wp-json\/wp\/v2\/users\/2"}],"replies":[{"embeddable":true,"href":"https:\/\/www.europesays.com\/fi\/wp-json\/wp\/v2\/comments?post=24986"}],"version-history":[{"count":0,"href":"https:\/\/www.europesays.com\/fi\/wp-json\/wp\/v2\/posts\/24986\/revisions"}],"wp:featuredmedia":[{"embeddable":true,"href":"https:\/\/www.europesays.com\/fi\/wp-json\/wp\/v2\/media\/24987"}],"wp:attachment":[{"href":"https:\/\/www.europesays.com\/fi\/wp-json\/wp\/v2\/media?parent=24986"}],"wp:term":[{"taxonomy":"category","embeddable":true,"href":"https:\/\/www.europesays.com\/fi\/wp-json\/wp\/v2\/categories?post=24986"},{"taxonomy":"post_tag","embeddable":true,"href":"https:\/\/www.europesays.com\/fi\/wp-json\/wp\/v2\/tags?post=24986"}],"curies":[{"name":"wp","href":"https:\/\/api.w.org\/{rel}","templated":true}]}}