{"id":249863,"date":"2026-05-16T22:28:13","date_gmt":"2026-05-16T22:28:13","guid":{"rendered":"https:\/\/www.europesays.com\/fi\/249863\/"},"modified":"2026-05-16T22:28:13","modified_gmt":"2026-05-16T22:28:13","slug":"israel-jatkoi-iskuja-etelaiseen-libanoniin-aselevosta-huolimatta-uutisia-lyhyesti","status":"publish","type":"post","link":"https:\/\/www.europesays.com\/fi\/249863\/","title":{"rendered":"Israel jatkoi iskuja etel\u00e4iseen Libanoniin aselevosta huolimatta | Uutisia lyhyesti"},"content":{"rendered":"<p class=\"aw-1gybjub aw-1p7kakr kEtdKx cEmitX yle__article__paragraph\">Israel sanoi jatkaneensa iskuja etel\u00e4iseen Libanoniin lauantaina, vaikka maat sopivat aselevon pident\u00e4misest\u00e4 perjantaina.<\/p>\n<p class=\"aw-1gybjub aw-1p7kakr kEtdKx cEmitX yle__article__paragraph\">Israel kertoi kohdistavansa iskuja \u00e4\u00e4rij\u00e4rjest\u00f6 Hizbollahin kohteisiin. Israel oli kuitenkin ennen iskuja kehottanut useiden kylien asukkaita j\u00e4tt\u00e4m\u00e4\u00e4n kotinsa.<\/p>\n<p class=\"aw-1gybjub aw-1p7kakr kEtdKx cEmitX yle__article__paragraph\">\u2013 Israelin asevoimat on aloittanut iskut Hizbollahin infrastruktuurikohteisiin useilla alueilla Etel\u00e4-Libanonissa, asevoimat ilmoitti viestipalvelu X:ss\u00e4 hepreankielisell\u00e4 tilill\u00e4\u00e4n.<\/p>\n","protected":false},"excerpt":{"rendered":"Israel sanoi jatkaneensa iskuja etel\u00e4iseen Libanoniin lauantaina, vaikka maat sopivat aselevon pident\u00e4misest\u00e4 perjantaina. Israel kertoi kohdistavansa iskuja \u00e4\u00e4rij\u00e4rjest\u00f6&hellip;\n","protected":false},"author":2,"featured_media":234547,"comment_status":"","ping_status":"","sticky":false,"template":"","format":"standard","meta":{"footnotes":"","_share_on_mastodon":"0"},"categories":[14],"tags":[22,23,26,27,33,31,30,17,3574,993,24,25,3572,28,29,15,18,21,32,19,20,546,56,16,59,60,61],"class_list":["post-249863","post","type-post","status-publish","format-standard","has-post-thumbnail","category-ulkomaat","tag-breaking-news","tag-breakingnews","tag-featured-news","tag-featurednews","tag-fi","tag-finland","tag-finnish","tag-headlines","tag-hizbollah","tag-israel","tag-latest-news","tag-latestnews","tag-libanon","tag-main-news","tag-mainnews","tag-news","tag-otsikot","tag-paauutiset","tag-suomi","tag-top-stories","tag-topstories","tag-turvallisuus","tag-ulkomaat","tag-uutiset","tag-world","tag-world-news","tag-worldnews"],"share_on_mastodon":{"url":"https:\/\/pubeurope.com\/@fi\/116586617633549497","error":""},"_links":{"self":[{"href":"https:\/\/www.europesays.com\/fi\/wp-json\/wp\/v2\/posts\/249863","targetHints":{"allow":["GET"]}}],"collection":[{"href":"https:\/\/www.europesays.com\/fi\/wp-json\/wp\/v2\/posts"}],"about":[{"href":"https:\/\/www.europesays.com\/fi\/wp-json\/wp\/v2\/types\/post"}],"author":[{"embeddable":true,"href":"https:\/\/www.europesays.com\/fi\/wp-json\/wp\/v2\/users\/2"}],"replies":[{"embeddable":true,"href":"https:\/\/www.europesays.com\/fi\/wp-json\/wp\/v2\/comments?post=249863"}],"version-history":[{"count":0,"href":"https:\/\/www.europesays.com\/fi\/wp-json\/wp\/v2\/posts\/249863\/revisions"}],"wp:featuredmedia":[{"embeddable":true,"href":"https:\/\/www.europesays.com\/fi\/wp-json\/wp\/v2\/media\/234547"}],"wp:attachment":[{"href":"https:\/\/www.europesays.com\/fi\/wp-json\/wp\/v2\/media?parent=249863"}],"wp:term":[{"taxonomy":"category","embeddable":true,"href":"https:\/\/www.europesays.com\/fi\/wp-json\/wp\/v2\/categories?post=249863"},{"taxonomy":"post_tag","embeddable":true,"href":"https:\/\/www.europesays.com\/fi\/wp-json\/wp\/v2\/tags?post=249863"}],"curies":[{"name":"wp","href":"https:\/\/api.w.org\/{rel}","templated":true}]}}