{"id":249984,"date":"2026-05-17T01:57:13","date_gmt":"2026-05-17T01:57:13","guid":{"rendered":"https:\/\/www.europesays.com\/fi\/249984\/"},"modified":"2026-05-17T01:57:13","modified_gmt":"2026-05-17T01:57:13","slug":"jamsassa-lopetettiin-karhu-jonka-jalkaan-oli-jaanyt-kiinni-pyyntirauta-uutissuomalainen","status":"publish","type":"post","link":"https:\/\/www.europesays.com\/fi\/249984\/","title":{"rendered":"J\u00e4ms\u00e4ss\u00e4 lopetettiin karhu, jonka jalkaan oli j\u00e4\u00e4nyt kiinni pyyntirauta | Uutissuomalainen"},"content":{"rendered":"<p>Keski-Suomessa J\u00e4ms\u00e4ss\u00e4 lopetettiin lauantaina karhu, jonka etujalkaan oli j\u00e4\u00e4nyt kiinni pienpetopyyntiin tarkoitettu pyyntirauta, kertoo <a href=\"https:\/\/poliisi.fi\/-\/jamsassa-jouduttiin-lopettamaan-pienpetorautaan-astunut-karhu\" rel=\"nofollow noopener\" target=\"_blank\">poliisi<\/a>. Karhu ei pystynyt k\u00e4ytt\u00e4m\u00e4\u00e4n jalkaansa pyyntiraudan takia.<\/p>\n<p>El\u00e4inl\u00e4\u00e4k\u00e4reiden arvion mukaan rauta aiheuttaa sellaista kipua ja k\u00e4rsimyst\u00e4, joka t\u00e4ytt\u00e4\u00e4 el\u00e4inten hyvinvointilain ja poliisilain mukaiset kriteerit el\u00e4imen lopettamiselle. Poliisi m\u00e4\u00e4r\u00e4si karhun lopetettavaksi ja pyysi karhun etsint\u00e4\u00e4n ja lopettamiseen apua J\u00e4ms\u00e4n riistanhoitoyhdistykselt\u00e4.<\/p>\n<p>Pyyntiraudan vuoksi poliisi on kirjannut rikosilmoituksen t\u00f6rke\u00e4st\u00e4 mets\u00e4stysrikoksesta. Kyseess\u00e4 oli Conibear-tyyppinen pyyntirauta.<\/p>\n","protected":false},"excerpt":{"rendered":"Keski-Suomessa J\u00e4ms\u00e4ss\u00e4 lopetettiin lauantaina karhu, jonka etujalkaan oli j\u00e4\u00e4nyt kiinni pienpetopyyntiin tarkoitettu pyyntirauta, kertoo poliisi. Karhu ei pystynyt&hellip;\n","protected":false},"author":2,"featured_media":249985,"comment_status":"","ping_status":"","sticky":false,"template":"","format":"standard","meta":{"footnotes":"","_share_on_mastodon":"0"},"categories":[12],"tags":[22,23,404,26,27,33,31,30,17,2565,53,24,25,72,28,29,930,15,785,18,21,591,32,19,20,16],"class_list":["post-249984","post","type-post","status-publish","format-standard","has-post-thumbnail","category-suomi","tag-breaking-news","tag-breakingnews","tag-elaimet","tag-featured-news","tag-featurednews","tag-fi","tag-finland","tag-finnish","tag-headlines","tag-jamsa","tag-laki-oikeus-ja-rikos","tag-latest-news","tag-latestnews","tag-luonto","tag-main-news","tag-mainnews","tag-metsastys-ja-kalastus","tag-news","tag-nisakkaat","tag-otsikot","tag-paauutiset","tag-selkarankaiset","tag-suomi","tag-top-stories","tag-topstories","tag-uutiset"],"share_on_mastodon":{"url":"https:\/\/pubeurope.com\/@fi\/116587439657503302","error":""},"_links":{"self":[{"href":"https:\/\/www.europesays.com\/fi\/wp-json\/wp\/v2\/posts\/249984","targetHints":{"allow":["GET"]}}],"collection":[{"href":"https:\/\/www.europesays.com\/fi\/wp-json\/wp\/v2\/posts"}],"about":[{"href":"https:\/\/www.europesays.com\/fi\/wp-json\/wp\/v2\/types\/post"}],"author":[{"embeddable":true,"href":"https:\/\/www.europesays.com\/fi\/wp-json\/wp\/v2\/users\/2"}],"replies":[{"embeddable":true,"href":"https:\/\/www.europesays.com\/fi\/wp-json\/wp\/v2\/comments?post=249984"}],"version-history":[{"count":0,"href":"https:\/\/www.europesays.com\/fi\/wp-json\/wp\/v2\/posts\/249984\/revisions"}],"wp:featuredmedia":[{"embeddable":true,"href":"https:\/\/www.europesays.com\/fi\/wp-json\/wp\/v2\/media\/249985"}],"wp:attachment":[{"href":"https:\/\/www.europesays.com\/fi\/wp-json\/wp\/v2\/media?parent=249984"}],"wp:term":[{"taxonomy":"category","embeddable":true,"href":"https:\/\/www.europesays.com\/fi\/wp-json\/wp\/v2\/categories?post=249984"},{"taxonomy":"post_tag","embeddable":true,"href":"https:\/\/www.europesays.com\/fi\/wp-json\/wp\/v2\/tags?post=249984"}],"curies":[{"name":"wp","href":"https:\/\/api.w.org\/{rel}","templated":true}]}}