{"id":250056,"date":"2026-05-17T04:20:11","date_gmt":"2026-05-17T04:20:11","guid":{"rendered":"https:\/\/www.europesays.com\/fi\/250056\/"},"modified":"2026-05-17T04:20:11","modified_gmt":"2026-05-17T04:20:11","slug":"missa-behm-aku-sipola-ja-minka-kuustonen-juhlivat-yhdessa-salakuvat","status":"publish","type":"post","link":"https:\/\/www.europesays.com\/fi\/250056\/","title":{"rendered":"Miss\u00e4 Behm? Aku Sipola ja Minka Kuustonen juhlivat yhdess\u00e4 \u2013 salakuvat!"},"content":{"rendered":"<p>            Tomi Natri, Timo Korhonen\n        <\/p>\n<p class=\"subtitle \">Aku ja Minka juhlivat yhdess\u00e4 kuohuvan \u00e4\u00e4rell\u00e4.<\/p>\n<p class=\"article-content article-content-width !bg-background\">Ex-n\u00e4yttelij\u00e4pariskunta  ja  bongattiin lauantaina (9.5.) yhteisen illanvieton merkeiss\u00e4.<\/p>\n<p class=\"font-weight-bold m-font-weight-bold article-content article-content-width !bg-background\">Katso my\u00f6s! Aku Sipolan yll\u00e4tt\u00e4v\u00e4 ele Behmille:<\/p>\n<p class=\"article-content article-content-width !bg-background\">Seiskan vinkkari kertoo kaksikon liikkuneen yhdess\u00e4 pitkin iltaa, ja tunnelman kaksikon vaikuttaneen l\u00e4mpim\u00e4lt\u00e4. Akun -rakkaasta ei puolestaan n\u00e4kynyt illan aikana vilaustakaan.<\/p>\n<p>        <a itemprop=\"url\" href=\"https:\/\/www.seiska.fi\/vain-seiskassa\/behmin-ja-aku-sipolan-pitka-salasuhde-paljastui-yhteiskuvat-hotellista-seiskassa\/1178569\" rel=\"nofollow noopener\" target=\"_blank\"><\/p>\n<p class=\"section-date\">\n        <strong class=\"article-section\" data-section=\"vain seiskassa\"><br \/>\n            vain seiskassa<br \/>\n        <\/strong><br \/>\n        2.11.2023 06:00\n    <\/p>\n<p>Behmin ja Aku Sipolan pitk\u00e4 salasuhde paljastui \u2013 yhteiskuvat hotellista Seiskassa!\n    <\/p>\n<p itemprop=\"description\" class=\"subtitle \">\n    Popt\u00e4hti ja n\u00e4yttelij\u00e4komistus julkaisivat jo vihjailevan yhteiskuvan, mutta Seiska paljastaa nyt, mist\u00e4 oikeasti on kyse.\n<\/p>\n<p>        <\/a><\/p>\n<p>Kuohuviini\u00e4 ja seurustelua!<\/p>\n<p class=\"article-content article-content-width !bg-background\">Vuonna 2022 eronneet Aku ja Minka n\u00e4htiin saapuvan artisti \u00a0Lohjalla j\u00e4rjestettyyn levynjulkistamistilaisuuteen lauantaina (9.5.) samassa seurueessa. V\u00e4liajalla kaksikko istuutui nauttimaan kuohuvaa vierekk\u00e4isille penkeille.<\/p>\n<p>                <img decoding=\"async\" src=\"https:\/\/www.europesays.com\/fi\/wp-content\/uploads\/2026\/05\/2148536.webp.jpeg\" width=\"576\" height=\"744\" alt=\"Aku ja Minka kulkivat seurueensa mukana yhdess\u00e4.\" loading=\"lazy\" \/>            <\/p>\n<p>\n            Aku ja Minka kulkivat seurueensa mukana yhdess\u00e4.<br \/>\n            Lukijan kuva\n        <\/p>\n<p>        <a itemprop=\"url\" href=\"https:\/\/www.seiska.fi\/vain-seiskassa\/tallainen-on-behmin-arkityyli-pyori-vakavana-lihatiskilla\/1388646\" rel=\"nofollow noopener\" target=\"_blank\"><\/p>\n<p>\nVain Seiskassa!\n<\/p>\n<p class=\"section-date\">\n        <strong class=\"article-section\" data-section=\"vain seiskassa\"><br \/>\n            vain seiskassa<br \/>\n        <\/strong><br \/>\n        23.6.2024 12:30\n    <\/p>\n<p>T\u00e4llainen on Behmin arkityyli &#8211; py\u00f6ri vakavana lihatiskill\u00e4\n    <\/p>\n<p itemprop=\"description\" class=\"subtitle \">\n    Behm bongattiin ruokaostoksilla Aku-rakkaansa kanssa.\n<\/p>\n<p>        <\/a><\/p>\n<p class=\"article-content article-content-width !bg-background\"> \u2013 V\u00e4liajan kohdalla Akun ja Minkan seurue liikkui p\u00f6yd\u00e4n \u00e4\u00e4reen nauttimaan kuohuvaa. Aku tarjosi Minkalle tuoliakin ja he istuivat siihen vierekk\u00e4in, Seiskalle supistaan.<\/p>\n<p class=\"article-content article-content-width !bg-background\">Ex-pariskunnan v\u00e4lit eiv\u00e4t vinkkarin silmiin n\u00e4ytt\u00e4nyt kuitenkaan romanttisilta.<\/p>\n<p>                <img decoding=\"async\" src=\"https:\/\/www.europesays.com\/fi\/wp-content\/uploads\/2026\/05\/2148554.webp.jpeg\" width=\"576\" height=\"687\" alt=\"Akun ja Minkan seurueessa istui my\u00f6s n\u00e4yttelij\u00e4pariskunta Saara ja Jon-Jon Geitel.\" loading=\"lazy\" \/>            <\/p>\n<p>            Akun ja Minkan seurueessa istui my\u00f6s n\u00e4yttelij\u00e4pariskunta  ja .<br \/>\n            Lukijan kuva<\/p>\n<p class=\"article-content article-content-width !bg-background\"> \u2013 Vaikuttivat hyvilt\u00e4 yst\u00e4vilt\u00e4. Juttelivat ja tulivat hyvin toimeen, se kiinnitti huomiota, Seiskalle kerrotaan.<\/p>\n<p>Behmi\u00e4 ei n\u00e4kynyt<\/p>\n<p class=\"article-content article-content-width !bg-background\">Aku ja Minka ilmoittivat erostaan vuonna 2023. Kaksikko kertoi tuolloin kahdeksan vuoden suhteensa tulleen p\u00e4\u00e4t\u00f6kseen todellisuudessa jo vuonna 2022. Akulla ja Minkalla on yhteinen vuonna 2018 syntynyt poika.\u00a0<\/p>\n<p>        <a itemprop=\"url\" href=\"https:\/\/www.seiska.fi\/kotimaa\/behm-shokki-ilmoitus\/2084243\" rel=\"nofollow noopener\" target=\"_blank\"><\/p>\n<p>\nBehm\n<\/p>\n<p class=\"section-date\">\n        <strong class=\"article-section\" data-section=\"kotimaa\"><br \/>\n            kotimaa<br \/>\n        <\/strong><br \/>\n        23.2. 13:40\n    <\/p>\n<p>Behm: Shokki-ilmoitus!\n    <\/p>\n<p itemprop=\"description\" class=\"subtitle \">\n    Behm pysyi v\u00e4h\u00e4sanaisena ilmoituksestaan.\n<\/p>\n<p>        <\/a><\/p>\n<p class=\"article-content article-content-width !bg-background\">\u2013 Hei, olemme eronneet viime syksyn\u00e4 ja jatkaneet el\u00e4m\u00e4\u00e4mme yst\u00e4vin\u00e4 ja rakkaan lapsemme tasavertaisina vanhempina. Saimme jakaa yhdess\u00e4 kahdeksan hienoa vuotta, joista olemme kiitollisia. Emme kommentoi asiaa enemp\u00e4\u00e4, molemmat kirjoittivat kev\u00e4\u00e4ll\u00e4 2023 omilla Instagram-tileill\u00e4\u00e4n.<\/p>\n<p>                <img decoding=\"async\" src=\"https:\/\/www.europesays.com\/fi\/wp-content\/uploads\/2026\/05\/2148562.webp.jpeg\" width=\"576\" height=\"720\" alt=\"Aku ja Minka n\u00e4ytt\u00e4ytyiv\u00e4t suhteensa aikana my\u00f6s julkisesti. Kuva vuodelta 2021.\" loading=\"lazy\" \/>            <\/p>\n<p>\n            Aku ja Minka n\u00e4ytt\u00e4ytyiv\u00e4t suhteensa aikana my\u00f6s julkisesti. Kuva vuodelta 2021.<br \/>\n            Timo Korhonen\n        <\/p>\n<p class=\"article-content article-content-width !bg-background\">Lupaus yst\u00e4vyydest\u00e4 n\u00e4ytt\u00e4\u00e4 pit\u00e4neen, sill\u00e4 kaksikko n\u00e4ytt\u00e4\u00e4 viihtyv\u00e4n erostaan huolimatta hyvin yhdess\u00e4.<\/p>\n<p>        <a itemprop=\"url\" href=\"https:\/\/www.seiska.fi\/vain-seiskassa\/lempea-ilmassa-behm-ja-aku-sipola-hempeilivat-konsertissa-kuvat\/1418130\" rel=\"nofollow noopener\" target=\"_blank\"><\/p>\n<p>\nVain Seiskassa!\n<\/p>\n<p class=\"section-date\">\n        <strong class=\"article-section\" data-section=\"vain seiskassa\"><br \/>\n            vain seiskassa<br \/>\n        <\/strong><br \/>\n        28.7.2024 06:00\n    <\/p>\n<p>Lempe\u00e4 ilmassa! Behm ja Aku Sipola hempeiliv\u00e4t konsertissa &#8211; kuvat!\n    <\/p>\n<p>        <\/a><\/p>\n<p class=\"article-content article-content-width !bg-background\">Aku on viime vuosina yhdistetty laulaja . Kaksikko ei ole lausunut parisuhdettaan viralliseksi, mutta heid\u00e4n l\u00e4mpim\u00e4t v\u00e4lins\u00e4 eiv\u00e4t ole j\u00e4\u00e4neet ep\u00e4selviksi.<\/p>\n<p>                <img decoding=\"async\" src=\"https:\/\/www.europesays.com\/fi\/wp-content\/uploads\/2026\/05\/2148560.webp.jpeg\" width=\"576\" height=\"720\" alt=\"Aku ja Rita eiv\u00e4t piilotelleet yhdess\u00e4oloaan Coldplayn Helsingin Olympiastadion-keikalla vuonna 2024.\" loading=\"lazy\" \/>            <\/p>\n<p>\n            Aku ja Rita eiv\u00e4t piilotelleet yhdess\u00e4oloaan Coldplayn Helsingin Olympiastadion-keikalla vuonna 2024.<\/p>\n<p class=\"article-content article-content-width !bg-background\">Aku ja Rita ollaan bongattu l\u00e4heisiss\u00e4 tunnelmissa useampaan otteeseen vuodesta 2023 l\u00e4htien. Elias Kaskisen levynjulkistustilaisuudessa Behmi\u00e4 ei kuitenkaan n\u00e4kynyt.<\/p>\n<p class=\"article-content article-content-width !bg-background\"> \u2013 Kyll\u00e4 Rit\u00e4 oltaisiin varmasti huomattu, jos h\u00e4n t\u00e4\u00e4ll\u00e4 olisi ollut. Ei n\u00e4kynyt, vinkkari kertoo.<\/p>\n","protected":false},"excerpt":{"rendered":"Tomi Natri, Timo Korhonen Aku ja Minka juhlivat yhdess\u00e4 kuohuvan \u00e4\u00e4rell\u00e4. Ex-n\u00e4yttelij\u00e4pariskunta ja bongattiin lauantaina (9.5.) yhteisen illanvieton&hellip;\n","protected":false},"author":2,"featured_media":250057,"comment_status":"","ping_status":"","sticky":false,"template":"","format":"standard","meta":{"footnotes":"","_share_on_mastodon":"0"},"categories":[136],"tags":[1494,407,9399,137,34874,33,31,30,408,4478,1478,5903,1496,1495,32,109],"class_list":["post-250056","post","type-post","status-publish","format-standard","has-post-thumbnail","category-julkkikset","tag-aku-sipola","tag-celebrities","tag-elias-kaskinen","tag-entertainment","tag-eronnut-pariskunta","tag-fi","tag-finland","tag-finnish","tag-julkkikset","tag-kaak","tag-matkailu","tag-minka-kuustonen","tag-parisuhde","tag-rita-behm","tag-suomi","tag-viihde"],"share_on_mastodon":{"url":"https:\/\/pubeurope.com\/@fi\/116588001990777548","error":""},"_links":{"self":[{"href":"https:\/\/www.europesays.com\/fi\/wp-json\/wp\/v2\/posts\/250056","targetHints":{"allow":["GET"]}}],"collection":[{"href":"https:\/\/www.europesays.com\/fi\/wp-json\/wp\/v2\/posts"}],"about":[{"href":"https:\/\/www.europesays.com\/fi\/wp-json\/wp\/v2\/types\/post"}],"author":[{"embeddable":true,"href":"https:\/\/www.europesays.com\/fi\/wp-json\/wp\/v2\/users\/2"}],"replies":[{"embeddable":true,"href":"https:\/\/www.europesays.com\/fi\/wp-json\/wp\/v2\/comments?post=250056"}],"version-history":[{"count":0,"href":"https:\/\/www.europesays.com\/fi\/wp-json\/wp\/v2\/posts\/250056\/revisions"}],"wp:featuredmedia":[{"embeddable":true,"href":"https:\/\/www.europesays.com\/fi\/wp-json\/wp\/v2\/media\/250057"}],"wp:attachment":[{"href":"https:\/\/www.europesays.com\/fi\/wp-json\/wp\/v2\/media?parent=250056"}],"wp:term":[{"taxonomy":"category","embeddable":true,"href":"https:\/\/www.europesays.com\/fi\/wp-json\/wp\/v2\/categories?post=250056"},{"taxonomy":"post_tag","embeddable":true,"href":"https:\/\/www.europesays.com\/fi\/wp-json\/wp\/v2\/tags?post=250056"}],"curies":[{"name":"wp","href":"https:\/\/api.w.org\/{rel}","templated":true}]}}