{"id":25025,"date":"2025-09-04T03:14:08","date_gmt":"2025-09-04T03:14:08","guid":{"rendered":"https:\/\/www.europesays.com\/fi\/25025\/"},"modified":"2025-09-04T03:14:08","modified_gmt":"2025-09-04T03:14:08","slug":"mtv-iso-kaanne-jaakiekkoliigan-kulisseissa-uudesta-sarjamallista","status":"publish","type":"post","link":"https:\/\/www.europesays.com\/fi\/25025\/","title":{"rendered":"MTV: Iso k\u00e4\u00e4nne j\u00e4\u00e4kiekkoliigan kulisseissa uudesta sarjamallista"},"content":{"rendered":"<p>SM-liigan sarjamalli on muuttumassa.<\/p>\n<p>3.9. 15:29<\/p>\n<p class=\"article-body margin-bottom-24 padding-x-16\">Miesten j\u00e4\u00e4kiekkoliiga on hautaamassa suunnitelman kahden konferenssin sarjamallista. Asiasta uutisoi <a class=\"article-genericlink\" href=\"https:\/\/www.mtvuutiset.fi\/artikkeli\/sm-liigassa-jattimainen-kaanne-kohusuunnitelma-haudattu\/9215486\" rel=\"nofollow noopener\" target=\"_blank\">MTV Urheilu<\/a>.<\/p>\n<p class=\"article-body margin-bottom-24 padding-x-16\">Liigan ja my\u00f6s Ilves Hockey oy:n puheenjohtajana toimiva <a class=\"article-personlink\" href=\"https:\/\/www.satakunnankansa.fi\/haku\/?query=Jyrki%20Sepp%C3%A4\" rel=\"nofollow noopener\" target=\"_blank\">Jyrki Sepp\u00e4<\/a> kertoi MTV Urheilulle, ett\u00e4 valtaosa liigaseuroista kannattaa sarjan joukkuem\u00e4\u00e4r\u00e4n v\u00e4hent\u00e4mist\u00e4 tulevaisuudessa. Syyskuun 9. p\u00e4iv\u00e4n\u00e4 alkavalla kaudella 2025\u201326 miesten j\u00e4\u00e4kiekkoliigaa pelaa 16 joukkuetta, sama m\u00e4\u00e4r\u00e4 kuin viime kaudella.<\/p>\n<p class=\"article-body margin-bottom-24 padding-x-16\">Kes\u00e4ll\u00e4 nousi esille ajatus sarjasysteemin uudistamisesta niin, ett\u00e4 joukkueet jaettaisiin kahteen konferenssiin tavalla mik\u00e4 on tuttu NHL:st\u00e4.<\/p>\n<p class=\"article-body margin-bottom-24 padding-x-16\">MTV Urheilun tietojen mukaan malli sai vastustusta ja Sep\u00e4n mukaan malli t\u00f6rm\u00e4si ongelmiin, jotka koskivat niin urheilua kuin talouttakin. Liigan seurojen puheenjohtajat olivat koolla tiistaina.<\/p>\n<p class=\"article-body margin-bottom-24 padding-x-16\">\u201dP\u00e4\u00e4dyimme sellaiseen ratkaisuun, jota enemmist\u00f6 porukasta tuki, ett\u00e4 jatkamme selvitysty\u00f6t\u00e4 Liigan kaventamisen osalta\u201d, Sepp\u00e4 kommentoi MTV Urheilulle.<\/p>\n<p class=\"article-body margin-bottom-24 padding-x-16\">Liigan yhti\u00f6kokous pidet\u00e4\u00e4n marraskuussa. P\u00e4\u00e4t\u00f6ksentekoon vaaditaan kahden kolmasosan enemmist\u00e4. MTV Urheilulle Sepp\u00e4 antoi ymm\u00e4rt\u00e4\u00e4, ett\u00e4 riitt\u00e4v\u00e4 m\u00e4\u00e4r\u00e4 seuroja olisi kaventamisen puolella.<\/p>\n<p class=\"article-body margin-bottom-24 padding-x-16\">Miesten j\u00e4\u00e4kiekkoliigan tuorein uusi joukkue Kiekko-Espoo nostettiin joukkueeksi numero 16 kaudeksi 2024\u201325. Paljon on spekuloitu my\u00f6s Helsingin Jokereiden tilannetta. Seura pelaa alkavalla kaudella Mestiksess\u00e4.<\/p>\n<p class=\"article-body margin-bottom-24 padding-x-16\">Kahden konferenssin malli oli Ilta-Sanomien ja Iltalehden <a class=\"article-genericlink\" href=\"https:\/\/www.aamulehti.fi\/liiga\/art-2000011288982.html\" rel=\"nofollow noopener\" target=\"_blank\">mukaan<\/a><a class=\"article-personlink\" href=\"https:\/\/www.satakunnankansa.fi\/haku\/?query=%20Jarmo%20Kek%C3%A4l%C3%A4isen\" rel=\"nofollow noopener\" target=\"_blank\"> Jarmo Kek\u00e4l\u00e4isen <\/a>esille nostama malli kiekkoliigan uudistamiseksi. Tappara, TPS, HIFK ja Jokerit palkkasivat Kek\u00e4l\u00e4isen maaliskuussa tekem\u00e4\u00e4n selvitysty\u00f6n huippukiekon kehitt\u00e4misest\u00e4.<\/p>\n","protected":false},"excerpt":{"rendered":"SM-liigan sarjamalli on muuttumassa. 3.9. 15:29 Miesten j\u00e4\u00e4kiekkoliiga on hautaamassa suunnitelman kahden konferenssin sarjamallista. Asiasta uutisoi MTV Urheilu.&hellip;\n","protected":false},"author":2,"featured_media":25026,"comment_status":"","ping_status":"","sticky":false,"template":"","format":"standard","meta":{"footnotes":""},"categories":[158],"tags":[33,31,30,80,159,32,160],"class_list":{"0":"post-25025","1":"post","2":"type-post","3":"status-publish","4":"format-standard","5":"has-post-thumbnail","7":"category-urheilu","8":"tag-fi","9":"tag-finland","10":"tag-finnish","11":"tag-satakunnan-kansa","12":"tag-sports","13":"tag-suomi","14":"tag-urheilu"},"share_on_mastodon":{"url":"","error":""},"_links":{"self":[{"href":"https:\/\/www.europesays.com\/fi\/wp-json\/wp\/v2\/posts\/25025","targetHints":{"allow":["GET"]}}],"collection":[{"href":"https:\/\/www.europesays.com\/fi\/wp-json\/wp\/v2\/posts"}],"about":[{"href":"https:\/\/www.europesays.com\/fi\/wp-json\/wp\/v2\/types\/post"}],"author":[{"embeddable":true,"href":"https:\/\/www.europesays.com\/fi\/wp-json\/wp\/v2\/users\/2"}],"replies":[{"embeddable":true,"href":"https:\/\/www.europesays.com\/fi\/wp-json\/wp\/v2\/comments?post=25025"}],"version-history":[{"count":0,"href":"https:\/\/www.europesays.com\/fi\/wp-json\/wp\/v2\/posts\/25025\/revisions"}],"wp:featuredmedia":[{"embeddable":true,"href":"https:\/\/www.europesays.com\/fi\/wp-json\/wp\/v2\/media\/25026"}],"wp:attachment":[{"href":"https:\/\/www.europesays.com\/fi\/wp-json\/wp\/v2\/media?parent=25025"}],"wp:term":[{"taxonomy":"category","embeddable":true,"href":"https:\/\/www.europesays.com\/fi\/wp-json\/wp\/v2\/categories?post=25025"},{"taxonomy":"post_tag","embeddable":true,"href":"https:\/\/www.europesays.com\/fi\/wp-json\/wp\/v2\/tags?post=25025"}],"curies":[{"name":"wp","href":"https:\/\/api.w.org\/{rel}","templated":true}]}}