{"id":25027,"date":"2025-09-04T03:15:11","date_gmt":"2025-09-04T03:15:11","guid":{"rendered":"https:\/\/www.europesays.com\/fi\/25027\/"},"modified":"2025-09-04T03:15:11","modified_gmt":"2025-09-04T03:15:11","slug":"nama-ensitreffit-alttarilla-sinkut-pariutuvat-keskenaan-otimme-reippaita-riskeja","status":"publish","type":"post","link":"https:\/\/www.europesays.com\/fi\/25027\/","title":{"rendered":"N\u00e4m\u00e4 Ensitreffit alttarilla -sinkut pariutuvat kesken\u00e4\u00e4n: \u201dOtimme reippaita riskej\u00e4\u201d"},"content":{"rendered":"<p>            MTV\n        <\/p>\n<p class=\"subtitle \">Ensitreffit alttarilla -asiantuntijat ovat valinneet pareja, jotka ovat jopa yll\u00e4tt\u00e4v\u00e4n erilaisia kesken\u00e4\u00e4n.<\/p>\n<p class=\"article-content article-content-width !bg-background\">Ensitreffit alttarilla alkaa MTV:ll\u00e4 j\u00e4lleen torstaina 4. syyskuuta. Kauden ensimm\u00e4isess\u00e4 jaksossa n\u00e4hd\u00e4\u00e4n, ketk\u00e4 sinkuista pariutuvat kesken\u00e4\u00e4n.<\/p>\n<p class=\"article-content article-content-width !bg-background\">Ohjelman asiantuntijoista parisuhdeterapeutti  paljastaa jaksossa, ett\u00e4 parinvalinnassa on otettu \u201dreippaita riskej\u00e4\u201d.<\/p>\n<p class=\"article-content article-content-width !bg-background\">\u2013 Ei nimenomaan l\u00e4hdet\u00e4 m\u00e4ts\u00e4\u00e4m\u00e4\u00e4n semmoisen ihmisen kanssa, jollaisia heill\u00e4 aiemmin on ollut kumppanina, h\u00e4n linjaa.<\/p>\n<p class=\"article-content article-content-width !bg-background\">Pariskunnaksi on valittu nelikymppiset  Espoosta ja  Tampereelta. R\u00e4v\u00e4k\u00e4st\u00e4 hiustyylist\u00e4\u00e4n tunnistettava Matti on ammatiltaan muusikko. Elisa puolestaan opiskelee arkkitehdiksi ja on intohimoinen k\u00e4sity\u00f6ihminen. H\u00e4n kuvailee itse\u00e4\u00e4n v\u00e4h\u00e4n oudoksi.<\/p>\n<p>                <img decoding=\"async\" src=\"https:\/\/www.europesays.com\/fi\/wp-content\/uploads\/2025\/09\/1920057.webp\" width=\"576\" height=\"322\" alt=\"N\u00e4m\u00e4 Ensitreffit alttarilla -sinkut pariutuvat kesken\u00e4\u00e4n: \u201dOtimme reippaita riskej\u00e4\u201d\" loading=\"lazy\" \/>            <\/p>\n<p>            MTV\n        <\/p>\n<p class=\"article-content article-content-width !bg-background\">\u2013 Meid\u00e4n kaksi punkkaria, seksuaaliterapeutti  niputtaa jaksossa.<\/p>\n<p class=\"article-content article-content-width !bg-background\">Asiantuntijat mainitsevat, ett\u00e4 Matin maailmankuva on liberaali, kun taas Elisan arvot ovat konservatiivisemmat. Matin kerrotaan ottavan helposti suhteessa is\u00e4llisen roolin, ja Elisa on hyvin itsen\u00e4inen nainen. Asiantuntijat pohtivatkin, osaako Elisa heitt\u00e4yty\u00e4 ja n\u00e4ytt\u00e4\u00e4 my\u00f6s haavoittuvaisen puolensa.<\/p>\n<p>        <a itemprop=\"url\" href=\"https:\/\/www.seiska.fi\/katso\/ensitreffit-alttarilla-sulhanen-avautuu-traumaattisesta-kokemuksestaan\/1917451\" rel=\"nofollow noopener\" target=\"_blank\"><\/p>\n<p>\nEnsitreffit alttarilla -sulhanen\n<\/p>\n<p class=\"section-date\">\n        <strong class=\"article-section\" data-section=\"katso\"><br \/>\n            katso<br \/>\n        <\/strong><br \/>\n        2.9. 05:15\n    <\/p>\n<p>    Ensitreffit alttarilla -sulhanen avautuu traumaattisesta kokemuksestaan<\/p>\n<p itemprop=\"description\" class=\"subtitle \">\n    Tapahtumat pakottivat Mikon kasvamaan teini-ik\u00e4isest\u00e4 aikuiseksi.\n<\/p>\n<p>        <\/a><\/p>\n<p>J\u00e4\u00e4k\u00f6 yst\u00e4vyydeksi?<\/p>\n<p class=\"article-content article-content-width !bg-background\">Pariskunnan muodostavat my\u00f6s , 35, Keravalta ja , 36, Tampereelta.<\/p>\n<p>                <img decoding=\"async\" src=\"https:\/\/www.europesays.com\/fi\/wp-content\/uploads\/2025\/09\/1920059.webp\" width=\"576\" height=\"322\" alt=\"N\u00e4m\u00e4 Ensitreffit alttarilla -sinkut pariutuvat kesken\u00e4\u00e4n: \u201dOtimme reippaita riskej\u00e4\u201d\" loading=\"lazy\" \/>            <\/p>\n<p>            MTV\n        <\/p>\n<p class=\"article-content article-content-width !bg-background\">Katri ty\u00f6skentelee ylip\u00e4ivyst\u00e4j\u00e4n\u00e4 h\u00e4t\u00e4keskuksessa. H\u00e4n tottunut ottamaan ohjat ja johtamaan ja haluaa miehekk\u00e4\u00e4n puolison, jolla pysyy vasara k\u00e4dess\u00e4.<\/p>\n<p class=\"article-content article-content-width !bg-background\">\u2013 Muistat sitten, kun s\u00e4 olet niin independent (itsen\u00e4inen), ett\u00e4 annat sen miehenkin tehd\u00e4 asioita, Katrin yst\u00e4v\u00e4 vannottaa.<\/p>\n<p class=\"article-content article-content-width !bg-background\">\u2013 Sen on pakko olla semmonen sen tyypin, ett\u00e4 se ottaa tilaa ja tilannetta haltuun, koska muuten m\u00e4 otan sen itse, Katri tiet\u00e4\u00e4.<\/p>\n<p class=\"article-content article-content-width !bg-background\">Vakuutusmyyj\u00e4n\u00e4 ty\u00f6skentelev\u00e4 Janne kuvailee itse\u00e4\u00e4n rauhalliseksi ja miettiv\u00e4iseksi ihmiseksi. Molemmat ovat kokeneet syd\u00e4nsuruja, mink\u00e4 seurauksena he ovat oppineet varovaisiksi rakkaudessa.<\/p>\n<p class=\"article-content article-content-width !bg-background\">\u2013 T\u00e4ss\u00e4 on se riski, ett\u00e4 miten k\u00e4y. J\u00e4\u00e4v\u00e4tk\u00f6 he friend zonelle (yst\u00e4v\u00e4tasolle), Hanna pohtii.<\/p>\n<p>        <a itemprop=\"url\" href=\"https:\/\/www.seiska.fi\/katso\/ensitreffit-alttarilla-terapeutilta-paljastus-omasta-parisuhteesta\/1897689\" rel=\"nofollow noopener\" target=\"_blank\"><\/p>\n<p>\nEnsitreffit alttarilla -terapeutti\n<\/p>\n<p class=\"section-date\">\n        <strong class=\"article-section\" data-section=\"katso\"><br \/>\n            katso<br \/>\n        <\/strong><br \/>\n        17.8. 07:15\n    <\/p>\n<p>    Ensitreffit alttarilla -terapeutilta paljastus omasta parisuhteesta<\/p>\n<p itemprop=\"description\" class=\"subtitle \">\n    Ensitreffit alttarilla -asiantuntija paljastaa, mik\u00e4 on h\u00e4nen pitk\u00e4n liittonsa salaisuus.\n<\/p>\n<p>        <\/a><\/p>\n<p class=\"article-content article-content-width !bg-background\"> on 34-vuotias koulutuskoordinaattori Vantaalta, ja h\u00e4nen vaimokkeensa , 28, on insin\u00f6\u00f6riopiskelija Tampereelta.<\/p>\n<p>                <img decoding=\"async\" src=\"https:\/\/www.europesays.com\/fi\/wp-content\/uploads\/2025\/09\/1920061.webp\" width=\"576\" height=\"322\" alt=\"N\u00e4m\u00e4 Ensitreffit alttarilla -sinkut pariutuvat kesken\u00e4\u00e4n: \u201dOtimme reippaita riskej\u00e4\u201d\" loading=\"lazy\" \/>            <\/p>\n<p>            MTV\n        <\/p>\n<p class=\"article-content article-content-width !bg-background\">Mikko kertoo olleensa sinkkuna nelj\u00e4 vuotta.<\/p>\n<p class=\"article-content article-content-width !bg-background\">\u2013 M\u00e4 en ole ihan varma, olenko m\u00e4 ikin\u00e4 rakastanut ket\u00e4\u00e4n tai onko mua ikin\u00e4 rakastettu, h\u00e4n yll\u00e4tt\u00e4\u00e4.<\/p>\n<p class=\"article-content article-content-width !bg-background\">H\u00e4n mainitsee, ettei ole hakemassa \u00e4itihahmoa, vaan tasavertaista suhdetta, jossa on kaksi itsen\u00e4ist\u00e4 ihmist\u00e4.<\/p>\n<p class=\"article-content article-content-width !bg-background\">Iina paljastaa olleensa aiemmissa suhteissaan \u00e4itiroolissa mutta toivoo, ett\u00e4 jatkossa h\u00e4n saisi olla tasa-arvoisemmassa suhteessa.<\/p>\n<p>        <a itemprop=\"url\" href=\"https:\/\/www.seiska.fi\/katso\/ensitreffit-alttarilla-arttu-sai-tylyt-lahtopassit-rakkausrealitysta\/1917851\" rel=\"nofollow noopener\" target=\"_blank\"><\/p>\n<p>\nEnsitreffit alttarilla -Arttu\n<\/p>\n<p class=\"section-date\">\n        <strong class=\"article-section\" data-section=\"katso\"><br \/>\n            katso<br \/>\n        <\/strong><br \/>\n        2.9. 08:42\n    <\/p>\n<p>    Ensitreffit alttarilla -Arttu sai tylyt l\u00e4ht\u00f6passit rakkausrealitysta<\/p>\n<p itemprop=\"description\" class=\"subtitle \">\n    Yksi tuoreen kauden sulhasista on tuttu tv:st\u00e4.\n<\/p>\n<p>        <\/a><\/p>\n<p>Parikiloinen lohi<\/p>\n<p class=\"article-content article-content-width !bg-background\">Imatralla asuva , 35, ja , 32, Turusta on yhytetty pariskunnaksi.<\/p>\n<p>                <img decoding=\"async\" src=\"https:\/\/www.europesays.com\/fi\/wp-content\/uploads\/2025\/09\/1920065.webp\" width=\"576\" height=\"322\" alt=\"N\u00e4m\u00e4 Ensitreffit alttarilla -sinkut pariutuvat kesken\u00e4\u00e4n: \u201dOtimme reippaita riskej\u00e4\u201d\" loading=\"lazy\" \/>            <\/p>\n<p>            MTV\n        <\/p>\n<p class=\"article-content article-content-width !bg-background\">Leppoisa Arttu on kotoisin l\u00e4nsirannikolta, mutta asuu lapsensa vuoksi It\u00e4-Suomessa. Logistiikka-alalla ty\u00f6skentelev\u00e4 mies arvioi tasoaan hauskalla tavalla.<\/p>\n<p class=\"article-content article-content-width !bg-background\">\u2013 Deittimarkkinoilla oon varmaan sellainen parikiloinen lohi, ihan ok saalis, h\u00e4n murjaisee.<\/p>\n<p class=\"article-content article-content-width !bg-background\">H\u00e4nen puolisokseen valittu p\u00e4\u00e4m\u00e4\u00e4r\u00e4tietoinen Julia on ty\u00f6skennellyt miehiseksi mielletyill\u00e4 aloilla, mik\u00e4 on ollut h\u00e4nen mukaansa joillekin miehille ongelma. Julialta k\u00e4yv\u00e4t niin talon rakentaminen kuin autojen tuulilasien vaihto.<\/p>\n<p class=\"article-content article-content-width !bg-background\">\u2013 En ole ehk\u00e4 se prinsessa h\u00e4d\u00e4ss\u00e4. Voi tulla liian vahvan ja itsen\u00e4isen naisen kuva, h\u00e4n pohtii.<\/p>\n<p class=\"article-content article-content-width !bg-background\">Parisuhteissa h\u00e4n on joutunut petetyksi ja vet\u00e4m\u00e4\u00e4n muita per\u00e4ss\u00e4\u00e4n. H\u00e4neen vaikuttaa my\u00f6s koulukiusaamistausta.<\/p>\n<p class=\"article-content article-content-width !bg-background\">\u2013 Sielt\u00e4 on tullut ehk\u00e4 sellainen miellytt\u00e4misen tarve. T\u00e4ytyy miellytt\u00e4\u00e4, ettei j\u00e4\u00e4 yksin.<\/p>\n<p class=\"italic m-italic article-content article-content-width !bg-background\">Ensitreffit alttarilla torstaisin MTV3:lla ja MTV Katsomossa 4.9. alkaen.<\/p>\n<p>        <a itemprop=\"url\" href=\"https:\/\/www.seiska.fi\/katso\/tassa-ovat-uudet-ensitreffit-alttarilla-sinkut\/1916747\" rel=\"nofollow noopener\" target=\"_blank\"><\/p>\n<p>\nEnsitreffit alttarilla\n<\/p>\n<p class=\"section-date\">\n        <strong class=\"article-section\" data-section=\"katso\"><br \/>\n            katso<br \/>\n        <\/strong><br \/>\n        1.9. 10:23\n    <\/p>\n<p>    T\u00e4ss\u00e4 ovat uudet Ensitreffit alttarilla -sinkut<\/p>\n<p itemprop=\"description\" class=\"subtitle \">\n    Suosikkirealitysta alkaa jo 12. kausi.\n<\/p>\n<p>        <\/a><\/p>\n","protected":false},"excerpt":{"rendered":"MTV Ensitreffit alttarilla -asiantuntijat ovat valinneet pareja, jotka ovat jopa yll\u00e4tt\u00e4v\u00e4n erilaisia kesken\u00e4\u00e4n. Ensitreffit alttarilla alkaa MTV:ll\u00e4 j\u00e4lleen&hellip;\n","protected":false},"author":2,"featured_media":25028,"comment_status":"","ping_status":"","sticky":false,"template":"","format":"standard","meta":{"footnotes":""},"categories":[130],"tags":[1075,1657,8067,8066,8065,8060,8064,8063,8062,8061,137,33,31,30,2380,101,2378,2376,32,109],"class_list":{"0":"post-25027","1":"post","2":"type-post","3":"status-publish","4":"format-standard","5":"has-post-thumbnail","7":"category-viihde","8":"tag-avioliitto","9":"tag-ensitreffit-alttarilla","10":"tag-ensitreffit-arttu","11":"tag-ensitreffit-elisa","12":"tag-ensitreffit-iina","13":"tag-ensitreffit-janne","14":"tag-ensitreffit-julia","15":"tag-ensitreffit-katri","16":"tag-ensitreffit-matti","17":"tag-ensitreffit-mikko","18":"tag-entertainment","19":"tag-fi","20":"tag-finland","21":"tag-finnish","22":"tag-hanna-myllymaa","23":"tag-ihmissuhteet","24":"tag-joonas-pesonen","25":"tag-mtv","26":"tag-suomi","27":"tag-viihde"},"share_on_mastodon":{"url":"","error":""},"_links":{"self":[{"href":"https:\/\/www.europesays.com\/fi\/wp-json\/wp\/v2\/posts\/25027","targetHints":{"allow":["GET"]}}],"collection":[{"href":"https:\/\/www.europesays.com\/fi\/wp-json\/wp\/v2\/posts"}],"about":[{"href":"https:\/\/www.europesays.com\/fi\/wp-json\/wp\/v2\/types\/post"}],"author":[{"embeddable":true,"href":"https:\/\/www.europesays.com\/fi\/wp-json\/wp\/v2\/users\/2"}],"replies":[{"embeddable":true,"href":"https:\/\/www.europesays.com\/fi\/wp-json\/wp\/v2\/comments?post=25027"}],"version-history":[{"count":0,"href":"https:\/\/www.europesays.com\/fi\/wp-json\/wp\/v2\/posts\/25027\/revisions"}],"wp:featuredmedia":[{"embeddable":true,"href":"https:\/\/www.europesays.com\/fi\/wp-json\/wp\/v2\/media\/25028"}],"wp:attachment":[{"href":"https:\/\/www.europesays.com\/fi\/wp-json\/wp\/v2\/media?parent=25027"}],"wp:term":[{"taxonomy":"category","embeddable":true,"href":"https:\/\/www.europesays.com\/fi\/wp-json\/wp\/v2\/categories?post=25027"},{"taxonomy":"post_tag","embeddable":true,"href":"https:\/\/www.europesays.com\/fi\/wp-json\/wp\/v2\/tags?post=25027"}],"curies":[{"name":"wp","href":"https:\/\/api.w.org\/{rel}","templated":true}]}}