{"id":25031,"date":"2025-09-04T03:19:09","date_gmt":"2025-09-04T03:19:09","guid":{"rendered":"https:\/\/www.europesays.com\/fi\/25031\/"},"modified":"2025-09-04T03:19:09","modified_gmt":"2025-09-04T03:19:09","slug":"venaja-syytokset-von-der-leyenin-koneen-hairinnasta-ovat-valheellisia-uutisia-lyhyesti","status":"publish","type":"post","link":"https:\/\/www.europesays.com\/fi\/25031\/","title":{"rendered":"Ven\u00e4j\u00e4: Syyt\u00f6kset von der Leyenin koneen h\u00e4irinn\u00e4st\u00e4 ovat valheellisia | Uutisia lyhyesti"},"content":{"rendered":"<p class=\"sc-jYczwO sc-dNFkOE frIBdZ edVjwg yle__article__paragraph\">GPS-h\u00e4irint\u00e4 tapahtui Bulgariassa ja pakotti lentokoneen laskeutumaan paperikarttoja k\u00e4ytt\u00e4en.<\/p>\n<p><img decoding=\"async\" alt=\"Euroopan komission puheenjohtaja Ursula von der Leyen puhumassa Euroopan unionin t\u00e4htilipun edess\u00e4.\" src=\"https:\/\/www.europesays.com\/fi\/wp-content\/uploads\/2025\/09\/39-151391968b03b8b34264.jpeg\" class=\"sc-dntSTA iywpZY\"\/><\/p>\n<p>Avaa kuvien katselu<\/p>\n<p>Von der Leyenia kuljettanut kone joutui gps-h\u00e4irinn\u00e4n kohteeksi sunnuntaina. Kuva: Nicolas Tucat \/ AFP<\/p>\n<p class=\"sc-jYczwO sc-ciCoXh frIBdZ cPdSqu yle__article__paragraph\">Ven\u00e4j\u00e4n ulkoministeri\u00f6n tiedottaja <strong class=\"sc-eEHciv kkmMDs yle__article__strong\">Maria Zaharova<\/strong> sanoo, ett\u00e4 v\u00e4itteet Ven\u00e4j\u00e4n osallisuudesta Euroopan komission puheenjohtaja <strong class=\"sc-eEHciv kkmMDs yle__article__strong\">Ursula von der Leyenin<\/strong> lentokoneen h\u00e4irint\u00e4\u00e4n ovat valheellisia ja vainoharhaisia.<\/p>\n<p class=\"sc-jYczwO sc-ciCoXh frIBdZ cPdSqu yle__article__paragraph\">Von der Leyen oli tulossa sunnuntaina Puolasta bulgarialaiseen Plovdivin kaupunkiin, kun h\u00e4nt\u00e4 kuljettaneen koneen koko GPS-navigointij\u00e4rjestelm\u00e4 pimeni. H\u00e4irint\u00e4 pakotti lentokoneen laskeutumaan paperikarttoja k\u00e4ytt\u00e4en, kertoi Financial Times.<\/p>\n<p class=\"sc-jYczwO sc-ciCoXh frIBdZ cPdSqu yle__article__paragraph\">Bulgarian viranomaisilta saadun tiedon mukaan viranomaiset ep\u00e4ilev\u00e4t, ett\u00e4 h\u00e4irinn\u00e4n takana oli Ven\u00e4j\u00e4, komission edustaja kertoi.<\/p>\n<p class=\"sc-jYczwO sc-ciCoXh frIBdZ cPdSqu yle__article__paragraph\">Elektroninen h\u00e4irint\u00e4 katkaisee lentokoneen yhteyden paikannussatelliittiin. EU on varoittanut, ett\u00e4 Ven\u00e4j\u00e4n aiheuttama GPS-h\u00e4irint\u00e4 voi johtaa suureen ilmailuonnettomuuteen.<\/p>\n<p class=\"sc-jYczwO sc-ciCoXh frIBdZ cPdSqu yle__article__paragraph\">L\u00e4hde: Reuters<\/p>\n","protected":false},"excerpt":{"rendered":"GPS-h\u00e4irint\u00e4 tapahtui Bulgariassa ja pakotti lentokoneen laskeutumaan paperikarttoja k\u00e4ytt\u00e4en. Avaa kuvien katselu Von der Leyenia kuljettanut kone joutui&hellip;\n","protected":false},"author":2,"featured_media":25032,"comment_status":"","ping_status":"","sticky":false,"template":"","format":"standard","meta":{"footnotes":""},"categories":[14],"tags":[22,23,26,27,33,31,30,17,4706,24,25,28,29,15,18,21,32,19,20,56,16,59,60,61],"class_list":{"0":"post-25031","1":"post","2":"type-post","3":"status-publish","4":"format-standard","5":"has-post-thumbnail","7":"category-ulkomaat","8":"tag-breaking-news","9":"tag-breakingnews","10":"tag-featured-news","11":"tag-featurednews","12":"tag-fi","13":"tag-finland","14":"tag-finnish","15":"tag-headlines","16":"tag-ilmailu","17":"tag-latest-news","18":"tag-latestnews","19":"tag-main-news","20":"tag-mainnews","21":"tag-news","22":"tag-otsikot","23":"tag-paauutiset","24":"tag-suomi","25":"tag-top-stories","26":"tag-topstories","27":"tag-ulkomaat","28":"tag-uutiset","29":"tag-world","30":"tag-world-news","31":"tag-worldnews"},"share_on_mastodon":{"url":"","error":""},"_links":{"self":[{"href":"https:\/\/www.europesays.com\/fi\/wp-json\/wp\/v2\/posts\/25031","targetHints":{"allow":["GET"]}}],"collection":[{"href":"https:\/\/www.europesays.com\/fi\/wp-json\/wp\/v2\/posts"}],"about":[{"href":"https:\/\/www.europesays.com\/fi\/wp-json\/wp\/v2\/types\/post"}],"author":[{"embeddable":true,"href":"https:\/\/www.europesays.com\/fi\/wp-json\/wp\/v2\/users\/2"}],"replies":[{"embeddable":true,"href":"https:\/\/www.europesays.com\/fi\/wp-json\/wp\/v2\/comments?post=25031"}],"version-history":[{"count":0,"href":"https:\/\/www.europesays.com\/fi\/wp-json\/wp\/v2\/posts\/25031\/revisions"}],"wp:featuredmedia":[{"embeddable":true,"href":"https:\/\/www.europesays.com\/fi\/wp-json\/wp\/v2\/media\/25032"}],"wp:attachment":[{"href":"https:\/\/www.europesays.com\/fi\/wp-json\/wp\/v2\/media?parent=25031"}],"wp:term":[{"taxonomy":"category","embeddable":true,"href":"https:\/\/www.europesays.com\/fi\/wp-json\/wp\/v2\/categories?post=25031"},{"taxonomy":"post_tag","embeddable":true,"href":"https:\/\/www.europesays.com\/fi\/wp-json\/wp\/v2\/tags?post=25031"}],"curies":[{"name":"wp","href":"https:\/\/api.w.org\/{rel}","templated":true}]}}