{"id":25033,"date":"2025-09-04T03:20:11","date_gmt":"2025-09-04T03:20:11","guid":{"rendered":"https:\/\/www.europesays.com\/fi\/25033\/"},"modified":"2025-09-04T03:20:11","modified_gmt":"2025-09-04T03:20:11","slug":"kaksi-ajoneuvoa-paloi-keuruun-keskustassa-keski-suomi","status":"publish","type":"post","link":"https:\/\/www.europesays.com\/fi\/25033\/","title":{"rendered":"Kaksi ajoneuvoa paloi Keuruun keskustassa | Keski-Suomi"},"content":{"rendered":"<p>Keuruun keskustan alueella Jyv\u00e4aitantiell\u00e4 paloi keskiviikkoiltap\u00e4iv\u00e4n\u00e4 kaksi ajoneuvoa.<\/p>\n<p>Osoitteen l\u00e4hist\u00f6ll\u00e4 sijaitsee Keuruun yhten\u00e4iskoulun yl\u00e4koulu. Keski-Suomen pelastuslaitos sai ajoneuvot nopeasti sammutettua, eik\u00e4 palon levi\u00e4misen vaaraa ollut, pelastuslaitoksen tilannekeskuksesta kerrotaan.<\/p>\n<p>Tilanteen tarkka kulku ei ollut viel\u00e4 kello 16.30 menness\u00e4 selvill\u00e4. H\u00e4lytys keskisuuresta tulipalosta kirjattiin kello 15.43.<\/p>\n","protected":false},"excerpt":{"rendered":"Keuruun keskustan alueella Jyv\u00e4aitantiell\u00e4 paloi keskiviikkoiltap\u00e4iv\u00e4n\u00e4 kaksi ajoneuvoa. Osoitteen l\u00e4hist\u00f6ll\u00e4 sijaitsee Keuruun yhten\u00e4iskoulun yl\u00e4koulu. Keski-Suomen pelastuslaitos sai ajoneuvot&hellip;\n","protected":false},"author":2,"featured_media":25034,"comment_status":"","ping_status":"","sticky":false,"template":"","format":"standard","meta":{"footnotes":""},"categories":[12],"tags":[22,23,26,27,33,31,30,17,8069,24,25,121,28,29,15,120,18,21,122,103,32,19,20,546,16,796],"class_list":{"0":"post-25033","1":"post","2":"type-post","3":"status-publish","4":"format-standard","5":"has-post-thumbnail","7":"category-suomi","8":"tag-breaking-news","9":"tag-breakingnews","10":"tag-featured-news","11":"tag-featurednews","12":"tag-fi","13":"tag-finland","14":"tag-finnish","15":"tag-headlines","16":"tag-keuruu","17":"tag-latest-news","18":"tag-latestnews","19":"tag-liikenne-ja-kuljetus","20":"tag-main-news","21":"tag-mainnews","22":"tag-news","23":"tag-onnettomuustapaus","24":"tag-otsikot","25":"tag-paauutiset","26":"tag-pelastaminen","27":"tag-sosiaalikysymykset","28":"tag-suomi","29":"tag-top-stories","30":"tag-topstories","31":"tag-turvallisuus","32":"tag-uutiset","33":"tag-yhteiskunta"},"share_on_mastodon":{"url":"","error":""},"_links":{"self":[{"href":"https:\/\/www.europesays.com\/fi\/wp-json\/wp\/v2\/posts\/25033","targetHints":{"allow":["GET"]}}],"collection":[{"href":"https:\/\/www.europesays.com\/fi\/wp-json\/wp\/v2\/posts"}],"about":[{"href":"https:\/\/www.europesays.com\/fi\/wp-json\/wp\/v2\/types\/post"}],"author":[{"embeddable":true,"href":"https:\/\/www.europesays.com\/fi\/wp-json\/wp\/v2\/users\/2"}],"replies":[{"embeddable":true,"href":"https:\/\/www.europesays.com\/fi\/wp-json\/wp\/v2\/comments?post=25033"}],"version-history":[{"count":0,"href":"https:\/\/www.europesays.com\/fi\/wp-json\/wp\/v2\/posts\/25033\/revisions"}],"wp:featuredmedia":[{"embeddable":true,"href":"https:\/\/www.europesays.com\/fi\/wp-json\/wp\/v2\/media\/25034"}],"wp:attachment":[{"href":"https:\/\/www.europesays.com\/fi\/wp-json\/wp\/v2\/media?parent=25033"}],"wp:term":[{"taxonomy":"category","embeddable":true,"href":"https:\/\/www.europesays.com\/fi\/wp-json\/wp\/v2\/categories?post=25033"},{"taxonomy":"post_tag","embeddable":true,"href":"https:\/\/www.europesays.com\/fi\/wp-json\/wp\/v2\/tags?post=25033"}],"curies":[{"name":"wp","href":"https:\/\/api.w.org\/{rel}","templated":true}]}}