{"id":25039,"date":"2025-09-04T03:33:11","date_gmt":"2025-09-04T03:33:11","guid":{"rendered":"https:\/\/www.europesays.com\/fi\/25039\/"},"modified":"2025-09-04T03:33:11","modified_gmt":"2025-09-04T03:33:11","slug":"shokkitietoa-kruununprinsessa-mette-maritin-pojan-oikeudenkaynnista","status":"publish","type":"post","link":"https:\/\/www.europesays.com\/fi\/25039\/","title":{"rendered":"Shokkitietoa kruununprinsessa Mette-Maritin pojan oikeudenk\u00e4ynnist\u00e4"},"content":{"rendered":"<p class=\"article-content article-content-width !bg-background\">Norjan kruununprinsessa<a alt=\"Haku\" class=\"text-primary-red font-extrabold\" href=\"https:\/\/www.seiska.fi\/haku?q=\u00a0Mette-Maritin\" rel=\"nofollow noopener\" target=\"_blank\">\u00a0Mette-Maritin<\/a>\u00a0pojan<a alt=\"Haku\" class=\"text-primary-red font-extrabold\" href=\"https:\/\/www.seiska.fi\/haku?q=\u00a0Marius Borg H\u00f8ibyn\" rel=\"nofollow noopener\" target=\"_blank\">\u00a0Marius Borg H\u00f8ibyn<\/a>\u00a0oikeudenk\u00e4ynti alkaa Oslon k\u00e4r\u00e4j\u00e4oikeudessa 3. helmikuuta 2026. Takana on vuoden 2024 elokuussa alkanut rikostutkinta, jonka j\u00e4lkeen Mariusia syytet\u00e4\u00e4n 32:sta rikoksesta.<\/p>\n<p class=\"article-content article-content-width !bg-background\">Rikokset ovat vakavuudeltaan eriasteisia, mutta niihin lukeutuu muun muassa nelj\u00e4 raiskausta. Raiskauksista on syytt\u00e4j\u00e4n mukaan suuri m\u00e4\u00e4r\u00e4 video- ja kuvatodisteita. Uhrit olivat syytteiden mukaan tajuttomassa tilassa, kuten unessa.<\/p>\n<p class=\"article-content article-content-width !bg-background\">Mariusin puolustus on kiist\u00e4nyt suuren osan syytteist\u00e4 raiskaussyytteet mukaan lukien. Puolustuksen mukaan uhrit olivat suostuneet seksiin, mutta nukahtaneet sen aikana, kertoo <a href=\"https:\/\/www.seher.no\/kongelig\/pulsklokke-kan-bli-sentralt-bevis\/83531976\" target=\"_blank\" rel=\"nofollow noopener\">Se og H\u00f8r<\/a>.<\/p>\n<p class=\"article-content article-content-width !bg-background\">Mariusia ei toistaiseksi ole tuomittu yhdest\u00e4k\u00e4\u00e4n rikoksesta.<\/p>\n<p>                <img decoding=\"async\" src=\"https:\/\/www.europesays.com\/fi\/wp-content\/uploads\/2025\/09\/1918119.webp\" width=\"576\" height=\"322\" alt=\"Marius kasvoi osana kuninkaallista perhett\u00e4 l\u00e4hes koko lapsuutensa. H\u00e4nen \u00e4itins\u00e4 Mette-Marit avioitui kruununprinssi Haakonin kanssa vuonna 2001, Mariusin ollessa nelj\u00e4vuotias.\" loading=\"lazy\" \/>            <\/p>\n<p>\n            Marius kasvoi osana kuninkaallista perhett\u00e4 l\u00e4hes koko lapsuutensa. H\u00e4nen \u00e4itins\u00e4 Mette-Marit avioitui kruununprinssi Haakonin kanssa vuonna 2001, Mariusin ollessa nelj\u00e4vuotias.<br \/>\n            VEGARD WIVESTAD GROTT \/ AOP\n        <\/p>\n<p>Satoja tuhansia tiedostoja<\/p>\n<p class=\"article-content article-content-width !bg-background\">Maanantaina (1.9.) julkisuuteen tuli tietoa oikeudenk\u00e4ynniss\u00e4 esitett\u00e4vist\u00e4 todisteista. Norjalaisen <a href=\"https:\/\/www.aftenposten.no\/norge\/i\/qP0XKg\/bevisene-mot-hoeiby-dette-skal-statsadvokaten-legge-frem-i-retten\" target=\"_blank\" rel=\"nofollow noopener\">Aftenpostenin<\/a> mukaan oikeudenk\u00e4ynniss\u00e4 aiotaan esitt\u00e4\u00e4 dataa yhden uhrin sykekellosta.<\/p>\n<p class=\"article-content article-content-width !bg-background\">Kelloon on tallentunut tekoajalta uhrin syke- ja unidataa.<\/p>\n<p class=\"article-content article-content-width !bg-background\">Kuva- ja videomateriaalia on syytt\u00e4j\u00e4n mukaan valtava m\u00e4\u00e4r\u00e4. Todisteaineistoon kuuluu sek\u00e4 puhelimella otettuja valokuvia ett\u00e4 kuvakaappauksia esimerkiksi viesteist\u00e4. Tiedostoja on ker\u00e4tty useammalta henkil\u00f6lt\u00e4.<\/p>\n<p class=\"article-content article-content-width !bg-background\">Norjalaismedian mukaan tiedostoja on satoja tuhansia, mutta tarkempaa sis\u00e4lt\u00f6\u00e4 ei viel\u00e4 tiedet\u00e4.<\/p>\n<p class=\"article-content article-content-width !bg-background\">Todisteiden tarkoituksena on liitt\u00e4\u00e4 vastaaja eli Marius tekoaikaan ja -paikkaan.<\/p>\n<p>                <img decoding=\"async\" src=\"https:\/\/www.europesays.com\/fi\/wp-content\/uploads\/2025\/09\/1918113.webp\" width=\"576\" height=\"720\" alt=\"Tv-julkkis Linni Meister sai kuulla poliisilta olevansa raiskauksen uhri.\" loading=\"lazy\" \/>            <\/p>\n<p>\n            Tv-julkkis Linni Meister sai kuulla poliisilta olevansa raiskauksen uhri.<br \/>\n            Stella Pictures \/ AOP\n        <\/p>\n<p>Kymmenitt\u00e4in todistajia<\/p>\n<p class=\"article-content article-content-width !bg-background\">Todistajina ja uhreina paikalla ovat muun muassa Mariusin ex-tytt\u00f6yst\u00e4v\u00e4<a alt=\"Haku\" class=\"text-primary-red font-extrabold\" href=\"https:\/\/www.seiska.fi\/haku?q=\u00a0Nora Haukland\" rel=\"nofollow noopener\" target=\"_blank\">\u00a0Nora Haukland<\/a>, joka on uhrin asemassa l\u00e4hisuhdev\u00e4kivaltasyytteess\u00e4. Mariusin yst\u00e4v\u00e4ksi itse\u00e4\u00e4n aiemmin kutsunut<a alt=\"Haku\" class=\"text-primary-red font-extrabold\" href=\"https:\/\/www.seiska.fi\/haku?q=\u00a0Linni Meister\" rel=\"nofollow noopener\" target=\"_blank\">\u00a0Linni Meister<\/a>\u00a0on puolestaan yhden raiskauksen uhri.<\/p>\n<p class=\"article-content article-content-width !bg-background\">Noran ja Linnin yst\u00e4vi\u00e4 kuullaan <a href=\"https:\/\/www.vg.no\/rampelys\/i\/vgMboB\/opplysninger-til-vg-disse-skal-vitne-i-hoeiby-rettssaken\" target=\"_blank\" rel=\"nofollow noopener\">VG<\/a>:n mukaan todistajina. Heist\u00e4 osa on julkisuuden henkil\u00f6it\u00e4. Todistajia on yhteens\u00e4 53.<\/p>\n<p class=\"article-content article-content-width !bg-background\">Todistajien joukossa on my\u00f6s uhrien perheenj\u00e4seni\u00e4 sek\u00e4 uneen erikoistunut psykologi.<\/p>\n","protected":false},"excerpt":{"rendered":"Norjan kruununprinsessa\u00a0Mette-Maritin\u00a0pojan\u00a0Marius Borg H\u00f8ibyn\u00a0oikeudenk\u00e4ynti alkaa Oslon k\u00e4r\u00e4j\u00e4oikeudessa 3. helmikuuta 2026. Takana on vuoden 2024 elokuussa alkanut rikostutkinta, jonka&hellip;\n","protected":false},"author":2,"featured_media":25040,"comment_status":"","ping_status":"","sticky":false,"template":"","format":"standard","meta":{"footnotes":""},"categories":[136],"tags":[407,137,33,31,30,408,924,922,212,8070,925,8071,5586,1305,8072,4457,32,109],"class_list":{"0":"post-25039","1":"post","2":"type-post","3":"status-publish","4":"format-standard","5":"has-post-thumbnail","7":"category-julkkikset","8":"tag-celebrities","9":"tag-entertainment","10":"tag-fi","11":"tag-finland","12":"tag-finnish","13":"tag-julkkikset","14":"tag-kruununprinsessa-mette-marit","15":"tag-kruununprinssi-haakon","16":"tag-lifestyle","17":"tag-linni-meister","18":"tag-marius-borg-hoiby","19":"tag-nora-haukland","20":"tag-norjan-kuninkaalliset","21":"tag-oikeudenkaynti","22":"tag-rikossyyte","23":"tag-seksuaalirikos","24":"tag-suomi","25":"tag-viihde"},"share_on_mastodon":{"url":"","error":""},"_links":{"self":[{"href":"https:\/\/www.europesays.com\/fi\/wp-json\/wp\/v2\/posts\/25039","targetHints":{"allow":["GET"]}}],"collection":[{"href":"https:\/\/www.europesays.com\/fi\/wp-json\/wp\/v2\/posts"}],"about":[{"href":"https:\/\/www.europesays.com\/fi\/wp-json\/wp\/v2\/types\/post"}],"author":[{"embeddable":true,"href":"https:\/\/www.europesays.com\/fi\/wp-json\/wp\/v2\/users\/2"}],"replies":[{"embeddable":true,"href":"https:\/\/www.europesays.com\/fi\/wp-json\/wp\/v2\/comments?post=25039"}],"version-history":[{"count":0,"href":"https:\/\/www.europesays.com\/fi\/wp-json\/wp\/v2\/posts\/25039\/revisions"}],"wp:featuredmedia":[{"embeddable":true,"href":"https:\/\/www.europesays.com\/fi\/wp-json\/wp\/v2\/media\/25040"}],"wp:attachment":[{"href":"https:\/\/www.europesays.com\/fi\/wp-json\/wp\/v2\/media?parent=25039"}],"wp:term":[{"taxonomy":"category","embeddable":true,"href":"https:\/\/www.europesays.com\/fi\/wp-json\/wp\/v2\/categories?post=25039"},{"taxonomy":"post_tag","embeddable":true,"href":"https:\/\/www.europesays.com\/fi\/wp-json\/wp\/v2\/tags?post=25039"}],"curies":[{"name":"wp","href":"https:\/\/api.w.org\/{rel}","templated":true}]}}