{"id":25041,"date":"2025-09-04T03:35:06","date_gmt":"2025-09-04T03:35:06","guid":{"rendered":"https:\/\/www.europesays.com\/fi\/25041\/"},"modified":"2025-09-04T03:35:06","modified_gmt":"2025-09-04T03:35:06","slug":"liikemies-osti-lemin-taikalyhdyn-tuhannet-kirjat-niteiden-uusi-koti-on-nyt-merenlahdella-paikalliset","status":"publish","type":"post","link":"https:\/\/www.europesays.com\/fi\/25041\/","title":{"rendered":"Liikemies osti Lemin Taikalyhdyn tuhannet kirjat\u2009\u2013\u2009Niteiden uusi koti on nyt Merenlahdella | Paikalliset"},"content":{"rendered":"<p>Pekarin suvun edustajat toivoivat ennen huutokauppaa, ett\u00e4<a href=\"https:\/\/www.esaimaa.fi\/paikalliset\/8790156\" rel=\"nofollow noopener\" target=\"_blank\"> Taikalyhdyn<\/a> tuhannet kirjat saisivat uuden, hyv\u00e4n kodin.<\/p>\n<p>Toive toteutui, sill\u00e4 kirjavuoren osti tuhannella eurolla taipalsaarelainen liikemies <strong>Ismo Talka<\/strong>.<\/p>\n<p>\u2013\u2009Olin varautunut sijoittamaan huutokaupattaviin kirjoihin 5\u2009000 euroa, mutta 1 000 euroa riitti, Talka kommentoi.<\/p>\n<p>Huutokauppa pidettiin Lemill\u00e4 lauantaina 30. elokuuta kymmenkunnan kiinnostuneen voimin.<\/p>\n","protected":false},"excerpt":{"rendered":"Pekarin suvun edustajat toivoivat ennen huutokauppaa, ett\u00e4 Taikalyhdyn tuhannet kirjat saisivat uuden, hyv\u00e4n kodin. Toive toteutui, sill\u00e4 kirjavuoren&hellip;\n","protected":false},"author":2,"featured_media":25042,"comment_status":"","ping_status":"","sticky":false,"template":"","format":"standard","meta":{"footnotes":""},"categories":[134],"tags":[377,137,33,31,30,379,378,8073,4508,4027,402,590,32,485,109],"class_list":{"0":"post-25041","1":"post","2":"type-post","3":"status-publish","4":"format-standard","5":"has-post-thumbnail","7":"category-kirjat","8":"tag-books","9":"tag-entertainment","10":"tag-fi","11":"tag-finland","12":"tag-finnish","13":"tag-kirjallisuus","14":"tag-kirjat","15":"tag-kirkonkyla","16":"tag-lappeenrannan-seutukunta","17":"tag-lemi","18":"tag-rakentaminen-kiinteistot","19":"tag-saarijarven-viitasaaren-seutukunta","20":"tag-suomi","21":"tag-taide-yleista","22":"tag-viihde"},"share_on_mastodon":{"url":"","error":""},"_links":{"self":[{"href":"https:\/\/www.europesays.com\/fi\/wp-json\/wp\/v2\/posts\/25041","targetHints":{"allow":["GET"]}}],"collection":[{"href":"https:\/\/www.europesays.com\/fi\/wp-json\/wp\/v2\/posts"}],"about":[{"href":"https:\/\/www.europesays.com\/fi\/wp-json\/wp\/v2\/types\/post"}],"author":[{"embeddable":true,"href":"https:\/\/www.europesays.com\/fi\/wp-json\/wp\/v2\/users\/2"}],"replies":[{"embeddable":true,"href":"https:\/\/www.europesays.com\/fi\/wp-json\/wp\/v2\/comments?post=25041"}],"version-history":[{"count":0,"href":"https:\/\/www.europesays.com\/fi\/wp-json\/wp\/v2\/posts\/25041\/revisions"}],"wp:featuredmedia":[{"embeddable":true,"href":"https:\/\/www.europesays.com\/fi\/wp-json\/wp\/v2\/media\/25042"}],"wp:attachment":[{"href":"https:\/\/www.europesays.com\/fi\/wp-json\/wp\/v2\/media?parent=25041"}],"wp:term":[{"taxonomy":"category","embeddable":true,"href":"https:\/\/www.europesays.com\/fi\/wp-json\/wp\/v2\/categories?post=25041"},{"taxonomy":"post_tag","embeddable":true,"href":"https:\/\/www.europesays.com\/fi\/wp-json\/wp\/v2\/tags?post=25041"}],"curies":[{"name":"wp","href":"https:\/\/api.w.org\/{rel}","templated":true}]}}