{"id":25051,"date":"2025-09-04T03:45:17","date_gmt":"2025-09-04T03:45:17","guid":{"rendered":"https:\/\/www.europesays.com\/fi\/25051\/"},"modified":"2025-09-04T03:45:17","modified_gmt":"2025-09-04T03:45:17","slug":"venalaismediat-myontavat-talous-on-sakkaamassa-verkkouutiset","status":"publish","type":"post","link":"https:\/\/www.europesays.com\/fi\/25051\/","title":{"rendered":"Ven\u00e4l\u00e4ismediat my\u00f6nt\u00e4v\u00e4t: Talous on sakkaamassa &#8211; Verkkouutiset"},"content":{"rendered":"<ol>\n<li><a href=\"https:\/\/news.google.com\/rss\/articles\/CBMihAFBVV95cUxQRHQyVUxZTWp2SVpjWGVERVRXN202OXd2VjVCMndubE1weW14ZnNvNi1CNm1lYUhyT3VZdFVpVUVISkc0LWpPQS1EOHpDQVd3OTI3ZzEzMTMzSjdPQnczRXRUbmN5U3VkX3h0RTZlc2hjUGtLUXpzaDAzUFUxbUdkWkkwZDI?oc=5\" target=\"_blank\" rel=\"nofollow noopener\">Ven\u00e4l\u00e4ismediat my\u00f6nt\u00e4v\u00e4t: Talous on sakkaamassa<\/a>&nbsp;&nbsp;Verkkouutiset<\/li>\n<li><a href=\"https:\/\/news.google.com\/rss\/articles\/CBMiXkFVX3lxTFBleExMNFFJQXVJRDVNOTd4Rjg0TGozQ3JKMV92aUJ4QTBHTnk4OWE4a0xldzh2bnpnWjJTSm00MVcxcmlNSzREWU9TUTVDYmkxbjVEWWhJWW9hSFpBcEE?oc=5\" target=\"_blank\" rel=\"nofollow noopener\">Asiantuntija: Ukrainan iskuissa Ven\u00e4j\u00e4lle silmiinpist\u00e4v\u00e4 ero aiempiin<\/a>&nbsp;&nbsp;Ilta-Sanomat<\/li>\n<li><a href=\"https:\/\/news.google.com\/rss\/articles\/CBMifEFVX3lxTE9OTjYybjhFLTZGdjlYdHo5UVRaQmtrR1h1eWpvVU5fay1uR19yVlYzM3VOSlN0ZnlUVllWbzVRTTgtS0dWNDZ2dEgwMXgwTVlOY19wUnNwNTBYZE1LVHY0VmVPNWJDckpZenBEeWpTbWJVOVUtMWxfbExoOWc?oc=5\" target=\"_blank\" rel=\"nofollow noopener\">Ven\u00e4j\u00e4n sis\u00e4ll\u00e4 julistetaan \u201dt\u00e4ytt\u00e4 kriisi\u00e4\u201d<\/a>&nbsp;&nbsp;Iltalehti<\/li>\n<li><a href=\"https:\/\/news.google.com\/rss\/articles\/CBMie0FVX3lxTE5RRkJrUlJVVXpXVHFCS1hOclRiOXFsYlgyY0dlOXlMYi14Rkw3eVctRGtLRVdyQWx2NHJDVVd5bWVNY0VUTENja0ZKR0VETmFiNU5aLS03NnF5LW1YMnkwMWNNU3FUeXhKVGd3N0J6b01XTFZRTXRsQmdxVQ?oc=5\" target=\"_blank\" rel=\"nofollow noopener\">Analyysi \/ T\u00e4st\u00e4 on kyse Ven\u00e4j\u00e4n bensakriisiss\u00e4 \u2013 Pahimpaan l\u00e4\u00e4kkeeseen ei viel\u00e4 ole tartuttu<\/a>&nbsp;&nbsp;Uusi Suomi<\/li>\n<li><a href=\"https:\/\/news.google.com\/rss\/articles\/CBMiUkFVX3lxTE1ZNG1tLTdIb1MzRVJQZmdkN1lkWkVFMHdna3NLc0RnZkN0RWQwMk84Wl9TLVQ1bVFZM29jMGdNQVNOdUoySnRlVE4xU0RWeXpBb0E?oc=5\" target=\"_blank\" rel=\"nofollow noopener\">Zelenskyi vaatii eurooppalaisilta turvatakuiden selke\u00e4\u00e4 m\u00e4\u00e4rittely\u00e4<\/a>&nbsp;&nbsp;Yle<\/li>\n<\/ol>\n","protected":false},"excerpt":{"rendered":"Ven\u00e4l\u00e4ismediat my\u00f6nt\u00e4v\u00e4t: Talous on sakkaamassa&nbsp;&nbsp;Verkkouutiset Asiantuntija: Ukrainan iskuissa Ven\u00e4j\u00e4lle silmiinpist\u00e4v\u00e4 ero aiempiin&nbsp;&nbsp;Ilta-Sanomat Ven\u00e4j\u00e4n sis\u00e4ll\u00e4 julistetaan \u201dt\u00e4ytt\u00e4 kriisi\u00e4\u201d&nbsp;&nbsp;Iltalehti Analyysi&hellip;\n","protected":false},"author":2,"featured_media":25052,"comment_status":"","ping_status":"","sticky":false,"template":"","format":"standard","meta":{"footnotes":""},"categories":[14],"tags":[22,23,26,27,33,31,30,17,24,25,28,29,15,18,21,32,19,20,56,16,547,59,60,61],"class_list":{"0":"post-25051","1":"post","2":"type-post","3":"status-publish","4":"format-standard","5":"has-post-thumbnail","7":"category-ulkomaat","8":"tag-breaking-news","9":"tag-breakingnews","10":"tag-featured-news","11":"tag-featurednews","12":"tag-fi","13":"tag-finland","14":"tag-finnish","15":"tag-headlines","16":"tag-latest-news","17":"tag-latestnews","18":"tag-main-news","19":"tag-mainnews","20":"tag-news","21":"tag-otsikot","22":"tag-paauutiset","23":"tag-suomi","24":"tag-top-stories","25":"tag-topstories","26":"tag-ulkomaat","27":"tag-uutiset","28":"tag-venaja","29":"tag-world","30":"tag-world-news","31":"tag-worldnews"},"share_on_mastodon":{"url":"","error":""},"_links":{"self":[{"href":"https:\/\/www.europesays.com\/fi\/wp-json\/wp\/v2\/posts\/25051","targetHints":{"allow":["GET"]}}],"collection":[{"href":"https:\/\/www.europesays.com\/fi\/wp-json\/wp\/v2\/posts"}],"about":[{"href":"https:\/\/www.europesays.com\/fi\/wp-json\/wp\/v2\/types\/post"}],"author":[{"embeddable":true,"href":"https:\/\/www.europesays.com\/fi\/wp-json\/wp\/v2\/users\/2"}],"replies":[{"embeddable":true,"href":"https:\/\/www.europesays.com\/fi\/wp-json\/wp\/v2\/comments?post=25051"}],"version-history":[{"count":0,"href":"https:\/\/www.europesays.com\/fi\/wp-json\/wp\/v2\/posts\/25051\/revisions"}],"wp:featuredmedia":[{"embeddable":true,"href":"https:\/\/www.europesays.com\/fi\/wp-json\/wp\/v2\/media\/25052"}],"wp:attachment":[{"href":"https:\/\/www.europesays.com\/fi\/wp-json\/wp\/v2\/media?parent=25051"}],"wp:term":[{"taxonomy":"category","embeddable":true,"href":"https:\/\/www.europesays.com\/fi\/wp-json\/wp\/v2\/categories?post=25051"},{"taxonomy":"post_tag","embeddable":true,"href":"https:\/\/www.europesays.com\/fi\/wp-json\/wp\/v2\/tags?post=25051"}],"curies":[{"name":"wp","href":"https:\/\/api.w.org\/{rel}","templated":true}]}}