{"id":25053,"date":"2025-09-04T03:46:09","date_gmt":"2025-09-04T03:46:09","guid":{"rendered":"https:\/\/www.europesays.com\/fi\/25053\/"},"modified":"2025-09-04T03:46:09","modified_gmt":"2025-09-04T03:46:09","slug":"milan-jaff-lahtee-suomesta-vapaaehtoisesti","status":"publish","type":"post","link":"https:\/\/www.europesays.com\/fi\/25053\/","title":{"rendered":"Milan Jaff l\u00e4htee Suomesta vapaaehtoisesti"},"content":{"rendered":"<p>Jaff aikoo perua karkottamista koskevan valituksensa.<\/p>\n<p><img decoding=\"async\" class=\"image image-show image-preview\" src=\"https:\/\/www.europesays.com\/fi\/wp-content\/uploads\/2025\/09\/cd681b62484eb1c7d20bce1ecd63d6fbac9996063382ed3dac33ab24e9ef7ba0.jpg\" alt=\"\"\/><img decoding=\"async\" class=\"image image-show\" src=\"https:\/\/www.europesays.com\/fi\/wp-content\/uploads\/2025\/09\/1756876388_312_cd681b62484eb1c7d20bce1ecd63d6fbac9996063382ed3dac33ab24e9ef7ba0.jpg\" alt=\"\"\/><\/p>\n<p>Maahanmuuttoviraston p\u00e4\u00e4t\u00f6ksen perusteena on Jaffin syyllistyminen useisiin vakaviin rikoksiin, muun muassa tapon yritykseen, t\u00f6rke\u00e4\u00e4n ry\u00f6st\u00f6\u00f6n ja raiskaukseen. PASI LIESIMAA<\/p>\n<p class=\"paragraph\"><strong>Milan Jaff<\/strong> on ilmoittanut juristilleen haluavansa perua hallinto-oikeuteen j\u00e4tt\u00e4m\u00e4ns\u00e4 valituksen koskien karkottamistaan. Iltalehden tietojen mukaan Jaff on ollut keskiviikkona yhteydess\u00e4 my\u00f6s poliisiin ja pyyt\u00e4nyt palautusta mahdollisimman pian takaisin kotimaahansa.<\/p>\n<p class=\"paragraph\">Poliisi on Iltalehden tietojen mukaan ohjeistanut Jaffia olemaan yhteydess\u00e4 Irakin suurl\u00e4hetyst\u00f6\u00f6n palautuksen j\u00e4rjest\u00e4miseksi.<\/p>\n<p class=\"paragraph\">Hallinto-oikeuden k\u00e4sittely p\u00e4\u00e4ttyy valituksen peruuntuessa, eik\u00e4 karkotuksen t\u00e4yt\u00e4nt\u00f6\u00f6npanolle ole en\u00e4\u00e4 oikeudellisia esteit\u00e4. Jaffin karkotusp\u00e4\u00e4t\u00f6s perustuu Maahanmuuttoviraston ratkaisuun, jonka perusteena on Jaffin saamat useat rikostuomiot.<\/p>\n<p class=\"paragraph\">Hallinto-oikeuden k\u00e4sittely olisi voinut kest\u00e4\u00e4 kuukausia, mutta p\u00e4\u00e4t\u00f6ksell\u00e4\u00e4n Jaff mahdollisesti nopeuttaa prosessia. Viel\u00e4 ei ole tiedossa, miss\u00e4 vaiheessa ja kenen toimesta Milan Jaffin palauttaminen Irakiin toteutetaan.<\/p>\n","protected":false},"excerpt":{"rendered":"Jaff aikoo perua karkottamista koskevan valituksensa. Maahanmuuttoviraston p\u00e4\u00e4t\u00f6ksen perusteena on Jaffin syyllistyminen useisiin vakaviin rikoksiin, muun muassa tapon&hellip;\n","protected":false},"author":2,"featured_media":24120,"comment_status":"","ping_status":"","sticky":false,"template":"","format":"standard","meta":{"footnotes":""},"categories":[12],"tags":[35,22,23,26,27,33,31,30,17,55,53,24,25,28,29,15,18,21,52,637,38,32,19,20,16],"class_list":{"0":"post-25053","1":"post","2":"type-post","3":"status-publish","4":"format-standard","5":"has-post-thumbnail","7":"category-suomi","8":"tag-24h","9":"tag-breaking-news","10":"tag-breakingnews","11":"tag-featured-news","12":"tag-featurednews","13":"tag-fi","14":"tag-finland","15":"tag-finnish","16":"tag-headlines","17":"tag-lainvalvonta","18":"tag-laki-oikeus-ja-rikos","19":"tag-latest-news","20":"tag-latestnews","21":"tag-main-news","22":"tag-mainnews","23":"tag-news","24":"tag-otsikot","25":"tag-paauutiset","26":"tag-poliisi","27":"tag-politiikka","28":"tag-rikos","29":"tag-suomi","30":"tag-top-stories","31":"tag-topstories","32":"tag-uutiset"},"share_on_mastodon":{"url":"","error":""},"_links":{"self":[{"href":"https:\/\/www.europesays.com\/fi\/wp-json\/wp\/v2\/posts\/25053","targetHints":{"allow":["GET"]}}],"collection":[{"href":"https:\/\/www.europesays.com\/fi\/wp-json\/wp\/v2\/posts"}],"about":[{"href":"https:\/\/www.europesays.com\/fi\/wp-json\/wp\/v2\/types\/post"}],"author":[{"embeddable":true,"href":"https:\/\/www.europesays.com\/fi\/wp-json\/wp\/v2\/users\/2"}],"replies":[{"embeddable":true,"href":"https:\/\/www.europesays.com\/fi\/wp-json\/wp\/v2\/comments?post=25053"}],"version-history":[{"count":0,"href":"https:\/\/www.europesays.com\/fi\/wp-json\/wp\/v2\/posts\/25053\/revisions"}],"wp:featuredmedia":[{"embeddable":true,"href":"https:\/\/www.europesays.com\/fi\/wp-json\/wp\/v2\/media\/24120"}],"wp:attachment":[{"href":"https:\/\/www.europesays.com\/fi\/wp-json\/wp\/v2\/media?parent=25053"}],"wp:term":[{"taxonomy":"category","embeddable":true,"href":"https:\/\/www.europesays.com\/fi\/wp-json\/wp\/v2\/categories?post=25053"},{"taxonomy":"post_tag","embeddable":true,"href":"https:\/\/www.europesays.com\/fi\/wp-json\/wp\/v2\/tags?post=25053"}],"curies":[{"name":"wp","href":"https:\/\/api.w.org\/{rel}","templated":true}]}}