{"id":25054,"date":"2025-09-04T03:47:08","date_gmt":"2025-09-04T03:47:08","guid":{"rendered":"https:\/\/www.europesays.com\/fi\/25054\/"},"modified":"2025-09-04T03:47:08","modified_gmt":"2025-09-04T03:47:08","slug":"ylen-kannatusmittaus-sdpn-kannatus-on-korkeimmillaan-20-vuoteen-politiikka","status":"publish","type":"post","link":"https:\/\/www.europesays.com\/fi\/25054\/","title":{"rendered":"Ylen kannatusmittaus: SDP:n kannatus on korkeimmillaan 20 vuoteen | Politiikka"},"content":{"rendered":"<p class=\"sc-jYczwO sc-dNFkOE frIBdZ edVjwg yle__article__paragraph\">SDP jatkaa suosituimpana puolueena Ylen tuoreessa kannatusmittauksessa. Perussuomalaisten kannatus on hienoisessa nousussa.<\/p>\n<p><img decoding=\"async\" alt=\"SDP on uusimman kannatusmittauksen k\u00e4rjess\u00e4 25,8 prosentilla. Seuraavana tulevat kokoomus 19,2 %, keskusta 14,7 % ja perussuomalaiset 12,8 %.  \" src=\"https:\/\/www.europesays.com\/fi\/wp-content\/uploads\/2025\/09\/39-151668268b818d8177e7.jpeg\" class=\"sc-dntSTA iywpZY\"\/><\/p>\n<p>Avaa kuvien katselu<\/p>\n<p>SDP on uusimman kannatusmittauksen k\u00e4rjess\u00e4 25,8 prosentilla. Seuraavana tulevat kokoomus 19,2 %, keskusta 14,7 % ja perussuomalaiset 12,8 %. Kuva: eduskunta, Petteri Sopanen \/ Yle ja Silja Viitala \/ Yle, grafiikka: Nanna S\u00e4rkk\u00e4 \/ Yle<\/p>\n<p class=\"sc-jYczwO sc-MHKXp frIBdZ kvWBfs yle__accessibilityText\">Osa artikkelin sis\u00e4ll\u00f6st\u00e4 ei ole v\u00e4ltt\u00e4m\u00e4tt\u00e4 saavutettavissa esimerkiksi ruudunlukuohjelmalla.<\/p>\n<p class=\"sc-jYczwO sc-ciCoXh frIBdZ cPdSqu yle__article__paragraph\">Ylen uusimmassa kannatusmittauksessa lukemat ovat pysyneet melko samoina kuin kuukautta aiemmin, mutta jonkin verran heilahtelua l\u00f6ytyy.<\/p>\n<p class=\"sc-jYczwO sc-ciCoXh frIBdZ cPdSqu yle__article__paragraph\">Suurimman oppositiopuolue SDP:n kannatus l\u00e4hentelee jo 26:ta prosenttia. SDP:n kannatus on Ylen mittauksissa ollut yht\u00e4 korkealla viimeksi l\u00e4hes 20 vuotta sitten, vuosien 2005\u20132006 taitteen mittauksissa.<\/p>\n<p class=\"sc-jYczwO sc-ciCoXh frIBdZ cPdSqu yle__article__paragraph\">P\u00e4\u00e4ministeripuolue kokoomuksen kannatus on pysynyt l\u00e4hes muuttumattomana edelliseen kannatusmittaukseen verrattuna.<\/p>\n<p class=\"sc-jYczwO sc-ciCoXh frIBdZ cPdSqu yle__article__paragraph\">Taloustutkimuksen tutkimusjohtaja <strong class=\"sc-eEHciv kkmMDs yle__article__strong\">Tuomo Turjan<\/strong> mukaan SDP saa t\u00e4ll\u00e4 hetkell\u00e4 kannatusta laajasti eri suunnista.<\/p>\n<p class=\"sc-jYczwO sc-ciCoXh frIBdZ cPdSqu yle__article__paragraph\">\u2013 SDP saa uusia \u00e4\u00e4nest\u00e4ji\u00e4 erityisesti vihreiden ja vasemmistoliiton riveist\u00e4, mutta my\u00f6s RKP:st\u00e4 ja perussuomalaisista. Merkitt\u00e4v\u00e4n\u00e4 kasvun l\u00e4hteen\u00e4 kannatuksen taustalla ovat t\u00e4ll\u00e4 kertaa nukkuvat, eli ne, jotka eiv\u00e4t edellisiss\u00e4 vaaleissa osanneet sanoa, mit\u00e4 puoluetta \u00e4\u00e4nestiv\u00e4t, Turja kertoo.<\/p>\n<p class=\"sc-jYczwO sc-ciCoXh frIBdZ cPdSqu yle__article__paragraph\">Demarit ovat suosittuja my\u00f6s nukkuvien parissa. 40 prosenttia niist\u00e4, jotka eiv\u00e4t viime eduskuntavaaleissa \u00e4\u00e4nest\u00e4neet mutta kertoivat nyt kantansa, \u00e4\u00e4nest\u00e4isi SDP:t\u00e4.<\/p>\n<p class=\"sc-jYczwO sc-ciCoXh frIBdZ cPdSqu yle__article__paragraph\">Joukossa voi olla my\u00f6s protesti\u00e4\u00e4ni\u00e4, eli ne eiv\u00e4t toteudu varsinaisissa vaaleissa.<\/p>\n<p>Perussuomalaisilla meni ensin hyvin, sitten k\u00e4vi jotain<\/p>\n<p class=\"sc-jYczwO sc-ciCoXh frIBdZ cPdSqu yle__article__paragraph\">Perussuomalaisten kannatus on jatkanut pient\u00e4 nousuaan kev\u00e4\u00e4n aallonpohjasta. Puolueen suosio on noussut erityisesti ty\u00f6v\u00e4est\u00f6n keskuudessa, mutta se ei yll\u00e4 aiempiin huippulukemiin.<\/p>\n<p class=\"sc-jYczwO sc-ciCoXh frIBdZ cPdSqu yle__article__paragraph\">\u2013 Perussuomalaisten kannatus duunaritaustaisten keskuudessa on nyt noin 20 prosenttia, kun aiemmin se on ollut jopa 30 prosenttia tai enemm\u00e4n. Puolue on menett\u00e4nyt asemiaan ty\u00f6v\u00e4en suosituimpana puolueena SDP:lle, Turja toteaa.<\/p>\n<p class=\"sc-jYczwO sc-ciCoXh frIBdZ cPdSqu yle__article__paragraph\">Kannatuksen nousua selitt\u00e4\u00e4 my\u00f6s siirtym\u00e4t kokoomuksesta, keskustasta sek\u00e4 pienpuolueista.<\/p>\n<p class=\"sc-jYczwO sc-ciCoXh frIBdZ cPdSqu yle__article__paragraph\">Ylen kannatusmittaus tehtiin 11.8.\u20132.9. v\u00e4lisen\u00e4 aikana. Turjan mukaan mittausjakson kaksi ensimm\u00e4ist\u00e4 viikkoa olivat perussuomalaisille suotuisia, mutta viimeisill\u00e4 viikoilla kysely\u00e4 tehdess\u00e4 puolueen kannatus laski hetkellisesti alle 10 prosenttiin.<\/p>\n<p class=\"sc-jYczwO sc-ciCoXh frIBdZ cPdSqu yle__article__paragraph\">Mittauksen kahdella viimeisell\u00e4 viikolla oli perussuomalaisten eduskuntaryhm\u00e4n kokous Oulussa, jossa puheenjohtaja <strong class=\"sc-eEHciv kkmMDs yle__article__strong\">Riikka Purra<\/strong> puhui <a class=\"sc-jDJeIs gotUgl yle__article__link\" href=\"https:\/\/yle.fi\/a\/74-20179373\" role=\"link\" rel=\"nofollow noopener\" target=\"_blank\">v\u00e4est\u00f6nvaihdosta<\/a>, puolueen varapuheenjohtaja <strong class=\"sc-eEHciv kkmMDs yle__article__strong\">Teemu Keskisarjan<\/strong> <a class=\"sc-jDJeIs gotUgl yle__article__link\" href=\"https:\/\/yle.fi\/a\/74-20179747\" role=\"link\" rel=\"nofollow noopener\" target=\"_blank\">esiintyminen A-studiossa<\/a>, Purran vierailu <a class=\"sc-jDJeIs gotUgl yle__article__link\" href=\"https:\/\/yle.fi\/a\/74-20180196\" role=\"link\" rel=\"nofollow noopener\" target=\"_blank\">Ykk\u00f6saamussa <\/a>sek\u00e4 budjettiriihi, jossa keskusteltiin <a class=\"sc-jDJeIs gotUgl yle__article__link\" href=\"https:\/\/yle.fi\/a\/74-20179889\" role=\"link\" rel=\"nofollow noopener\" target=\"_blank\">rasismista <\/a>ja lopulta pohdittiin, <a class=\"sc-jDJeIs gotUgl yle__article__link\" href=\"https:\/\/yle.fi\/a\/74-20180520\" role=\"link\" rel=\"nofollow noopener\" target=\"_blank\">mill\u00e4 tolalla<\/a> hallitus oikein on.<\/p>\n<p class=\"sc-jYczwO sc-ciCoXh frIBdZ cPdSqu yle__article__paragraph\">Suoria yht\u00e4l\u00e4isyysviivoja tapahtumien vaikutukselle kannatukseen on kuitenkin mahdotonta vet\u00e4\u00e4.<\/p>\n<p class=\"sc-jYczwO sc-ciCoXh frIBdZ cPdSqu yle__article__paragraph\">Hallituksen yhteenlaskettu kannatus on nyt 39,4. % Marinin hallituksen kannatus oli t\u00e4ss\u00e4 vaiheessa vaalikautta 55,0 % ja Sipil\u00e4n 38,4 %.<\/p>\n<p>Keskustan kannatus hienoisessa laskussa<\/p>\n<p class=\"sc-jYczwO sc-ciCoXh frIBdZ cPdSqu yle__article__paragraph\">Keskusta s\u00e4ilytt\u00e4\u00e4 edelleen kolmannen sijansa, vaikka kannatus on hieman laskenut elokuun luvuista. Tulos on kuitenkin selv\u00e4sti eduskuntavaalien tulosta parempi.<\/p>\n<p class=\"sc-jYczwO sc-ciCoXh frIBdZ cPdSqu yle__article__paragraph\">\u2013 Selke\u00e4\u00e4 syyt\u00e4 pienelle laskulle ei l\u00f6ydy, mutta jonkin verran \u00e4\u00e4ni\u00e4 on siirtynyt perussuomalaisille, Turja sanoo.<\/p>\n<p class=\"sc-jYczwO sc-ciCoXh frIBdZ cPdSqu yle__article__paragraph\">\u00c4\u00e4nest\u00e4j\u00e4t liikkuvat muissakin oppositiopuolueissa. Turjan mukaan sek\u00e4 vasemmistoliitto ett\u00e4 vihre\u00e4t ovat menett\u00e4neet kannattajiaan SDP:lle.<\/p>\n<p>RKP:n kannattajat eiv\u00e4t ole tyytyv\u00e4isi\u00e4<\/p>\n<p class=\"sc-jYczwO sc-ciCoXh frIBdZ cPdSqu yle__article__paragraph\">Kristillisdemokraattien, RKP:n ja Liike Nytin kannatuksessa ei ole tapahtunut merkitt\u00e4vi\u00e4 muutoksia. RKP:n kannatus on ollut parina viime viikkona hieman heikompaa, mihin saattavat vaikuttaa hallituksen sis\u00e4iset kiistakysymykset.<\/p>\n<p class=\"sc-jYczwO sc-ciCoXh frIBdZ cPdSqu yle__article__paragraph\">\u2013 RKP:n \u00e4\u00e4nest\u00e4j\u00e4t eiv\u00e4t v\u00e4ltt\u00e4m\u00e4tt\u00e4 ole tyytyv\u00e4isi\u00e4 puolueen yhteisty\u00f6h\u00f6n perussuomalaisten kanssa, Turja pohtii.<\/p>\n<p>N\u00e4in kannatusmittaus tehtiin<\/p>\n<p class=\"sc-jYczwO sc-ciCoXh frIBdZ cPdSqu yle__article__paragraph\">Taloustutkimus haastatteli 2 266 ihmist\u00e4. Puoluekantansa kertoi 1 645 henkil\u00f6\u00e4 (72,6 %).<\/p>\n<p class=\"sc-jYczwO sc-ciCoXh frIBdZ cPdSqu yle__article__paragraph\">Haastateltavilta kysyttiin, mink\u00e4 puolueen ehdokasta he \u00e4\u00e4nest\u00e4isiv\u00e4t, jos eduskuntavaalit olisivat nyt.<\/p>\n<p class=\"sc-jYczwO sc-ciCoXh frIBdZ cPdSqu yle__article__paragraph\">Haastattelut tehtiin tietokoneavusteisina puhelinhaastatteluina ja nettipaneelissa 11.8.\u2013 2.9.2025<\/p>\n<p class=\"sc-jYczwO sc-ciCoXh frIBdZ cPdSqu yle__article__paragraph\">Haastattelujen kohderyhm\u00e4n\u00e4 oli Suomen yli 18-vuotias v\u00e4est\u00f6, pois lukien Ahvenanmaa.<\/p>\n<p class=\"sc-jYczwO sc-ciCoXh frIBdZ cPdSqu yle__article__paragraph\">Virhemarginaali on suurimmillaan 2,1 prosenttiyksikk\u00f6\u00e4 suuntaansa.<\/p>\n<p class=\"sc-jYczwO sc-ciCoXh frIBdZ cPdSqu yle__article__paragraph\">Tutkimuksen aineisto l\u00f6ytyy <a class=\"sc-jDJeIs gotUgl yle__article__link\" href=\"https:\/\/docs.google.com\/presentation\/d\/1waNH-_JqDfVAslfU3tzoJiwL4HK33PYT\/edit?usp=sharing&amp;ouid=102104650953463629843&amp;rtpof=true&amp;sd=true\" role=\"link\" rel=\"nofollow noopener\" target=\"_blank\">t\u00e4st\u00e4 linkist\u00e4<\/a>.<\/p>\n","protected":false},"excerpt":{"rendered":"SDP jatkaa suosituimpana puolueena Ylen tuoreessa kannatusmittauksessa. Perussuomalaisten kannatus on hienoisessa nousussa. Avaa kuvien katselu SDP on uusimman&hellip;\n","protected":false},"author":2,"featured_media":25055,"comment_status":"","ping_status":"","sticky":false,"template":"","format":"standard","meta":{"footnotes":""},"categories":[5],"tags":[22,23,26,27,33,31,30,17,24,25,28,29,15,18,21,637,8079,8078,32,19,20,16],"class_list":{"0":"post-25054","1":"post","2":"type-post","3":"status-publish","4":"format-standard","5":"has-post-thumbnail","7":"category-otsikot","8":"tag-breaking-news","9":"tag-breakingnews","10":"tag-featured-news","11":"tag-featurednews","12":"tag-fi","13":"tag-finland","14":"tag-finnish","15":"tag-headlines","16":"tag-latest-news","17":"tag-latestnews","18":"tag-main-news","19":"tag-mainnews","20":"tag-news","21":"tag-otsikot","22":"tag-paauutiset","23":"tag-politiikka","24":"tag-puolueiden-kannatus","25":"tag-puoluekannatus-suomessa","26":"tag-suomi","27":"tag-top-stories","28":"tag-topstories","29":"tag-uutiset"},"share_on_mastodon":{"url":"","error":""},"_links":{"self":[{"href":"https:\/\/www.europesays.com\/fi\/wp-json\/wp\/v2\/posts\/25054","targetHints":{"allow":["GET"]}}],"collection":[{"href":"https:\/\/www.europesays.com\/fi\/wp-json\/wp\/v2\/posts"}],"about":[{"href":"https:\/\/www.europesays.com\/fi\/wp-json\/wp\/v2\/types\/post"}],"author":[{"embeddable":true,"href":"https:\/\/www.europesays.com\/fi\/wp-json\/wp\/v2\/users\/2"}],"replies":[{"embeddable":true,"href":"https:\/\/www.europesays.com\/fi\/wp-json\/wp\/v2\/comments?post=25054"}],"version-history":[{"count":0,"href":"https:\/\/www.europesays.com\/fi\/wp-json\/wp\/v2\/posts\/25054\/revisions"}],"wp:featuredmedia":[{"embeddable":true,"href":"https:\/\/www.europesays.com\/fi\/wp-json\/wp\/v2\/media\/25055"}],"wp:attachment":[{"href":"https:\/\/www.europesays.com\/fi\/wp-json\/wp\/v2\/media?parent=25054"}],"wp:term":[{"taxonomy":"category","embeddable":true,"href":"https:\/\/www.europesays.com\/fi\/wp-json\/wp\/v2\/categories?post=25054"},{"taxonomy":"post_tag","embeddable":true,"href":"https:\/\/www.europesays.com\/fi\/wp-json\/wp\/v2\/tags?post=25054"}],"curies":[{"name":"wp","href":"https:\/\/api.w.org\/{rel}","templated":true}]}}