{"id":25056,"date":"2025-09-04T03:59:11","date_gmt":"2025-09-04T03:59:11","guid":{"rendered":"https:\/\/www.europesays.com\/fi\/25056\/"},"modified":"2025-09-04T03:59:11","modified_gmt":"2025-09-04T03:59:11","slug":"pippa-laukka-avautuu-ttk-harjoituksista-syojatar-tuottaa-vaikeuksia","status":"publish","type":"post","link":"https:\/\/www.europesays.com\/fi\/25056\/","title":{"rendered":"Pippa Laukka avautuu TTK-harjoituksista \u2013 sy\u00f6j\u00e4t\u00e4r tuottaa vaikeuksia"},"content":{"rendered":"<p>Uusimman Tanssii t\u00e4htien kanssa -kauden ensimm\u00e4inen jakso n\u00e4htiin viime sunnuntaina. Yksi t\u00e4m\u00e4n kauden t\u00e4htioppilaista on tv:st\u00e4 tuttu l\u00e4\u00e4k\u00e4ri <strong>Pippa Laukka<\/strong>, jonka tanssiopettajana toimii <strong>Marko Ker\u00e4nen<\/strong>.<\/p>\n<p>Pippa julkaisi sometililleen mietteit\u00e4\u00e4n ohjelmaan osallistumisesta. H\u00e4n kertoo julkaisussaan l\u00e4hinn\u00e4 TTK-harjoituksista.<\/p>\n<p>Lue my\u00f6s: <a href=\"https:\/\/www.como.fi\/uutiset\/pippa-laukalla-yllattava-side-katri-helenaan-lapsuudesta-asti\/\" title=\"Pippa Laukalla yll\u00e4tt\u00e4v\u00e4 side Katri Helenaan \u2013 lapsuudesta asti\" class=\"underline-custom !font-montserrat !font-bold !underline-offset-4 !decoration-4 !decoration-red-600 !text-md\" rel=\"nofollow noopener\" target=\"_blank\">Pippa Laukalla yll\u00e4tt\u00e4v\u00e4 side Katri Helenaan \u2013 lapsuudesta asti<\/a><\/p>\n<p>\u2013 TTK-harjoituksissa on hetki\u00e4, jolloin tuntee itsens\u00e4 todella tyhm\u00e4ksi ja hitaaksi tanssioppilaaksi. Meill\u00e4 on kyll\u00e4 aivan hulvattoman hauskaa, vaikka v\u00e4lill\u00e4 olen varma, ett\u00e4 olen ainoa, joka ei ymm\u00e4rr\u00e4, mik\u00e4 jalka menee minnekin, kertoo Pippa.<\/p>\n<p>Marko tuntuu olevan Pipalle hyv\u00e4 valinta tanssinopettajaksi.<\/p>\n<p>\u2013 Mutta sitten tulee Marko. H\u00e4n muistuttaa, ettei kaikkea tarvitse ottaa niin vakavasti ja ett\u00e4 nauru voi olla ihan yht\u00e4 t\u00e4rke\u00e4 harjoitus kuin askelharjoitus, kirjoittaa Pippa Markosta.<\/p>\n<p>Pippa paljasti jo tulevasta esityksest\u00e4 jotain<\/p>\n<p>Pipan julkaisussa paljastuu my\u00f6s jotain tulevaan esitykseen liittyv\u00e4\u00e4.<\/p>\n<p>\u2013 Ja voin vannoa, ett\u00e4 me ollaan naurettu. T\u00e4ll\u00e4 hetkell\u00e4 varsinkin sille, ett\u00e4 minusta yritet\u00e4\u00e4n kaivaa t\u00e4m\u00e4n viikon aikana sy\u00f6j\u00e4t\u00e4r esiin. Ja siin\u00e4 onkin t\u00f6it\u00e4 kun ujonpuoleinen faktaihminen yritt\u00e4\u00e4 olla intohimoinen viettelij\u00e4t\u00e4r. N\u00e4ette sitten sunnuntaina kuinka k\u00e4y, toteaa Pippa.<\/p>\n<p>Lue my\u00f6s: <a href=\"https:\/\/www.como.fi\/uutiset\/podcast-laakari-pippa-laukka-kertoi-esisyovastaan\/\" title=\"Podcast: L\u00e4\u00e4k\u00e4ri Pippa Laukka kertoi esisy\u00f6v\u00e4st\u00e4\u00e4n\" class=\"underline-custom !font-montserrat !font-bold !underline-offset-4 !decoration-4 !decoration-red-600 !text-md\" rel=\"nofollow noopener\" target=\"_blank\">Podcast: L\u00e4\u00e4k\u00e4ri Pippa Laukka kertoi esisy\u00f6v\u00e4st\u00e4\u00e4n<\/a><\/p>\n<p>Pipalle on tullut paljon kannustavia viestej\u00e4. Moni luottaa siihen, ett\u00e4 tanssi tulee onnistumaan hyvin. \u00a0<\/p>\n<p>Jos upotus ei n\u00e4y, avaa se auki <a href=\"https:\/\/www.instagram.com\/p\/DOEd7x-jH3e\/?utm_source=ig_web_copy_link&amp;igsh=MzRlODBiNWFlZA==\" target=\"_blank\" rel=\"noreferrer noopener nofollow\">t\u00e4st\u00e4<\/a>.<\/p>\n<p>Lue my\u00f6s: <a href=\"https:\/\/www.como.fi\/tilaa-comon-uutiskirje\/\" title=\"Tilaa Comon uutiskirje ja tied\u00e4t mist\u00e4 kahvitauolla puhutaan! Nappaa kotimaan tv-vinkit ja puheenaiheet suoraan s\u00e4hk\u00f6postiin t\u00e4st\u00e4.\" class=\"underline-custom !font-montserrat !font-bold !underline-offset-4 !decoration-4 !decoration-red-600 !text-md\" rel=\"nofollow noopener\" target=\"_blank\">Tilaa Comon uutiskirje ja tied\u00e4t mist\u00e4 kahvitauolla puhutaan! Nappaa kotimaan tv-vinkit ja puheenaiheet suoraan s\u00e4hk\u00f6postiin t\u00e4st\u00e4.<\/a><\/p>\n<p>\t\t\t\t<script async src=\"\/\/www.instagram.com\/embed.js\"><\/script><\/p>\n","protected":false},"excerpt":{"rendered":"Uusimman Tanssii t\u00e4htien kanssa -kauden ensimm\u00e4inen jakso n\u00e4htiin viime sunnuntaina. Yksi t\u00e4m\u00e4n kauden t\u00e4htioppilaista on tv:st\u00e4 tuttu l\u00e4\u00e4k\u00e4ri&hellip;\n","protected":false},"author":2,"featured_media":25057,"comment_status":"","ping_status":"","sticky":false,"template":"","format":"standard","meta":{"footnotes":""},"categories":[136],"tags":[407,137,33,31,30,408,3446,32,109],"class_list":{"0":"post-25056","1":"post","2":"type-post","3":"status-publish","4":"format-standard","5":"has-post-thumbnail","7":"category-julkkikset","8":"tag-celebrities","9":"tag-entertainment","10":"tag-fi","11":"tag-finland","12":"tag-finnish","13":"tag-julkkikset","14":"tag-pippa-laukka","15":"tag-suomi","16":"tag-viihde"},"share_on_mastodon":{"url":"","error":""},"_links":{"self":[{"href":"https:\/\/www.europesays.com\/fi\/wp-json\/wp\/v2\/posts\/25056","targetHints":{"allow":["GET"]}}],"collection":[{"href":"https:\/\/www.europesays.com\/fi\/wp-json\/wp\/v2\/posts"}],"about":[{"href":"https:\/\/www.europesays.com\/fi\/wp-json\/wp\/v2\/types\/post"}],"author":[{"embeddable":true,"href":"https:\/\/www.europesays.com\/fi\/wp-json\/wp\/v2\/users\/2"}],"replies":[{"embeddable":true,"href":"https:\/\/www.europesays.com\/fi\/wp-json\/wp\/v2\/comments?post=25056"}],"version-history":[{"count":0,"href":"https:\/\/www.europesays.com\/fi\/wp-json\/wp\/v2\/posts\/25056\/revisions"}],"wp:featuredmedia":[{"embeddable":true,"href":"https:\/\/www.europesays.com\/fi\/wp-json\/wp\/v2\/media\/25057"}],"wp:attachment":[{"href":"https:\/\/www.europesays.com\/fi\/wp-json\/wp\/v2\/media?parent=25056"}],"wp:term":[{"taxonomy":"category","embeddable":true,"href":"https:\/\/www.europesays.com\/fi\/wp-json\/wp\/v2\/categories?post=25056"},{"taxonomy":"post_tag","embeddable":true,"href":"https:\/\/www.europesays.com\/fi\/wp-json\/wp\/v2\/tags?post=25056"}],"curies":[{"name":"wp","href":"https:\/\/api.w.org\/{rel}","templated":true}]}}